{"id":229074,"date":"2023-12-14T15:09:23","date_gmt":"2023-12-14T14:09:23","guid":{"rendered":"https:\/\/e-cristians.cat\/?p=229074"},"modified":"2023-12-14T16:56:37","modified_gmt":"2023-12-14T15:56:37","slug":"conferencia-telematica-las-politicas-de-la-onu-sobre-familia-y-vida-hoy","status":"publish","type":"post","link":"https:\/\/e-cristians.cat\/es\/conferencia-telematica-las-politicas-de-la-onu-sobre-familia-y-vida-hoy\/","title":{"rendered":"Conferencia telem\u00e1tica: Las pol\u00edticas de la ONU sobre familia y vida, hoy"},"content":{"rendered":"<p>Una preocupaci\u00f3n entre las personas que trabajamos en el campo de la familia y de la vida son las pol\u00edticas que se hacen en relaci\u00f3n a ellas desde las altas instancias\u00a0mundiales, entre ellas la ONU.<\/p>\n<p>Para tratar de ello, y teniendo en cuenta que\u00a0hace pocos d\u00edas se cumpli\u00f3 el 75 aniversario de la Declaraci\u00f3n Universal de los Derechos\u00a0Humanos, pronunciar\u00e1 una conferencia uno de los mayores expertos de Espa\u00f1a en estos temas, <strong>Benigno Blanco<\/strong>. Es una de las personas que m\u00e1s has trabajado y trabaja en pro de la familia y ser\u00e1 persentado por <strong>Daniel Arasa<\/strong>, presidente de la Plataforma per la Fam\u00edlia Catalunya-ONU<\/p>\n<p>Ser\u00e1 telem\u00e1tica, por lo cual puedes seguirla desde tu casa u oficina en <strong>streaming<\/strong>. Ser\u00e1 el <strong>martes\u00a0d\u00eda 19 a las 19:00 horas<\/strong>.<\/p>\n<p>El enlace es el siguiente:\u00a0<a href=\"https:\/\/www.youtube.com\/watch?v=vydUql6LRu0\">https:\/\/www.youtube.com\/watch?v=vydUql6LRu0<\/a><\/p>\n","protected":false},"excerpt":{"rendered":"<p>Una preocupaci\u00f3n entre las personas que trabajamos en el campo de la familia y de la vida son las pol\u00edticas que se hacen en relaci\u00f3n a ellas desde las altas instancias\u00a0mundiales, entre ellas la ONU. Para tratar de ello, y teniendo en cuenta que\u00a0hace pocos d\u00edas se cumpli\u00f3 el 75 aniversario de la Declaraci\u00f3n Universal&#8230;<\/p>\n","protected":false},"author":2,"featured_media":229076,"comment_status":"closed","ping_status":"closed","sticky":false,"template":"","format":"standard","meta":{"_jetpack_memberships_contains_paid_content":false,"footnotes":""},"categories":[33,39],"tags":[],"class_list":["post-229074","post","type-post","status-publish","format-standard","has-post-thumbnail","hentry","category-altres-entitats-informacions-agenda-i-documents-es","category-portada_news-es"],"yoast_head":"<!-- This site is optimized with the Yoast SEO plugin v20.0 - https:\/\/yoast.com\/wordpress\/plugins\/seo\/ -->\n<title>Conferencia telem\u00e1tica: Las pol\u00edticas de la ONU sobre familia y vida, hoy - e-Cristians<\/title>\n<meta name=\"robots\" content=\"noindex, nofollow\" \/>\n<meta property=\"og:locale\" content=\"es_ES\" \/>\n<meta property=\"og:type\" content=\"article\" \/>\n<meta property=\"og:title\" content=\"Conferencia telem\u00e1tica: Las pol\u00edticas de la ONU sobre familia y vida, hoy - e-Cristians\" \/>\n<meta property=\"og:description\" content=\"Una preocupaci\u00f3n entre las personas que trabajamos en el campo de la familia y de la vida son las pol\u00edticas que se hacen en relaci\u00f3n a ellas desde las altas instancias\u00a0mundiales, entre ellas la ONU. Para tratar de ello, y teniendo en cuenta que\u00a0hace pocos d\u00edas se cumpli\u00f3 el 75 aniversario de la Declaraci\u00f3n Universal...\" \/>\n<meta property=\"og:url\" content=\"https:\/\/e-cristians.cat\/es\/conferencia-telematica-las-politicas-de-la-onu-sobre-familia-y-vida-hoy\/\" \/>\n<meta property=\"og:site_name\" content=\"e-Cristians\" \/>\n<meta property=\"article:published_time\" content=\"2023-12-14T14:09:23+00:00\" \/>\n<meta property=\"article:modified_time\" content=\"2023-12-14T15:56:37+00:00\" \/>\n<meta property=\"og:image\" content=\"https:\/\/e-cristians.cat\/wp-content\/uploads\/2023\/12\/Benigno-Blanco-Politica-de-Familias-de-la-ONU.png\" \/>\n\t<meta property=\"og:image:width\" content=\"1280\" \/>\n\t<meta property=\"og:image:height\" content=\"720\" \/>\n\t<meta property=\"og:image:type\" content=\"image\/png\" \/>\n<meta name=\"author\" content=\"e-Cristians\" \/>\n<meta name=\"twitter:card\" content=\"summary_large_image\" \/>\n<meta name=\"twitter:label1\" content=\"Escrito por\" \/>\n\t<meta name=\"twitter:data1\" content=\"e-Cristians\" \/>\n\t<meta name=\"twitter:label2\" content=\"Tiempo de lectura\" \/>\n\t<meta name=\"twitter:data2\" content=\"1 minuto\" \/>\n<script type=\"application\/ld+json\" class=\"yoast-schema-graph\">{\"@context\":\"https:\/\/schema.org\",\"@graph\":[{\"@type\":\"WebPage\",\"@id\":\"https:\/\/e-cristians.cat\/es\/conferencia-telematica-las-politicas-de-la-onu-sobre-familia-y-vida-hoy\/\",\"url\":\"https:\/\/e-cristians.cat\/es\/conferencia-telematica-las-politicas-de-la-onu-sobre-familia-y-vida-hoy\/\",\"name\":\"Conferencia telem\u00e1tica: Las pol\u00edticas de la ONU sobre familia y vida, hoy - e-Cristians\",\"isPartOf\":{\"@id\":\"https:\/\/e-cristians.cat\/#website\"},\"datePublished\":\"2023-12-14T14:09:23+00:00\",\"dateModified\":\"2023-12-14T15:56:37+00:00\",\"author\":{\"@id\":\"https:\/\/e-cristians.cat\/#\/schema\/person\/f0ec475338e49aaef9c9dc9d9f162861\"},\"breadcrumb\":{\"@id\":\"https:\/\/e-cristians.cat\/es\/conferencia-telematica-las-politicas-de-la-onu-sobre-familia-y-vida-hoy\/#breadcrumb\"},\"inLanguage\":\"es\",\"potentialAction\":[{\"@type\":\"ReadAction\",\"target\":[\"https:\/\/e-cristians.cat\/es\/conferencia-telematica-las-politicas-de-la-onu-sobre-familia-y-vida-hoy\/\"]}]},{\"@type\":\"BreadcrumbList\",\"@id\":\"https:\/\/e-cristians.cat\/es\/conferencia-telematica-las-politicas-de-la-onu-sobre-familia-y-vida-hoy\/#breadcrumb\",\"itemListElement\":[{\"@type\":\"ListItem\",\"position\":1,\"name\":\"Inici\",\"item\":\"https:\/\/e-cristians.cat\/es\/\"},{\"@type\":\"ListItem\",\"position\":2,\"name\":\"Conferencia telem\u00e1tica: Las pol\u00edticas de la ONU sobre familia y vida, hoy\"}]},{\"@type\":\"WebSite\",\"@id\":\"https:\/\/e-cristians.cat\/#website\",\"url\":\"https:\/\/e-cristians.cat\/\",\"name\":\"e-Cristians\",\"description\":\"\",\"potentialAction\":[{\"@type\":\"SearchAction\",\"target\":{\"@type\":\"EntryPoint\",\"urlTemplate\":\"https:\/\/e-cristians.cat\/?s={search_term_string}\"},\"query-input\":\"required name=search_term_string\"}],\"inLanguage\":\"es\"},{\"@type\":\"Person\",\"@id\":\"https:\/\/e-cristians.cat\/#\/schema\/person\/f0ec475338e49aaef9c9dc9d9f162861\",\"name\":\"e-Cristians\",\"image\":{\"@type\":\"ImageObject\",\"inLanguage\":\"es\",\"@id\":\"https:\/\/e-cristians.cat\/#\/schema\/person\/image\/\",\"url\":\"https:\/\/secure.gravatar.com\/avatar\/14bc9e5b0ca69070f1075ad3efcb33c4?s=96&d=mm&r=g\",\"contentUrl\":\"https:\/\/secure.gravatar.com\/avatar\/14bc9e5b0ca69070f1075ad3efcb33c4?s=96&d=mm&r=g\",\"caption\":\"e-Cristians\"}}]}<\/script>\n<!-- \/ Yoast SEO plugin. -->","yoast_head_json":{"title":"Conferencia telem\u00e1tica: Las pol\u00edticas de la ONU sobre familia y vida, hoy - e-Cristians","robots":{"index":"noindex","follow":"nofollow"},"og_locale":"es_ES","og_type":"article","og_title":"Conferencia telem\u00e1tica: Las pol\u00edticas de la ONU sobre familia y vida, hoy - e-Cristians","og_description":"Una preocupaci\u00f3n entre las personas que trabajamos en el campo de la familia y de la vida son las pol\u00edticas que se hacen en relaci\u00f3n a ellas desde las altas instancias\u00a0mundiales, entre ellas la ONU. Para tratar de ello, y teniendo en cuenta que\u00a0hace pocos d\u00edas se cumpli\u00f3 el 75 aniversario de la Declaraci\u00f3n Universal...","og_url":"https:\/\/e-cristians.cat\/es\/conferencia-telematica-las-politicas-de-la-onu-sobre-familia-y-vida-hoy\/","og_site_name":"e-Cristians","article_published_time":"2023-12-14T14:09:23+00:00","article_modified_time":"2023-12-14T15:56:37+00:00","og_image":[{"width":1280,"height":720,"url":"https:\/\/e-cristians.cat\/wp-content\/uploads\/2023\/12\/Benigno-Blanco-Politica-de-Familias-de-la-ONU.png","type":"image\/png"}],"author":"e-Cristians","twitter_card":"summary_large_image","twitter_misc":{"Escrito por":"e-Cristians","Tiempo de lectura":"1 minuto"},"schema":{"@context":"https:\/\/schema.org","@graph":[{"@type":"WebPage","@id":"https:\/\/e-cristians.cat\/es\/conferencia-telematica-las-politicas-de-la-onu-sobre-familia-y-vida-hoy\/","url":"https:\/\/e-cristians.cat\/es\/conferencia-telematica-las-politicas-de-la-onu-sobre-familia-y-vida-hoy\/","name":"Conferencia telem\u00e1tica: Las pol\u00edticas de la ONU sobre familia y vida, hoy - e-Cristians","isPartOf":{"@id":"https:\/\/e-cristians.cat\/#website"},"datePublished":"2023-12-14T14:09:23+00:00","dateModified":"2023-12-14T15:56:37+00:00","author":{"@id":"https:\/\/e-cristians.cat\/#\/schema\/person\/f0ec475338e49aaef9c9dc9d9f162861"},"breadcrumb":{"@id":"https:\/\/e-cristians.cat\/es\/conferencia-telematica-las-politicas-de-la-onu-sobre-familia-y-vida-hoy\/#breadcrumb"},"inLanguage":"es","potentialAction":[{"@type":"ReadAction","target":["https:\/\/e-cristians.cat\/es\/conferencia-telematica-las-politicas-de-la-onu-sobre-familia-y-vida-hoy\/"]}]},{"@type":"BreadcrumbList","@id":"https:\/\/e-cristians.cat\/es\/conferencia-telematica-las-politicas-de-la-onu-sobre-familia-y-vida-hoy\/#breadcrumb","itemListElement":[{"@type":"ListItem","position":1,"name":"Inici","item":"https:\/\/e-cristians.cat\/es\/"},{"@type":"ListItem","position":2,"name":"Conferencia telem\u00e1tica: Las pol\u00edticas de la ONU sobre familia y vida, hoy"}]},{"@type":"WebSite","@id":"https:\/\/e-cristians.cat\/#website","url":"https:\/\/e-cristians.cat\/","name":"e-Cristians","description":"","potentialAction":[{"@type":"SearchAction","target":{"@type":"EntryPoint","urlTemplate":"https:\/\/e-cristians.cat\/?s={search_term_string}"},"query-input":"required name=search_term_string"}],"inLanguage":"es"},{"@type":"Person","@id":"https:\/\/e-cristians.cat\/#\/schema\/person\/f0ec475338e49aaef9c9dc9d9f162861","name":"e-Cristians","image":{"@type":"ImageObject","inLanguage":"es","@id":"https:\/\/e-cristians.cat\/#\/schema\/person\/image\/","url":"https:\/\/secure.gravatar.com\/avatar\/14bc9e5b0ca69070f1075ad3efcb33c4?s=96&d=mm&r=g","contentUrl":"https:\/\/secure.gravatar.com\/avatar\/14bc9e5b0ca69070f1075ad3efcb33c4?s=96&d=mm&r=g","caption":"e-Cristians"}}]}},"jetpack_sharing_enabled":true,"jetpack_featured_media_url":"https:\/\/e-cristians.cat\/wp-content\/uploads\/2023\/12\/Benigno-Blanco-Politica-de-Familias-de-la-ONU.png","_links":{"self":[{"href":"https:\/\/e-cristians.cat\/es\/wp-json\/wp\/v2\/posts\/229074"}],"collection":[{"href":"https:\/\/e-cristians.cat\/es\/wp-json\/wp\/v2\/posts"}],"about":[{"href":"https:\/\/e-cristians.cat\/es\/wp-json\/wp\/v2\/types\/post"}],"author":[{"embeddable":true,"href":"https:\/\/e-cristians.cat\/es\/wp-json\/wp\/v2\/users\/2"}],"replies":[{"embeddable":true,"href":"https:\/\/e-cristians.cat\/es\/wp-json\/wp\/v2\/comments?post=229074"}],"version-history":[{"count":1,"href":"https:\/\/e-cristians.cat\/es\/wp-json\/wp\/v2\/posts\/229074\/revisions"}],"predecessor-version":[{"id":229078,"href":"https:\/\/e-cristians.cat\/es\/wp-json\/wp\/v2\/posts\/229074\/revisions\/229078"}],"wp:featuredmedia":[{"embeddable":true,"href":"https:\/\/e-cristians.cat\/es\/wp-json\/wp\/v2\/media\/229076"}],"wp:attachment":[{"href":"https:\/\/e-cristians.cat\/es\/wp-json\/wp\/v2\/media?parent=229074"}],"wp:term":[{"taxonomy":"category","embeddable":true,"href":"https:\/\/e-cristians.cat\/es\/wp-json\/wp\/v2\/categories?post=229074"},{"taxonomy":"post_tag","embeddable":true,"href":"https:\/\/e-cristians.cat\/es\/wp-json\/wp\/v2\/tags?post=229074"}],"curies":[{"name":"wp","href":"https:\/\/api.w.org\/{rel}","templated":true}]}}