{"id":2308,"date":"2020-12-17T17:03:37","date_gmt":"2020-12-17T16:03:37","guid":{"rendered":"https:\/\/e-cristians.cat\/?p=2308"},"modified":"2020-12-17T17:07:48","modified_gmt":"2020-12-17T16:07:48","slug":"la-peligrosa-ley-de-la-eutanasia","status":"publish","type":"post","link":"https:\/\/e-cristians.cat\/es\/la-peligrosa-ley-de-la-eutanasia\/","title":{"rendered":"La peligrosa ley de la eutanasia"},"content":{"rendered":"<p><em>ForumLibertas.com<\/em><\/p>\n<p>Este jueves y en el pleno del Congreso, convocado deprisa y corriendo, y con un ins\u00f3lito punto del d\u00eda, el Congreso\u00a0<strong>aprobar\u00e1 la ley de la eutanasia<\/strong>. Pero faltar\u00e1n m\u00e1s tr\u00e1mites para que se convierta en ley. Primero vendr\u00e1 su paso por el Senado, que ser\u00e1 en febrero, dado que enero no hay actividad en las c\u00e1maras, y a\u00fan deber\u00e1 volver al Congreso para su ratificaci\u00f3n definitiva. Despu\u00e9s entrar\u00e1 en vigor, al cabo de tres meses, hacia finales de junio o inicios de julio, aunque este calendario puede verse modificado si siguen acortando pautas parlamentarias. <a href=\"https:\/\/www.forumlibertas.com\/la-peligrosa-ley-de-la-eutanasia\/\" target=\"_blank\" rel=\"noopener noreferrer\">Leer m\u00e1s.<\/a><\/p>\n","protected":false},"excerpt":{"rendered":"<p>ForumLibertas.com Este jueves y en el pleno del Congreso, convocado deprisa y corriendo, y con un ins\u00f3lito punto del d\u00eda, el Congreso\u00a0aprobar\u00e1 la ley de la eutanasia. Pero faltar\u00e1n m\u00e1s tr\u00e1mites para que se convierta en ley. Primero vendr\u00e1 su paso por el Senado, que ser\u00e1 en febrero, dado que enero no hay actividad en&#8230;<\/p>\n","protected":false},"author":2,"featured_media":2309,"comment_status":"closed","ping_status":"closed","sticky":false,"template":"","format":"standard","meta":{"_jetpack_memberships_contains_paid_content":false,"footnotes":""},"categories":[34],"tags":[],"class_list":["post-2308","post","type-post","status-publish","format-standard","has-post-thumbnail","hentry","category-editorials-i-blogs-de-forumlibertas-es"],"yoast_head":"<!-- This site is optimized with the Yoast SEO plugin v20.0 - https:\/\/yoast.com\/wordpress\/plugins\/seo\/ -->\n<title>La peligrosa ley de la eutanasia - e-Cristians<\/title>\n<meta name=\"robots\" content=\"noindex, nofollow\" \/>\n<meta property=\"og:locale\" content=\"es_ES\" \/>\n<meta property=\"og:type\" content=\"article\" \/>\n<meta property=\"og:title\" content=\"La peligrosa ley de la eutanasia - e-Cristians\" \/>\n<meta property=\"og:description\" content=\"ForumLibertas.com Este jueves y en el pleno del Congreso, convocado deprisa y corriendo, y con un ins\u00f3lito punto del d\u00eda, el Congreso\u00a0aprobar\u00e1 la ley de la eutanasia. Pero faltar\u00e1n m\u00e1s tr\u00e1mites para que se convierta en ley. Primero vendr\u00e1 su paso por el Senado, que ser\u00e1 en febrero, dado que enero no hay actividad en...\" \/>\n<meta property=\"og:url\" content=\"https:\/\/e-cristians.cat\/es\/la-peligrosa-ley-de-la-eutanasia\/\" \/>\n<meta property=\"og:site_name\" content=\"e-Cristians\" \/>\n<meta property=\"article:published_time\" content=\"2020-12-17T16:03:37+00:00\" \/>\n<meta property=\"article:modified_time\" content=\"2020-12-17T16:07:48+00:00\" \/>\n<meta property=\"og:image\" content=\"https:\/\/e-cristians.cat\/wp-content\/uploads\/2020\/12\/eutanasia-4-600x337-1.jpg\" \/>\n\t<meta property=\"og:image:width\" content=\"600\" \/>\n\t<meta property=\"og:image:height\" content=\"337\" \/>\n\t<meta property=\"og:image:type\" content=\"image\/jpeg\" \/>\n<meta name=\"author\" content=\"e-Cristians\" \/>\n<meta name=\"twitter:card\" content=\"summary_large_image\" \/>\n<meta name=\"twitter:label1\" content=\"Escrito por\" \/>\n\t<meta name=\"twitter:data1\" content=\"e-Cristians\" \/>\n\t<meta name=\"twitter:label2\" content=\"Tiempo de lectura\" \/>\n\t<meta name=\"twitter:data2\" content=\"1 minuto\" \/>\n<script type=\"application\/ld+json\" class=\"yoast-schema-graph\">{\"@context\":\"https:\/\/schema.org\",\"@graph\":[{\"@type\":\"WebPage\",\"@id\":\"https:\/\/e-cristians.cat\/es\/la-peligrosa-ley-de-la-eutanasia\/\",\"url\":\"https:\/\/e-cristians.cat\/es\/la-peligrosa-ley-de-la-eutanasia\/\",\"name\":\"La peligrosa ley de la eutanasia - e-Cristians\",\"isPartOf\":{\"@id\":\"https:\/\/e-cristians.cat\/#website\"},\"datePublished\":\"2020-12-17T16:03:37+00:00\",\"dateModified\":\"2020-12-17T16:07:48+00:00\",\"author\":{\"@id\":\"https:\/\/e-cristians.cat\/#\/schema\/person\/f0ec475338e49aaef9c9dc9d9f162861\"},\"breadcrumb\":{\"@id\":\"https:\/\/e-cristians.cat\/es\/la-peligrosa-ley-de-la-eutanasia\/#breadcrumb\"},\"inLanguage\":\"es\",\"potentialAction\":[{\"@type\":\"ReadAction\",\"target\":[\"https:\/\/e-cristians.cat\/es\/la-peligrosa-ley-de-la-eutanasia\/\"]}]},{\"@type\":\"BreadcrumbList\",\"@id\":\"https:\/\/e-cristians.cat\/es\/la-peligrosa-ley-de-la-eutanasia\/#breadcrumb\",\"itemListElement\":[{\"@type\":\"ListItem\",\"position\":1,\"name\":\"Inici\",\"item\":\"https:\/\/e-cristians.cat\/es\/\"},{\"@type\":\"ListItem\",\"position\":2,\"name\":\"La peligrosa ley de la eutanasia\"}]},{\"@type\":\"WebSite\",\"@id\":\"https:\/\/e-cristians.cat\/#website\",\"url\":\"https:\/\/e-cristians.cat\/\",\"name\":\"e-Cristians\",\"description\":\"\",\"potentialAction\":[{\"@type\":\"SearchAction\",\"target\":{\"@type\":\"EntryPoint\",\"urlTemplate\":\"https:\/\/e-cristians.cat\/?s={search_term_string}\"},\"query-input\":\"required name=search_term_string\"}],\"inLanguage\":\"es\"},{\"@type\":\"Person\",\"@id\":\"https:\/\/e-cristians.cat\/#\/schema\/person\/f0ec475338e49aaef9c9dc9d9f162861\",\"name\":\"e-Cristians\",\"image\":{\"@type\":\"ImageObject\",\"inLanguage\":\"es\",\"@id\":\"https:\/\/e-cristians.cat\/#\/schema\/person\/image\/\",\"url\":\"https:\/\/secure.gravatar.com\/avatar\/14bc9e5b0ca69070f1075ad3efcb33c4?s=96&d=mm&r=g\",\"contentUrl\":\"https:\/\/secure.gravatar.com\/avatar\/14bc9e5b0ca69070f1075ad3efcb33c4?s=96&d=mm&r=g\",\"caption\":\"e-Cristians\"}}]}<\/script>\n<!-- \/ Yoast SEO plugin. -->","yoast_head_json":{"title":"La peligrosa ley de la eutanasia - e-Cristians","robots":{"index":"noindex","follow":"nofollow"},"og_locale":"es_ES","og_type":"article","og_title":"La peligrosa ley de la eutanasia - e-Cristians","og_description":"ForumLibertas.com Este jueves y en el pleno del Congreso, convocado deprisa y corriendo, y con un ins\u00f3lito punto del d\u00eda, el Congreso\u00a0aprobar\u00e1 la ley de la eutanasia. Pero faltar\u00e1n m\u00e1s tr\u00e1mites para que se convierta en ley. Primero vendr\u00e1 su paso por el Senado, que ser\u00e1 en febrero, dado que enero no hay actividad en...","og_url":"https:\/\/e-cristians.cat\/es\/la-peligrosa-ley-de-la-eutanasia\/","og_site_name":"e-Cristians","article_published_time":"2020-12-17T16:03:37+00:00","article_modified_time":"2020-12-17T16:07:48+00:00","og_image":[{"width":600,"height":337,"url":"https:\/\/e-cristians.cat\/wp-content\/uploads\/2020\/12\/eutanasia-4-600x337-1.jpg","type":"image\/jpeg"}],"author":"e-Cristians","twitter_card":"summary_large_image","twitter_misc":{"Escrito por":"e-Cristians","Tiempo de lectura":"1 minuto"},"schema":{"@context":"https:\/\/schema.org","@graph":[{"@type":"WebPage","@id":"https:\/\/e-cristians.cat\/es\/la-peligrosa-ley-de-la-eutanasia\/","url":"https:\/\/e-cristians.cat\/es\/la-peligrosa-ley-de-la-eutanasia\/","name":"La peligrosa ley de la eutanasia - e-Cristians","isPartOf":{"@id":"https:\/\/e-cristians.cat\/#website"},"datePublished":"2020-12-17T16:03:37+00:00","dateModified":"2020-12-17T16:07:48+00:00","author":{"@id":"https:\/\/e-cristians.cat\/#\/schema\/person\/f0ec475338e49aaef9c9dc9d9f162861"},"breadcrumb":{"@id":"https:\/\/e-cristians.cat\/es\/la-peligrosa-ley-de-la-eutanasia\/#breadcrumb"},"inLanguage":"es","potentialAction":[{"@type":"ReadAction","target":["https:\/\/e-cristians.cat\/es\/la-peligrosa-ley-de-la-eutanasia\/"]}]},{"@type":"BreadcrumbList","@id":"https:\/\/e-cristians.cat\/es\/la-peligrosa-ley-de-la-eutanasia\/#breadcrumb","itemListElement":[{"@type":"ListItem","position":1,"name":"Inici","item":"https:\/\/e-cristians.cat\/es\/"},{"@type":"ListItem","position":2,"name":"La peligrosa ley de la eutanasia"}]},{"@type":"WebSite","@id":"https:\/\/e-cristians.cat\/#website","url":"https:\/\/e-cristians.cat\/","name":"e-Cristians","description":"","potentialAction":[{"@type":"SearchAction","target":{"@type":"EntryPoint","urlTemplate":"https:\/\/e-cristians.cat\/?s={search_term_string}"},"query-input":"required name=search_term_string"}],"inLanguage":"es"},{"@type":"Person","@id":"https:\/\/e-cristians.cat\/#\/schema\/person\/f0ec475338e49aaef9c9dc9d9f162861","name":"e-Cristians","image":{"@type":"ImageObject","inLanguage":"es","@id":"https:\/\/e-cristians.cat\/#\/schema\/person\/image\/","url":"https:\/\/secure.gravatar.com\/avatar\/14bc9e5b0ca69070f1075ad3efcb33c4?s=96&d=mm&r=g","contentUrl":"https:\/\/secure.gravatar.com\/avatar\/14bc9e5b0ca69070f1075ad3efcb33c4?s=96&d=mm&r=g","caption":"e-Cristians"}}]}},"jetpack_sharing_enabled":true,"jetpack_featured_media_url":"https:\/\/e-cristians.cat\/wp-content\/uploads\/2020\/12\/eutanasia-4-600x337-1.jpg","_links":{"self":[{"href":"https:\/\/e-cristians.cat\/es\/wp-json\/wp\/v2\/posts\/2308"}],"collection":[{"href":"https:\/\/e-cristians.cat\/es\/wp-json\/wp\/v2\/posts"}],"about":[{"href":"https:\/\/e-cristians.cat\/es\/wp-json\/wp\/v2\/types\/post"}],"author":[{"embeddable":true,"href":"https:\/\/e-cristians.cat\/es\/wp-json\/wp\/v2\/users\/2"}],"replies":[{"embeddable":true,"href":"https:\/\/e-cristians.cat\/es\/wp-json\/wp\/v2\/comments?post=2308"}],"version-history":[{"count":2,"href":"https:\/\/e-cristians.cat\/es\/wp-json\/wp\/v2\/posts\/2308\/revisions"}],"predecessor-version":[{"id":2314,"href":"https:\/\/e-cristians.cat\/es\/wp-json\/wp\/v2\/posts\/2308\/revisions\/2314"}],"wp:featuredmedia":[{"embeddable":true,"href":"https:\/\/e-cristians.cat\/es\/wp-json\/wp\/v2\/media\/2309"}],"wp:attachment":[{"href":"https:\/\/e-cristians.cat\/es\/wp-json\/wp\/v2\/media?parent=2308"}],"wp:term":[{"taxonomy":"category","embeddable":true,"href":"https:\/\/e-cristians.cat\/es\/wp-json\/wp\/v2\/categories?post=2308"},{"taxonomy":"post_tag","embeddable":true,"href":"https:\/\/e-cristians.cat\/es\/wp-json\/wp\/v2\/tags?post=2308"}],"curies":[{"name":"wp","href":"https:\/\/api.w.org\/{rel}","templated":true}]}}