{"id":23993,"date":"2021-10-18T13:51:13","date_gmt":"2021-10-18T11:51:13","guid":{"rendered":"https:\/\/e-cristians.cat\/?p=23993"},"modified":"2021-10-18T13:51:13","modified_gmt":"2021-10-18T11:51:13","slug":"escribe-al-presidente-del-gobierno-para-que-modifique-radicalmente-el-proyecto-de-ley-organica-que-quiere-ampliar-el-aborto","status":"publish","type":"post","link":"https:\/\/e-cristians.cat\/es\/escribe-al-presidente-del-gobierno-para-que-modifique-radicalmente-el-proyecto-de-ley-organica-que-quiere-ampliar-el-aborto\/","title":{"rendered":"Escribe al presidente del gobierno para que modifique radicalmente el proyecto de ley org\u00e1nica que quiere ampliar el aborto"},"content":{"rendered":"<p>El proyecto de ley org\u00e1nica 2\/2010 de 3 de marzo, De salud sexual y reproductiva y de la interrupci\u00f3n voluntaria del embarazo, que persigue ampliar todav\u00eda m\u00e1s la legislaci\u00f3n sobre el aborto en Espa\u00f1a, es inacceptable.<\/p>\n<p>Te invitamos a que <strong>escribas al presidente del gobierno espa\u00f1ol, Pedro S\u00e1nchez <\/strong>(a trav\u00e9s del formulario de este link: <a href=\"https:\/\/escribealpresidente.presidencia.gob.es\/formulario\" target=\"_blank\" rel=\"noopener\">https:\/\/escribealpresidente.presidencia.gob.es\/formulario<\/a>), pidi\u00e9ndole que modifique este proyecto de ley que quiere ampliar la ley del aborto y que es inacceptable<strong>.\u00a0<\/strong><\/p>\n<p><strong>\u00a1\u00a1\u00a1Difunde este mensaje entre tus contactos y en tus redes sociales!!!<\/strong><\/p>\n<p><strong>Te promonemos un redactado.<\/strong> Puedes modificar lo que consideres conveniente:<\/p>\n<p><em>Excelent\u00edsimo Se\u00f1or:\u00a0<\/em><\/p>\n<p><em>Consideramos que el proyecto de ley org\u00e1nica 2\/2010 de 3 de marzo que persigue ampliar todavia m\u00e1s la legislaci\u00f3n sobre el aborto en Espa\u00f1a. Es inacceptable y en este sentido le formulo las siguientes modificacions que el actual proyecto deber\u00eda contemplar:<\/em><\/p>\n<ol>\n<li><em>No es pertinente modificar una ley con un recurso de inconstitucionalidad pendiente sin esperar la sentencia.<\/em><\/li>\n<li><em>El aborto es la interrupci\u00f3n violenta de un proceso natural. La legislaci\u00f3n debe tender a su progresiva reducci\u00f3n.<\/em><\/li>\n<li><em>El ser humano engendrado y no nacido carece de toda protecci\u00f3n; no existe para la ley durante un largo periodo de su vida. La ciencia en sus investigaciones con embriones humanos sit\u00faa un l\u00edmite de 14 d\u00edas. El feto experimenta dolor fetal desde la octava semana de gestaci\u00f3n. El aborto mata a un ser humano engendrado y le infringe dolor. Se debe corregir esta terrible anomal\u00eda.<\/em><\/li>\n<li><em>Tal y como est\u00e1 regulado el aborto aplica una mentalidad eugen\u00e9sica al permitir el homicidio de seres humanos que han de nacer en un avanzado estado de gestaci\u00f3n, si presentan anomal\u00edas fetales, a pesar de que estas no implican ning\u00fan peligro para la vida futura de aquel ser humano.<\/em><\/li>\n<li><em>El aborto es en muchos casos causa de perjuicio para la mujer y una variante espec\u00edfica de estr\u00e9s post traum\u00e1tico, sin que sea informada antes ni reciba ayuda despu\u00e9s.<\/em><\/li>\n<li><em>En muchos casos no se debe a la libre elecci\u00f3n de la mujer, sino a la falta de ayudas econ\u00f3micas, sociales y educativas, que la empujan a tan dolorosa situaci\u00f3n. La ley debe contemplar un programa de ayudas.<\/em><\/li>\n<li><em>El aborto masivo, como en Espa\u00f1a, da\u00f1a la natalidad. Las consecuencias de esta situaci\u00f3n sobre el estado del bienestar y la productividad, que determina la renta per c\u00e1pita a largo plazo, es muy negativa. Espa\u00f1a deber\u00eda estar fomentado la natalidad.<\/em><\/li>\n<li><em>Cuando el aborto es tan masivo como en Espa\u00f1a, y hay tantos medios al alcance para la prevenci\u00f3n del embarazo, el resultado se\u00f1ala una dejaci\u00f3n da\u00f1ina por parte de los poderes p\u00fablicos que no hacen nada para atenuar esta anomal\u00eda cr\u00edtica.<\/em><\/li>\n<li><em>Se pretende restringir la patria potestad de los padres de las menores de 16 y 17 a\u00f1os, para que estas puedan abortar.<\/em><\/li>\n<li><em>Es muy grave la intenci\u00f3n del proyecto de perseguir la objeci\u00f3n de conciencia.<\/em><\/li>\n<li><em>La nueva ley parte de un supuesto muy negativo y totalmente inaceptable: el aborto es un bien, y por ello se han de aplicar medidas que lo faciliten, lo fomenten, lo que es llana y simplemente una brutalidad.<\/em><\/li>\n<\/ol>\n","protected":false},"excerpt":{"rendered":"<p>El proyecto de ley org\u00e1nica 2\/2010 de 3 de marzo, De salud sexual y reproductiva y de la interrupci\u00f3n voluntaria del embarazo, que persigue ampliar todav\u00eda m\u00e1s la legislaci\u00f3n sobre el aborto en Espa\u00f1a, es inacceptable. Te invitamos a que escribas al presidente del gobierno espa\u00f1ol, Pedro S\u00e1nchez (a trav\u00e9s del formulario de este link:&#8230;<\/p>\n","protected":false},"author":2,"featured_media":23990,"comment_status":"closed","ping_status":"closed","sticky":false,"template":"","format":"standard","meta":{"_jetpack_memberships_contains_paid_content":false,"footnotes":""},"categories":[24],"tags":[62],"class_list":["post-23993","post","type-post","status-publish","format-standard","has-post-thumbnail","hentry","category-alertes-es","tag-aborto"],"yoast_head":"<!-- This site is optimized with the Yoast SEO plugin v20.0 - https:\/\/yoast.com\/wordpress\/plugins\/seo\/ -->\n<title>Escribe al presidente del gobierno para que modifique radicalmente el proyecto de ley org\u00e1nica que quiere ampliar el aborto - e-Cristians<\/title>\n<meta name=\"description\" content=\"El proyecto de ley org\u00e1nica 2\/2010 de 3 de marzo, De salud sexual y reproductiva y de la interrupci\u00f3n voluntaria del embarazo\" \/>\n<meta name=\"robots\" content=\"index, follow, max-snippet:-1, max-image-preview:large, max-video-preview:-1\" \/>\n<link rel=\"canonical\" href=\"https:\/\/e-cristians.cat\/es\/escribe-al-presidente-del-gobierno-para-que-modifique-radicalmente-el-proyecto-de-ley-organica-que-quiere-ampliar-el-aborto\/\" \/>\n<meta property=\"og:locale\" content=\"es_ES\" \/>\n<meta property=\"og:type\" content=\"article\" \/>\n<meta property=\"og:title\" content=\"Escribe al presidente del gobierno para que modifique radicalmente el proyecto de ley org\u00e1nica que quiere ampliar el aborto - e-Cristians\" \/>\n<meta property=\"og:description\" content=\"El proyecto de ley org\u00e1nica 2\/2010 de 3 de marzo, De salud sexual y reproductiva y de la interrupci\u00f3n voluntaria del embarazo\" \/>\n<meta property=\"og:url\" content=\"https:\/\/e-cristians.cat\/es\/escribe-al-presidente-del-gobierno-para-que-modifique-radicalmente-el-proyecto-de-ley-organica-que-quiere-ampliar-el-aborto\/\" \/>\n<meta property=\"og:site_name\" content=\"e-Cristians\" \/>\n<meta property=\"article:published_time\" content=\"2021-10-18T11:51:13+00:00\" \/>\n<meta property=\"og:image\" content=\"https:\/\/e-cristians.cat\/wp-content\/uploads\/2021\/10\/presidente-gobierno-pedro-sanchez-coronavirus-efe.jpg\" \/>\n\t<meta property=\"og:image:width\" content=\"770\" \/>\n\t<meta property=\"og:image:height\" content=\"420\" \/>\n\t<meta property=\"og:image:type\" content=\"image\/jpeg\" \/>\n<meta name=\"author\" content=\"e-Cristians\" \/>\n<meta name=\"twitter:card\" content=\"summary_large_image\" \/>\n<meta name=\"twitter:label1\" content=\"Escrito por\" \/>\n\t<meta name=\"twitter:data1\" content=\"e-Cristians\" \/>\n\t<meta name=\"twitter:label2\" content=\"Tiempo de lectura\" \/>\n\t<meta name=\"twitter:data2\" content=\"3 minutos\" \/>\n<script type=\"application\/ld+json\" class=\"yoast-schema-graph\">{\"@context\":\"https:\/\/schema.org\",\"@graph\":[{\"@type\":\"WebPage\",\"@id\":\"https:\/\/e-cristians.cat\/es\/escribe-al-presidente-del-gobierno-para-que-modifique-radicalmente-el-proyecto-de-ley-organica-que-quiere-ampliar-el-aborto\/\",\"url\":\"https:\/\/e-cristians.cat\/es\/escribe-al-presidente-del-gobierno-para-que-modifique-radicalmente-el-proyecto-de-ley-organica-que-quiere-ampliar-el-aborto\/\",\"name\":\"Escribe al presidente del gobierno para que modifique radicalmente el proyecto de ley org\u00e1nica que quiere ampliar el aborto - e-Cristians\",\"isPartOf\":{\"@id\":\"https:\/\/e-cristians.cat\/#website\"},\"datePublished\":\"2021-10-18T11:51:13+00:00\",\"dateModified\":\"2021-10-18T11:51:13+00:00\",\"author\":{\"@id\":\"https:\/\/e-cristians.cat\/#\/schema\/person\/f0ec475338e49aaef9c9dc9d9f162861\"},\"description\":\"El proyecto de ley org\u00e1nica 2\/2010 de 3 de marzo, De salud sexual y reproductiva y de la interrupci\u00f3n voluntaria del embarazo\",\"breadcrumb\":{\"@id\":\"https:\/\/e-cristians.cat\/es\/escribe-al-presidente-del-gobierno-para-que-modifique-radicalmente-el-proyecto-de-ley-organica-que-quiere-ampliar-el-aborto\/#breadcrumb\"},\"inLanguage\":\"es\",\"potentialAction\":[{\"@type\":\"ReadAction\",\"target\":[\"https:\/\/e-cristians.cat\/es\/escribe-al-presidente-del-gobierno-para-que-modifique-radicalmente-el-proyecto-de-ley-organica-que-quiere-ampliar-el-aborto\/\"]}]},{\"@type\":\"BreadcrumbList\",\"@id\":\"https:\/\/e-cristians.cat\/es\/escribe-al-presidente-del-gobierno-para-que-modifique-radicalmente-el-proyecto-de-ley-organica-que-quiere-ampliar-el-aborto\/#breadcrumb\",\"itemListElement\":[{\"@type\":\"ListItem\",\"position\":1,\"name\":\"Inici\",\"item\":\"https:\/\/e-cristians.cat\/es\/\"},{\"@type\":\"ListItem\",\"position\":2,\"name\":\"Escribe al presidente del gobierno para que modifique radicalmente el proyecto de ley org\u00e1nica que quiere ampliar el aborto\"}]},{\"@type\":\"WebSite\",\"@id\":\"https:\/\/e-cristians.cat\/#website\",\"url\":\"https:\/\/e-cristians.cat\/\",\"name\":\"e-Cristians\",\"description\":\"\",\"potentialAction\":[{\"@type\":\"SearchAction\",\"target\":{\"@type\":\"EntryPoint\",\"urlTemplate\":\"https:\/\/e-cristians.cat\/?s={search_term_string}\"},\"query-input\":\"required name=search_term_string\"}],\"inLanguage\":\"es\"},{\"@type\":\"Person\",\"@id\":\"https:\/\/e-cristians.cat\/#\/schema\/person\/f0ec475338e49aaef9c9dc9d9f162861\",\"name\":\"e-Cristians\",\"image\":{\"@type\":\"ImageObject\",\"inLanguage\":\"es\",\"@id\":\"https:\/\/e-cristians.cat\/#\/schema\/person\/image\/\",\"url\":\"https:\/\/secure.gravatar.com\/avatar\/14bc9e5b0ca69070f1075ad3efcb33c4?s=96&d=mm&r=g\",\"contentUrl\":\"https:\/\/secure.gravatar.com\/avatar\/14bc9e5b0ca69070f1075ad3efcb33c4?s=96&d=mm&r=g\",\"caption\":\"e-Cristians\"}}]}<\/script>\n<!-- \/ Yoast SEO plugin. -->","yoast_head_json":{"title":"Escribe al presidente del gobierno para que modifique radicalmente el proyecto de ley org\u00e1nica que quiere ampliar el aborto - e-Cristians","description":"El proyecto de ley org\u00e1nica 2\/2010 de 3 de marzo, De salud sexual y reproductiva y de la interrupci\u00f3n voluntaria del embarazo","robots":{"index":"index","follow":"follow","max-snippet":"max-snippet:-1","max-image-preview":"max-image-preview:large","max-video-preview":"max-video-preview:-1"},"canonical":"https:\/\/e-cristians.cat\/es\/escribe-al-presidente-del-gobierno-para-que-modifique-radicalmente-el-proyecto-de-ley-organica-que-quiere-ampliar-el-aborto\/","og_locale":"es_ES","og_type":"article","og_title":"Escribe al presidente del gobierno para que modifique radicalmente el proyecto de ley org\u00e1nica que quiere ampliar el aborto - e-Cristians","og_description":"El proyecto de ley org\u00e1nica 2\/2010 de 3 de marzo, De salud sexual y reproductiva y de la interrupci\u00f3n voluntaria del embarazo","og_url":"https:\/\/e-cristians.cat\/es\/escribe-al-presidente-del-gobierno-para-que-modifique-radicalmente-el-proyecto-de-ley-organica-que-quiere-ampliar-el-aborto\/","og_site_name":"e-Cristians","article_published_time":"2021-10-18T11:51:13+00:00","og_image":[{"width":770,"height":420,"url":"https:\/\/e-cristians.cat\/wp-content\/uploads\/2021\/10\/presidente-gobierno-pedro-sanchez-coronavirus-efe.jpg","type":"image\/jpeg"}],"author":"e-Cristians","twitter_card":"summary_large_image","twitter_misc":{"Escrito por":"e-Cristians","Tiempo de lectura":"3 minutos"},"schema":{"@context":"https:\/\/schema.org","@graph":[{"@type":"WebPage","@id":"https:\/\/e-cristians.cat\/es\/escribe-al-presidente-del-gobierno-para-que-modifique-radicalmente-el-proyecto-de-ley-organica-que-quiere-ampliar-el-aborto\/","url":"https:\/\/e-cristians.cat\/es\/escribe-al-presidente-del-gobierno-para-que-modifique-radicalmente-el-proyecto-de-ley-organica-que-quiere-ampliar-el-aborto\/","name":"Escribe al presidente del gobierno para que modifique radicalmente el proyecto de ley org\u00e1nica que quiere ampliar el aborto - e-Cristians","isPartOf":{"@id":"https:\/\/e-cristians.cat\/#website"},"datePublished":"2021-10-18T11:51:13+00:00","dateModified":"2021-10-18T11:51:13+00:00","author":{"@id":"https:\/\/e-cristians.cat\/#\/schema\/person\/f0ec475338e49aaef9c9dc9d9f162861"},"description":"El proyecto de ley org\u00e1nica 2\/2010 de 3 de marzo, De salud sexual y reproductiva y de la interrupci\u00f3n voluntaria del embarazo","breadcrumb":{"@id":"https:\/\/e-cristians.cat\/es\/escribe-al-presidente-del-gobierno-para-que-modifique-radicalmente-el-proyecto-de-ley-organica-que-quiere-ampliar-el-aborto\/#breadcrumb"},"inLanguage":"es","potentialAction":[{"@type":"ReadAction","target":["https:\/\/e-cristians.cat\/es\/escribe-al-presidente-del-gobierno-para-que-modifique-radicalmente-el-proyecto-de-ley-organica-que-quiere-ampliar-el-aborto\/"]}]},{"@type":"BreadcrumbList","@id":"https:\/\/e-cristians.cat\/es\/escribe-al-presidente-del-gobierno-para-que-modifique-radicalmente-el-proyecto-de-ley-organica-que-quiere-ampliar-el-aborto\/#breadcrumb","itemListElement":[{"@type":"ListItem","position":1,"name":"Inici","item":"https:\/\/e-cristians.cat\/es\/"},{"@type":"ListItem","position":2,"name":"Escribe al presidente del gobierno para que modifique radicalmente el proyecto de ley org\u00e1nica que quiere ampliar el aborto"}]},{"@type":"WebSite","@id":"https:\/\/e-cristians.cat\/#website","url":"https:\/\/e-cristians.cat\/","name":"e-Cristians","description":"","potentialAction":[{"@type":"SearchAction","target":{"@type":"EntryPoint","urlTemplate":"https:\/\/e-cristians.cat\/?s={search_term_string}"},"query-input":"required name=search_term_string"}],"inLanguage":"es"},{"@type":"Person","@id":"https:\/\/e-cristians.cat\/#\/schema\/person\/f0ec475338e49aaef9c9dc9d9f162861","name":"e-Cristians","image":{"@type":"ImageObject","inLanguage":"es","@id":"https:\/\/e-cristians.cat\/#\/schema\/person\/image\/","url":"https:\/\/secure.gravatar.com\/avatar\/14bc9e5b0ca69070f1075ad3efcb33c4?s=96&d=mm&r=g","contentUrl":"https:\/\/secure.gravatar.com\/avatar\/14bc9e5b0ca69070f1075ad3efcb33c4?s=96&d=mm&r=g","caption":"e-Cristians"}}]}},"jetpack_sharing_enabled":true,"jetpack_featured_media_url":"https:\/\/e-cristians.cat\/wp-content\/uploads\/2021\/10\/presidente-gobierno-pedro-sanchez-coronavirus-efe.jpg","_links":{"self":[{"href":"https:\/\/e-cristians.cat\/es\/wp-json\/wp\/v2\/posts\/23993"}],"collection":[{"href":"https:\/\/e-cristians.cat\/es\/wp-json\/wp\/v2\/posts"}],"about":[{"href":"https:\/\/e-cristians.cat\/es\/wp-json\/wp\/v2\/types\/post"}],"author":[{"embeddable":true,"href":"https:\/\/e-cristians.cat\/es\/wp-json\/wp\/v2\/users\/2"}],"replies":[{"embeddable":true,"href":"https:\/\/e-cristians.cat\/es\/wp-json\/wp\/v2\/comments?post=23993"}],"version-history":[{"count":1,"href":"https:\/\/e-cristians.cat\/es\/wp-json\/wp\/v2\/posts\/23993\/revisions"}],"predecessor-version":[{"id":23995,"href":"https:\/\/e-cristians.cat\/es\/wp-json\/wp\/v2\/posts\/23993\/revisions\/23995"}],"wp:featuredmedia":[{"embeddable":true,"href":"https:\/\/e-cristians.cat\/es\/wp-json\/wp\/v2\/media\/23990"}],"wp:attachment":[{"href":"https:\/\/e-cristians.cat\/es\/wp-json\/wp\/v2\/media?parent=23993"}],"wp:term":[{"taxonomy":"category","embeddable":true,"href":"https:\/\/e-cristians.cat\/es\/wp-json\/wp\/v2\/categories?post=23993"},{"taxonomy":"post_tag","embeddable":true,"href":"https:\/\/e-cristians.cat\/es\/wp-json\/wp\/v2\/tags?post=23993"}],"curies":[{"name":"wp","href":"https:\/\/api.w.org\/{rel}","templated":true}]}}