{"id":2431,"date":"2020-12-31T13:01:22","date_gmt":"2020-12-31T12:01:22","guid":{"rendered":"https:\/\/e-cristians.cat\/?p=2431"},"modified":"2021-01-07T13:19:23","modified_gmt":"2021-01-07T12:19:23","slug":"firme-oposicion-de-la-iglesia-a-la-ley-de-la-eutanasia","status":"publish","type":"post","link":"https:\/\/e-cristians.cat\/es\/firme-oposicion-de-la-iglesia-a-la-ley-de-la-eutanasia\/","title":{"rendered":"Firme oposici\u00f3n de la Iglesia a la ley de la eutanasia"},"content":{"rendered":"<p><em>ForumLibertas.com<\/em><\/p>\n<p>La Iglesia en Espa\u00f1a se ha manifestado de una forma clara y reiterada sobre la eutanasia y la ley excepcional que la legaliza en Espa\u00f1a, que pasar\u00e1 a ser junto con el Benelux, uno de los pocos estados de Europa y del mundo que tienen este tipo de legislaci\u00f3n. Lo ha hecho en una Jornada de Ayuno y Oraci\u00f3n, en\u00a0<a href=\"https:\/\/conferenciaepiscopal.es\/?s=eutanasia\" target=\"_blank\" rel=\"noopener noreferrer\">documentos<\/a>\u00a0de la Conferencia Episcopal, en\u00a0<a href=\"https:\/\/conferenciaepiscopal.es\/nota-de-la-comision-ejecutiva-sobre-la-ley-de-la-eutanasia\/\" target=\"_blank\" rel=\"noopener noreferrer\">dos<\/a>\u00a0<a href=\"https:\/\/conferenciaepiscopal.es\/la-vida-es-un-don-la-eutanasia-un-fracaso\/\" target=\"_blank\" rel=\"noopener noreferrer\">Notas<\/a>\u00a0de su Comisi\u00f3n Ejecutiva y en\u00a0<a href=\"https:\/\/www.europapress.tv\/sociedad\/533876\/1\/iglesia-pone-valor-dignidad-humana-frente-eutanasia\" target=\"_blank\" rel=\"noopener noreferrer\">declaraciones<\/a>\u00a0de su Secretario General y portavoz, monse\u00f1or Luis Arg\u00fcello, a Europa Pres. En este \u00faltimo caso el Secretario General ha descendido a aspectos concretos, y se ha dirigido expl\u00edcitamente a los cat\u00f3licos y a las asociaciones para\u00a0<strong>que hagan o\u00edr su voz contra la ley<\/strong>. Tambi\u00e9n ha llamado a que los ciudadanos se expresen en sus\u00a0<a href=\"https:\/\/www.forumlibertas.com\/eutanasia-obispos-espanoles\/\" target=\"_blank\" rel=\"noopener noreferrer\"><strong>testamentos vitales<\/strong><\/a>\u00a0de manera que rechacen la eutanasia y exijan los cuidados paliativos necesarios y tambi\u00e9n a practicar la\u00a0<strong>objeci\u00f3n de conciencia. <\/strong><a href=\"https:\/\/www.forumlibertas.com\/firme-oposicion-de-la-iglesia-a-la-ley-de-la-eutanasia\/\" target=\"_blank\" rel=\"noopener noreferrer\">Leer m\u00e1s.<\/a><\/p>\n","protected":false},"excerpt":{"rendered":"<p>ForumLibertas.com La Iglesia en Espa\u00f1a se ha manifestado de una forma clara y reiterada sobre la eutanasia y la ley excepcional que la legaliza en Espa\u00f1a, que pasar\u00e1 a ser junto con el Benelux, uno de los pocos estados de Europa y del mundo que tienen este tipo de legislaci\u00f3n. Lo ha hecho en una&#8230;<\/p>\n","protected":false},"author":2,"featured_media":2432,"comment_status":"closed","ping_status":"closed","sticky":false,"template":"","format":"standard","meta":{"_jetpack_memberships_contains_paid_content":false,"footnotes":""},"categories":[34],"tags":[],"class_list":["post-2431","post","type-post","status-publish","format-standard","has-post-thumbnail","hentry","category-editorials-i-blogs-de-forumlibertas-es"],"yoast_head":"<!-- This site is optimized with the Yoast SEO plugin v20.0 - https:\/\/yoast.com\/wordpress\/plugins\/seo\/ -->\n<title>Firme oposici\u00f3n de la Iglesia a la ley de la eutanasia - e-Cristians<\/title>\n<meta name=\"robots\" content=\"noindex, nofollow\" \/>\n<meta property=\"og:locale\" content=\"es_ES\" \/>\n<meta property=\"og:type\" content=\"article\" \/>\n<meta property=\"og:title\" content=\"Firme oposici\u00f3n de la Iglesia a la ley de la eutanasia - e-Cristians\" \/>\n<meta property=\"og:description\" content=\"ForumLibertas.com La Iglesia en Espa\u00f1a se ha manifestado de una forma clara y reiterada sobre la eutanasia y la ley excepcional que la legaliza en Espa\u00f1a, que pasar\u00e1 a ser junto con el Benelux, uno de los pocos estados de Europa y del mundo que tienen este tipo de legislaci\u00f3n. Lo ha hecho en una...\" \/>\n<meta property=\"og:url\" content=\"https:\/\/e-cristians.cat\/es\/firme-oposicion-de-la-iglesia-a-la-ley-de-la-eutanasia\/\" \/>\n<meta property=\"og:site_name\" content=\"e-Cristians\" \/>\n<meta property=\"article:published_time\" content=\"2020-12-31T12:01:22+00:00\" \/>\n<meta property=\"article:modified_time\" content=\"2021-01-07T12:19:23+00:00\" \/>\n<meta property=\"og:image\" content=\"https:\/\/e-cristians.cat\/wp-content\/uploads\/2021\/01\/arguello.jpg\" \/>\n\t<meta property=\"og:image:width\" content=\"1000\" \/>\n\t<meta property=\"og:image:height\" content=\"667\" \/>\n\t<meta property=\"og:image:type\" content=\"image\/jpeg\" \/>\n<meta name=\"author\" content=\"e-Cristians\" \/>\n<meta name=\"twitter:card\" content=\"summary_large_image\" \/>\n<meta name=\"twitter:label1\" content=\"Escrito por\" \/>\n\t<meta name=\"twitter:data1\" content=\"e-Cristians\" \/>\n\t<meta name=\"twitter:label2\" content=\"Tiempo de lectura\" \/>\n\t<meta name=\"twitter:data2\" content=\"1 minuto\" \/>\n<script type=\"application\/ld+json\" class=\"yoast-schema-graph\">{\"@context\":\"https:\/\/schema.org\",\"@graph\":[{\"@type\":\"WebPage\",\"@id\":\"https:\/\/e-cristians.cat\/es\/firme-oposicion-de-la-iglesia-a-la-ley-de-la-eutanasia\/\",\"url\":\"https:\/\/e-cristians.cat\/es\/firme-oposicion-de-la-iglesia-a-la-ley-de-la-eutanasia\/\",\"name\":\"Firme oposici\u00f3n de la Iglesia a la ley de la eutanasia - e-Cristians\",\"isPartOf\":{\"@id\":\"https:\/\/e-cristians.cat\/#website\"},\"datePublished\":\"2020-12-31T12:01:22+00:00\",\"dateModified\":\"2021-01-07T12:19:23+00:00\",\"author\":{\"@id\":\"https:\/\/e-cristians.cat\/#\/schema\/person\/f0ec475338e49aaef9c9dc9d9f162861\"},\"breadcrumb\":{\"@id\":\"https:\/\/e-cristians.cat\/es\/firme-oposicion-de-la-iglesia-a-la-ley-de-la-eutanasia\/#breadcrumb\"},\"inLanguage\":\"es\",\"potentialAction\":[{\"@type\":\"ReadAction\",\"target\":[\"https:\/\/e-cristians.cat\/es\/firme-oposicion-de-la-iglesia-a-la-ley-de-la-eutanasia\/\"]}]},{\"@type\":\"BreadcrumbList\",\"@id\":\"https:\/\/e-cristians.cat\/es\/firme-oposicion-de-la-iglesia-a-la-ley-de-la-eutanasia\/#breadcrumb\",\"itemListElement\":[{\"@type\":\"ListItem\",\"position\":1,\"name\":\"Inici\",\"item\":\"https:\/\/e-cristians.cat\/es\/\"},{\"@type\":\"ListItem\",\"position\":2,\"name\":\"Firme oposici\u00f3n de la Iglesia a la ley de la eutanasia\"}]},{\"@type\":\"WebSite\",\"@id\":\"https:\/\/e-cristians.cat\/#website\",\"url\":\"https:\/\/e-cristians.cat\/\",\"name\":\"e-Cristians\",\"description\":\"\",\"potentialAction\":[{\"@type\":\"SearchAction\",\"target\":{\"@type\":\"EntryPoint\",\"urlTemplate\":\"https:\/\/e-cristians.cat\/?s={search_term_string}\"},\"query-input\":\"required name=search_term_string\"}],\"inLanguage\":\"es\"},{\"@type\":\"Person\",\"@id\":\"https:\/\/e-cristians.cat\/#\/schema\/person\/f0ec475338e49aaef9c9dc9d9f162861\",\"name\":\"e-Cristians\",\"image\":{\"@type\":\"ImageObject\",\"inLanguage\":\"es\",\"@id\":\"https:\/\/e-cristians.cat\/#\/schema\/person\/image\/\",\"url\":\"https:\/\/secure.gravatar.com\/avatar\/14bc9e5b0ca69070f1075ad3efcb33c4?s=96&d=mm&r=g\",\"contentUrl\":\"https:\/\/secure.gravatar.com\/avatar\/14bc9e5b0ca69070f1075ad3efcb33c4?s=96&d=mm&r=g\",\"caption\":\"e-Cristians\"}}]}<\/script>\n<!-- \/ Yoast SEO plugin. -->","yoast_head_json":{"title":"Firme oposici\u00f3n de la Iglesia a la ley de la eutanasia - e-Cristians","robots":{"index":"noindex","follow":"nofollow"},"og_locale":"es_ES","og_type":"article","og_title":"Firme oposici\u00f3n de la Iglesia a la ley de la eutanasia - e-Cristians","og_description":"ForumLibertas.com La Iglesia en Espa\u00f1a se ha manifestado de una forma clara y reiterada sobre la eutanasia y la ley excepcional que la legaliza en Espa\u00f1a, que pasar\u00e1 a ser junto con el Benelux, uno de los pocos estados de Europa y del mundo que tienen este tipo de legislaci\u00f3n. Lo ha hecho en una...","og_url":"https:\/\/e-cristians.cat\/es\/firme-oposicion-de-la-iglesia-a-la-ley-de-la-eutanasia\/","og_site_name":"e-Cristians","article_published_time":"2020-12-31T12:01:22+00:00","article_modified_time":"2021-01-07T12:19:23+00:00","og_image":[{"width":1000,"height":667,"url":"https:\/\/e-cristians.cat\/wp-content\/uploads\/2021\/01\/arguello.jpg","type":"image\/jpeg"}],"author":"e-Cristians","twitter_card":"summary_large_image","twitter_misc":{"Escrito por":"e-Cristians","Tiempo de lectura":"1 minuto"},"schema":{"@context":"https:\/\/schema.org","@graph":[{"@type":"WebPage","@id":"https:\/\/e-cristians.cat\/es\/firme-oposicion-de-la-iglesia-a-la-ley-de-la-eutanasia\/","url":"https:\/\/e-cristians.cat\/es\/firme-oposicion-de-la-iglesia-a-la-ley-de-la-eutanasia\/","name":"Firme oposici\u00f3n de la Iglesia a la ley de la eutanasia - e-Cristians","isPartOf":{"@id":"https:\/\/e-cristians.cat\/#website"},"datePublished":"2020-12-31T12:01:22+00:00","dateModified":"2021-01-07T12:19:23+00:00","author":{"@id":"https:\/\/e-cristians.cat\/#\/schema\/person\/f0ec475338e49aaef9c9dc9d9f162861"},"breadcrumb":{"@id":"https:\/\/e-cristians.cat\/es\/firme-oposicion-de-la-iglesia-a-la-ley-de-la-eutanasia\/#breadcrumb"},"inLanguage":"es","potentialAction":[{"@type":"ReadAction","target":["https:\/\/e-cristians.cat\/es\/firme-oposicion-de-la-iglesia-a-la-ley-de-la-eutanasia\/"]}]},{"@type":"BreadcrumbList","@id":"https:\/\/e-cristians.cat\/es\/firme-oposicion-de-la-iglesia-a-la-ley-de-la-eutanasia\/#breadcrumb","itemListElement":[{"@type":"ListItem","position":1,"name":"Inici","item":"https:\/\/e-cristians.cat\/es\/"},{"@type":"ListItem","position":2,"name":"Firme oposici\u00f3n de la Iglesia a la ley de la eutanasia"}]},{"@type":"WebSite","@id":"https:\/\/e-cristians.cat\/#website","url":"https:\/\/e-cristians.cat\/","name":"e-Cristians","description":"","potentialAction":[{"@type":"SearchAction","target":{"@type":"EntryPoint","urlTemplate":"https:\/\/e-cristians.cat\/?s={search_term_string}"},"query-input":"required name=search_term_string"}],"inLanguage":"es"},{"@type":"Person","@id":"https:\/\/e-cristians.cat\/#\/schema\/person\/f0ec475338e49aaef9c9dc9d9f162861","name":"e-Cristians","image":{"@type":"ImageObject","inLanguage":"es","@id":"https:\/\/e-cristians.cat\/#\/schema\/person\/image\/","url":"https:\/\/secure.gravatar.com\/avatar\/14bc9e5b0ca69070f1075ad3efcb33c4?s=96&d=mm&r=g","contentUrl":"https:\/\/secure.gravatar.com\/avatar\/14bc9e5b0ca69070f1075ad3efcb33c4?s=96&d=mm&r=g","caption":"e-Cristians"}}]}},"jetpack_sharing_enabled":true,"jetpack_featured_media_url":"https:\/\/e-cristians.cat\/wp-content\/uploads\/2021\/01\/arguello.jpg","_links":{"self":[{"href":"https:\/\/e-cristians.cat\/es\/wp-json\/wp\/v2\/posts\/2431"}],"collection":[{"href":"https:\/\/e-cristians.cat\/es\/wp-json\/wp\/v2\/posts"}],"about":[{"href":"https:\/\/e-cristians.cat\/es\/wp-json\/wp\/v2\/types\/post"}],"author":[{"embeddable":true,"href":"https:\/\/e-cristians.cat\/es\/wp-json\/wp\/v2\/users\/2"}],"replies":[{"embeddable":true,"href":"https:\/\/e-cristians.cat\/es\/wp-json\/wp\/v2\/comments?post=2431"}],"version-history":[{"count":1,"href":"https:\/\/e-cristians.cat\/es\/wp-json\/wp\/v2\/posts\/2431\/revisions"}],"predecessor-version":[{"id":2434,"href":"https:\/\/e-cristians.cat\/es\/wp-json\/wp\/v2\/posts\/2431\/revisions\/2434"}],"wp:featuredmedia":[{"embeddable":true,"href":"https:\/\/e-cristians.cat\/es\/wp-json\/wp\/v2\/media\/2432"}],"wp:attachment":[{"href":"https:\/\/e-cristians.cat\/es\/wp-json\/wp\/v2\/media?parent=2431"}],"wp:term":[{"taxonomy":"category","embeddable":true,"href":"https:\/\/e-cristians.cat\/es\/wp-json\/wp\/v2\/categories?post=2431"},{"taxonomy":"post_tag","embeddable":true,"href":"https:\/\/e-cristians.cat\/es\/wp-json\/wp\/v2\/tags?post=2431"}],"curies":[{"name":"wp","href":"https:\/\/api.w.org\/{rel}","templated":true}]}}