{"id":2484,"date":"2021-01-12T12:02:51","date_gmt":"2021-01-12T11:02:51","guid":{"rendered":"https:\/\/e-cristians.cat\/?p=2484"},"modified":"2021-01-14T12:08:39","modified_gmt":"2021-01-14T11:08:39","slug":"el-obispo-novell-lamenta-que-ningun-partido-asume-en-cataluna-las-convicciones-del-catolicismo","status":"publish","type":"post","link":"https:\/\/e-cristians.cat\/es\/el-obispo-novell-lamenta-que-ningun-partido-asume-en-cataluna-las-convicciones-del-catolicismo\/","title":{"rendered":"El obispo Novell lamenta que ning\u00fan partido asume en Catalu\u00f1a las convicciones del catolicismo"},"content":{"rendered":"<p>El\u00a0<a href=\"https:\/\/www.forumlibertas.com\/hemeroteca\/xavier-novell-nombrado-obispo-de-solsona-a-sus-41-anos\/\" target=\"_blank\" rel=\"noopener\">obispo de Solsona<\/a>, monse\u00f1or Xavier Novell, dedica\u00a0<a href=\"https:\/\/bisbatsolsona.cat\/wp-content\/uploads\/2021\/01\/A-qui-votarem.pdf\" target=\"_blank\" rel=\"noopener\">su glosa dominical de esta semana<\/a>\u00a0en las futuras elecciones al Parlamento de Catalu\u00f1a,\u00a0<strong>advirtiendo que los ciudadanos deber\u00e1n priorizar el partido pol\u00edtico que defiende las ideas y los proyectos que se corresponden con sus convicciones, y aqu\u00ed radica el problema por los cat\u00f3licos<\/strong>.<\/p>\n<p>Novell alerta de que \u201cNo hay ning\u00fan partido del actual arco parlamentario, ni en el bloque independentista ni en el unionista, que asuma de manera m\u00e1s o menos completa las convicciones morales sobre la vida, las relaciones sociales y econ\u00f3micas propias del catolicismo. Y s\u00f3lo, la democracia cristiana, que nunca ha osado presentarse en solitario en Catalu\u00f1a, est\u00e1 difuminada en el grupo socialista y en el de izquierda republicana. y todos sabemos que han votado estos partidos con motivo de la ley de regulaci\u00f3n de la eutanasia\u201d.<\/p>\n<p>Por ello, el obispo de Solsona se pregunta si no ser\u00eda hora de que los dem\u00f3crata-cristianos \u201carriesguen a presentarse en solitario y propongan un programa electoral que defienda: una econom\u00eda que ponga por delante la persona, lejos del neoliberalismo que no para de generar injusticias y descartes sociales; la vida desde la concepci\u00f3n hasta la muerte natural, la libertad religiosa, el derecho de los padres a elegir la educaci\u00f3n de sus hijos, los derechos de los pueblos;\u00a0<strong>unas relaciones sociales de acuerdo con la \u201cFratelli tutti\u201d, lejos del ego\u00edsmo, el abuso, la explotaci\u00f3n y la exclusi\u00f3n; la antropolog\u00eda cristiana ante la ideolog\u00eda de g\u00e9nero, la familia formada por marido, mujer e hijos<\/strong>\u201c.<\/p>\n<p>Y es que para Novell, las izquierdas \u201cse refugian en la defensa y la promoci\u00f3n de los mal llamados nuevos derechos -aborto, eutanasia, cambio de sexo, matrimonio homosexual\u2026-\u201c.<\/p>\n<p>Las derechas tampoco quedan bien retratadas en el an\u00e1lisis de obispo de Solsona, pues afirma que \u201cliberales o populistas, gui\u00f1an el ojo al catolicismo con alguna oposici\u00f3n t\u00e1ctica a las leyes de la muerte\u201d, y \u201cson liberales no s\u00f3lo en lo econ\u00f3mico sino en lo moral o simplemente mutan de ideolog\u00eda para conseguir el poder\u201d.<\/p>\n<p>Para Novell, pues, \u201c<strong>un cat\u00f3lico coherente no puede votar ninguno de estos partidos salvo que, no habiendo ninguna alternativa, tenga que optar por el mal menor\u201d.<\/strong> Y concluye, \u201csi los partidos dem\u00f3crata-cristianos no se arriesgan a presentarse con un programa compatible con las convicciones cat\u00f3licas, \u00bfa qui\u00e9n votaremos?\u201d.<\/p>\n","protected":false},"excerpt":{"rendered":"<p>El\u00a0obispo de Solsona, monse\u00f1or Xavier Novell, dedica\u00a0su glosa dominical de esta semana\u00a0en las futuras elecciones al Parlamento de Catalu\u00f1a,\u00a0advirtiendo que los ciudadanos deber\u00e1n priorizar el partido pol\u00edtico que defiende las ideas y los proyectos que se corresponden con sus convicciones, y aqu\u00ed radica el problema por los cat\u00f3licos. Novell alerta de que \u201cNo hay ning\u00fan&#8230;<\/p>\n","protected":false},"author":2,"featured_media":2485,"comment_status":"closed","ping_status":"closed","sticky":false,"template":"","format":"standard","meta":{"_jetpack_memberships_contains_paid_content":false,"footnotes":""},"categories":[33],"tags":[],"class_list":["post-2484","post","type-post","status-publish","format-standard","has-post-thumbnail","hentry","category-altres-entitats-informacions-agenda-i-documents-es"],"yoast_head":"<!-- This site is optimized with the Yoast SEO plugin v20.0 - https:\/\/yoast.com\/wordpress\/plugins\/seo\/ -->\n<title>El obispo Novell lamenta que ning\u00fan partido asume en Catalu\u00f1a las convicciones del catolicismo - e-Cristians<\/title>\n<meta name=\"robots\" content=\"noindex, nofollow\" \/>\n<meta property=\"og:locale\" content=\"es_ES\" \/>\n<meta property=\"og:type\" content=\"article\" \/>\n<meta property=\"og:title\" content=\"El obispo Novell lamenta que ning\u00fan partido asume en Catalu\u00f1a las convicciones del catolicismo - e-Cristians\" \/>\n<meta property=\"og:description\" content=\"El\u00a0obispo de Solsona, monse\u00f1or Xavier Novell, dedica\u00a0su glosa dominical de esta semana\u00a0en las futuras elecciones al Parlamento de Catalu\u00f1a,\u00a0advirtiendo que los ciudadanos deber\u00e1n priorizar el partido pol\u00edtico que defiende las ideas y los proyectos que se corresponden con sus convicciones, y aqu\u00ed radica el problema por los cat\u00f3licos. Novell alerta de que \u201cNo hay ning\u00fan...\" \/>\n<meta property=\"og:url\" content=\"https:\/\/e-cristians.cat\/es\/el-obispo-novell-lamenta-que-ningun-partido-asume-en-cataluna-las-convicciones-del-catolicismo\/\" \/>\n<meta property=\"og:site_name\" content=\"e-Cristians\" \/>\n<meta property=\"article:published_time\" content=\"2021-01-12T11:02:51+00:00\" \/>\n<meta property=\"article:modified_time\" content=\"2021-01-14T11:08:39+00:00\" \/>\n<meta property=\"og:image\" content=\"https:\/\/e-cristians.cat\/wp-content\/uploads\/2021\/01\/obispo-solsona-1024x541-1.jpeg\" \/>\n\t<meta property=\"og:image:width\" content=\"1024\" \/>\n\t<meta property=\"og:image:height\" content=\"541\" \/>\n\t<meta property=\"og:image:type\" content=\"image\/jpeg\" \/>\n<meta name=\"author\" content=\"e-Cristians\" \/>\n<meta name=\"twitter:card\" content=\"summary_large_image\" \/>\n<meta name=\"twitter:label1\" content=\"Escrito por\" \/>\n\t<meta name=\"twitter:data1\" content=\"e-Cristians\" \/>\n\t<meta name=\"twitter:label2\" content=\"Tiempo de lectura\" \/>\n\t<meta name=\"twitter:data2\" content=\"2 minutos\" \/>\n<script type=\"application\/ld+json\" class=\"yoast-schema-graph\">{\"@context\":\"https:\/\/schema.org\",\"@graph\":[{\"@type\":\"WebPage\",\"@id\":\"https:\/\/e-cristians.cat\/es\/el-obispo-novell-lamenta-que-ningun-partido-asume-en-cataluna-las-convicciones-del-catolicismo\/\",\"url\":\"https:\/\/e-cristians.cat\/es\/el-obispo-novell-lamenta-que-ningun-partido-asume-en-cataluna-las-convicciones-del-catolicismo\/\",\"name\":\"El obispo Novell lamenta que ning\u00fan partido asume en Catalu\u00f1a las convicciones del catolicismo - e-Cristians\",\"isPartOf\":{\"@id\":\"https:\/\/e-cristians.cat\/#website\"},\"datePublished\":\"2021-01-12T11:02:51+00:00\",\"dateModified\":\"2021-01-14T11:08:39+00:00\",\"author\":{\"@id\":\"https:\/\/e-cristians.cat\/#\/schema\/person\/f0ec475338e49aaef9c9dc9d9f162861\"},\"breadcrumb\":{\"@id\":\"https:\/\/e-cristians.cat\/es\/el-obispo-novell-lamenta-que-ningun-partido-asume-en-cataluna-las-convicciones-del-catolicismo\/#breadcrumb\"},\"inLanguage\":\"es\",\"potentialAction\":[{\"@type\":\"ReadAction\",\"target\":[\"https:\/\/e-cristians.cat\/es\/el-obispo-novell-lamenta-que-ningun-partido-asume-en-cataluna-las-convicciones-del-catolicismo\/\"]}]},{\"@type\":\"BreadcrumbList\",\"@id\":\"https:\/\/e-cristians.cat\/es\/el-obispo-novell-lamenta-que-ningun-partido-asume-en-cataluna-las-convicciones-del-catolicismo\/#breadcrumb\",\"itemListElement\":[{\"@type\":\"ListItem\",\"position\":1,\"name\":\"Inici\",\"item\":\"https:\/\/e-cristians.cat\/es\/\"},{\"@type\":\"ListItem\",\"position\":2,\"name\":\"El obispo Novell lamenta que ning\u00fan partido asume en Catalu\u00f1a las convicciones del catolicismo\"}]},{\"@type\":\"WebSite\",\"@id\":\"https:\/\/e-cristians.cat\/#website\",\"url\":\"https:\/\/e-cristians.cat\/\",\"name\":\"e-Cristians\",\"description\":\"\",\"potentialAction\":[{\"@type\":\"SearchAction\",\"target\":{\"@type\":\"EntryPoint\",\"urlTemplate\":\"https:\/\/e-cristians.cat\/?s={search_term_string}\"},\"query-input\":\"required name=search_term_string\"}],\"inLanguage\":\"es\"},{\"@type\":\"Person\",\"@id\":\"https:\/\/e-cristians.cat\/#\/schema\/person\/f0ec475338e49aaef9c9dc9d9f162861\",\"name\":\"e-Cristians\",\"image\":{\"@type\":\"ImageObject\",\"inLanguage\":\"es\",\"@id\":\"https:\/\/e-cristians.cat\/#\/schema\/person\/image\/\",\"url\":\"https:\/\/secure.gravatar.com\/avatar\/14bc9e5b0ca69070f1075ad3efcb33c4?s=96&d=mm&r=g\",\"contentUrl\":\"https:\/\/secure.gravatar.com\/avatar\/14bc9e5b0ca69070f1075ad3efcb33c4?s=96&d=mm&r=g\",\"caption\":\"e-Cristians\"}}]}<\/script>\n<!-- \/ Yoast SEO plugin. -->","yoast_head_json":{"title":"El obispo Novell lamenta que ning\u00fan partido asume en Catalu\u00f1a las convicciones del catolicismo - e-Cristians","robots":{"index":"noindex","follow":"nofollow"},"og_locale":"es_ES","og_type":"article","og_title":"El obispo Novell lamenta que ning\u00fan partido asume en Catalu\u00f1a las convicciones del catolicismo - e-Cristians","og_description":"El\u00a0obispo de Solsona, monse\u00f1or Xavier Novell, dedica\u00a0su glosa dominical de esta semana\u00a0en las futuras elecciones al Parlamento de Catalu\u00f1a,\u00a0advirtiendo que los ciudadanos deber\u00e1n priorizar el partido pol\u00edtico que defiende las ideas y los proyectos que se corresponden con sus convicciones, y aqu\u00ed radica el problema por los cat\u00f3licos. Novell alerta de que \u201cNo hay ning\u00fan...","og_url":"https:\/\/e-cristians.cat\/es\/el-obispo-novell-lamenta-que-ningun-partido-asume-en-cataluna-las-convicciones-del-catolicismo\/","og_site_name":"e-Cristians","article_published_time":"2021-01-12T11:02:51+00:00","article_modified_time":"2021-01-14T11:08:39+00:00","og_image":[{"width":1024,"height":541,"url":"https:\/\/e-cristians.cat\/wp-content\/uploads\/2021\/01\/obispo-solsona-1024x541-1.jpeg","type":"image\/jpeg"}],"author":"e-Cristians","twitter_card":"summary_large_image","twitter_misc":{"Escrito por":"e-Cristians","Tiempo de lectura":"2 minutos"},"schema":{"@context":"https:\/\/schema.org","@graph":[{"@type":"WebPage","@id":"https:\/\/e-cristians.cat\/es\/el-obispo-novell-lamenta-que-ningun-partido-asume-en-cataluna-las-convicciones-del-catolicismo\/","url":"https:\/\/e-cristians.cat\/es\/el-obispo-novell-lamenta-que-ningun-partido-asume-en-cataluna-las-convicciones-del-catolicismo\/","name":"El obispo Novell lamenta que ning\u00fan partido asume en Catalu\u00f1a las convicciones del catolicismo - e-Cristians","isPartOf":{"@id":"https:\/\/e-cristians.cat\/#website"},"datePublished":"2021-01-12T11:02:51+00:00","dateModified":"2021-01-14T11:08:39+00:00","author":{"@id":"https:\/\/e-cristians.cat\/#\/schema\/person\/f0ec475338e49aaef9c9dc9d9f162861"},"breadcrumb":{"@id":"https:\/\/e-cristians.cat\/es\/el-obispo-novell-lamenta-que-ningun-partido-asume-en-cataluna-las-convicciones-del-catolicismo\/#breadcrumb"},"inLanguage":"es","potentialAction":[{"@type":"ReadAction","target":["https:\/\/e-cristians.cat\/es\/el-obispo-novell-lamenta-que-ningun-partido-asume-en-cataluna-las-convicciones-del-catolicismo\/"]}]},{"@type":"BreadcrumbList","@id":"https:\/\/e-cristians.cat\/es\/el-obispo-novell-lamenta-que-ningun-partido-asume-en-cataluna-las-convicciones-del-catolicismo\/#breadcrumb","itemListElement":[{"@type":"ListItem","position":1,"name":"Inici","item":"https:\/\/e-cristians.cat\/es\/"},{"@type":"ListItem","position":2,"name":"El obispo Novell lamenta que ning\u00fan partido asume en Catalu\u00f1a las convicciones del catolicismo"}]},{"@type":"WebSite","@id":"https:\/\/e-cristians.cat\/#website","url":"https:\/\/e-cristians.cat\/","name":"e-Cristians","description":"","potentialAction":[{"@type":"SearchAction","target":{"@type":"EntryPoint","urlTemplate":"https:\/\/e-cristians.cat\/?s={search_term_string}"},"query-input":"required name=search_term_string"}],"inLanguage":"es"},{"@type":"Person","@id":"https:\/\/e-cristians.cat\/#\/schema\/person\/f0ec475338e49aaef9c9dc9d9f162861","name":"e-Cristians","image":{"@type":"ImageObject","inLanguage":"es","@id":"https:\/\/e-cristians.cat\/#\/schema\/person\/image\/","url":"https:\/\/secure.gravatar.com\/avatar\/14bc9e5b0ca69070f1075ad3efcb33c4?s=96&d=mm&r=g","contentUrl":"https:\/\/secure.gravatar.com\/avatar\/14bc9e5b0ca69070f1075ad3efcb33c4?s=96&d=mm&r=g","caption":"e-Cristians"}}]}},"jetpack_sharing_enabled":true,"jetpack_featured_media_url":"https:\/\/e-cristians.cat\/wp-content\/uploads\/2021\/01\/obispo-solsona-1024x541-1.jpeg","_links":{"self":[{"href":"https:\/\/e-cristians.cat\/es\/wp-json\/wp\/v2\/posts\/2484"}],"collection":[{"href":"https:\/\/e-cristians.cat\/es\/wp-json\/wp\/v2\/posts"}],"about":[{"href":"https:\/\/e-cristians.cat\/es\/wp-json\/wp\/v2\/types\/post"}],"author":[{"embeddable":true,"href":"https:\/\/e-cristians.cat\/es\/wp-json\/wp\/v2\/users\/2"}],"replies":[{"embeddable":true,"href":"https:\/\/e-cristians.cat\/es\/wp-json\/wp\/v2\/comments?post=2484"}],"version-history":[{"count":1,"href":"https:\/\/e-cristians.cat\/es\/wp-json\/wp\/v2\/posts\/2484\/revisions"}],"predecessor-version":[{"id":2487,"href":"https:\/\/e-cristians.cat\/es\/wp-json\/wp\/v2\/posts\/2484\/revisions\/2487"}],"wp:featuredmedia":[{"embeddable":true,"href":"https:\/\/e-cristians.cat\/es\/wp-json\/wp\/v2\/media\/2485"}],"wp:attachment":[{"href":"https:\/\/e-cristians.cat\/es\/wp-json\/wp\/v2\/media?parent=2484"}],"wp:term":[{"taxonomy":"category","embeddable":true,"href":"https:\/\/e-cristians.cat\/es\/wp-json\/wp\/v2\/categories?post=2484"},{"taxonomy":"post_tag","embeddable":true,"href":"https:\/\/e-cristians.cat\/es\/wp-json\/wp\/v2\/tags?post=2484"}],"curies":[{"name":"wp","href":"https:\/\/api.w.org\/{rel}","templated":true}]}}