{"id":25650,"date":"2021-11-11T17:44:51","date_gmt":"2021-11-11T16:44:51","guid":{"rendered":"https:\/\/e-cristians.cat\/?p=25650"},"modified":"2021-11-15T16:04:29","modified_gmt":"2021-11-15T15:04:29","slug":"vuelven-los-encuentros-en-la-merce-feminismo-sinergico-con-nuria-chinchilla","status":"publish","type":"post","link":"https:\/\/e-cristians.cat\/es\/vuelven-los-encuentros-en-la-merce-feminismo-sinergico-con-nuria-chinchilla\/","title":{"rendered":"Ciclo de conferencias Encuentros en la Merc\u00e8: \u00abFeminismo sin\u00e9rgico\u00bb, con Nuria Chinchilla"},"content":{"rendered":"<p>Como cierre del ciclo de conferencias <strong>\u00abEncuentros en la Merc\u00e8\u00bb<\/strong>, organizadas por <strong>e-Cristians<\/strong> y la <strong>Bas\u00edlica de la Merc\u00e8<\/strong>, el pr\u00f3ximo mi\u00e9rcoles <strong>17 de noviembre<\/strong>, intervendr\u00e1 la profesora <strong>Dra. Nuria Chinchilla<\/strong>, del IESE Business School, con una conferencia titulada <em><strong>\u00abFeminismo sin\u00e9rgico. Construyendo sobre las diferencias\u00bb<\/strong><\/em>.<\/p>\n<p>El tema del feminismo, tan actual y al mismo tiempo tan pol\u00e9mico, se ha convertido en un instrumento al\u00a0servicio de diferentes ideolog\u00edas y uno de los vectores importantes en la guerra cultural, motivo de enfrentamiento e, incluso, de cr\u00edticas a la iglesia. Demasiado a menudo se utiliza el tema del feminismo para pol\u00e9micas sesgadas y para ataques con objetivos ideol\u00f3gicos.<\/p>\n<p>La profesora Chinchilla es una de las voces m\u00e1s autorizadas que se pueden escuchar hoy en d\u00eda sobre esta cuesti\u00f3n, que ella expone desde un conocimiento profundo y una \u00f3ptica cristiana. Estudiosa del tema, ponente habitual en foros nacionales e internacionales, profesora y autora de numerosas publicaciones, creemos que es un privilegio poder tenerla como ponente en nuestros encuentros.<\/p>\n<p>Dado el gran inter\u00e9s del tema y el reconocido prestigio de la conferenciante, esperamos tener el placer de contar con tu presencia. La sesi\u00f3n empezar\u00e1 a las <strong>19.30 h en la\u00a0 Bas\u00edlica de la Merc\u00e8<\/strong>. Para vuestra informaci\u00f3n, previamente, a las 18.45 h se celebrar\u00e1 la eucarist\u00eda.<\/p>\n<p><strong>Nos gustaria contar con tu asistencia a este encuentro<\/strong>, que creemos que puede ayudar a reflexionar sobre la problem\u00e1tica que nos rodea.<\/p>\n<p><a ref=\"magnificPopup\" href=\"https:\/\/e-cristians.cat\/wp-content\/uploads\/2021\/10\/Merce_Chinchilla.jpg\" target=\"_blank\" rel=\"noopener\">Aqu\u00ed te puedes descargar el cartel<\/a> con el\u00a0ruego de que difundas esta actividad entre aquellas personas que creas que puedan estar interesadas.<\/p>\n","protected":false},"excerpt":{"rendered":"<p>Como cierre del ciclo de conferencias \u00abEncuentros en la Merc\u00e8\u00bb, organizadas por e-Cristians y la Bas\u00edlica de la Merc\u00e8, el pr\u00f3ximo mi\u00e9rcoles 17 de noviembre, intervendr\u00e1 la profesora Dra. Nuria Chinchilla, del IESE Business School, con una conferencia titulada \u00abFeminismo sin\u00e9rgico. Construyendo sobre las diferencias\u00bb. El tema del feminismo, tan actual y al mismo tiempo&#8230;<\/p>\n","protected":false},"author":2,"featured_media":25647,"comment_status":"closed","ping_status":"closed","sticky":false,"template":"","format":"standard","meta":{"_jetpack_memberships_contains_paid_content":false,"footnotes":""},"categories":[35,39],"tags":[],"class_list":["post-25650","post","type-post","status-publish","format-standard","has-post-thumbnail","hentry","category-informacions-i-agenda-de-cristians-es","category-portada_news-es"],"yoast_head":"<!-- This site is optimized with the Yoast SEO plugin v20.0 - https:\/\/yoast.com\/wordpress\/plugins\/seo\/ -->\n<title>Ciclo de conferencias Encuentros en la Merc\u00e8: &quot;Feminismo sin\u00e9rgico&quot;, con Nuria Chinchilla - e-Cristians<\/title>\n<meta name=\"description\" content=\"Vuelve el ciclo de conferencias \u201cEncuentros en la Merc\u00e8\u201d que e-Cristians organiza conjuntamente con la Bas\u00edlica de la Merc\u00e8\" \/>\n<meta name=\"robots\" content=\"index, follow, max-snippet:-1, max-image-preview:large, max-video-preview:-1\" \/>\n<link rel=\"canonical\" href=\"https:\/\/e-cristians.cat\/es\/vuelven-los-encuentros-en-la-merce-feminismo-sinergico-con-nuria-chinchilla\/\" \/>\n<meta property=\"og:locale\" content=\"es_ES\" \/>\n<meta property=\"og:type\" content=\"article\" \/>\n<meta property=\"og:title\" content=\"Ciclo de conferencias Encuentros en la Merc\u00e8: &quot;Feminismo sin\u00e9rgico&quot;, con Nuria Chinchilla - e-Cristians\" \/>\n<meta property=\"og:description\" content=\"Vuelve el ciclo de conferencias \u201cEncuentros en la Merc\u00e8\u201d que e-Cristians organiza conjuntamente con la Bas\u00edlica de la Merc\u00e8\" \/>\n<meta property=\"og:url\" content=\"https:\/\/e-cristians.cat\/es\/vuelven-los-encuentros-en-la-merce-feminismo-sinergico-con-nuria-chinchilla\/\" \/>\n<meta property=\"og:site_name\" content=\"e-Cristians\" \/>\n<meta property=\"article:published_time\" content=\"2021-11-11T16:44:51+00:00\" \/>\n<meta property=\"article:modified_time\" content=\"2021-11-15T15:04:29+00:00\" \/>\n<meta property=\"og:image\" content=\"https:\/\/e-cristians.cat\/wp-content\/uploads\/2021\/10\/Merce_Chinchilla.jpg\" \/>\n\t<meta property=\"og:image:width\" content=\"768\" \/>\n\t<meta property=\"og:image:height\" content=\"1024\" \/>\n\t<meta property=\"og:image:type\" content=\"image\/jpeg\" \/>\n<meta name=\"author\" content=\"e-Cristians\" \/>\n<meta name=\"twitter:card\" content=\"summary_large_image\" \/>\n<meta name=\"twitter:label1\" content=\"Escrito por\" \/>\n\t<meta name=\"twitter:data1\" content=\"e-Cristians\" \/>\n\t<meta name=\"twitter:label2\" content=\"Tiempo de lectura\" \/>\n\t<meta name=\"twitter:data2\" content=\"1 minuto\" \/>\n<script type=\"application\/ld+json\" class=\"yoast-schema-graph\">{\"@context\":\"https:\/\/schema.org\",\"@graph\":[{\"@type\":\"WebPage\",\"@id\":\"https:\/\/e-cristians.cat\/es\/vuelven-los-encuentros-en-la-merce-feminismo-sinergico-con-nuria-chinchilla\/\",\"url\":\"https:\/\/e-cristians.cat\/es\/vuelven-los-encuentros-en-la-merce-feminismo-sinergico-con-nuria-chinchilla\/\",\"name\":\"Ciclo de conferencias Encuentros en la Merc\u00e8: \\\"Feminismo sin\u00e9rgico\\\", con Nuria Chinchilla - e-Cristians\",\"isPartOf\":{\"@id\":\"https:\/\/e-cristians.cat\/#website\"},\"datePublished\":\"2021-11-11T16:44:51+00:00\",\"dateModified\":\"2021-11-15T15:04:29+00:00\",\"author\":{\"@id\":\"https:\/\/e-cristians.cat\/#\/schema\/person\/f0ec475338e49aaef9c9dc9d9f162861\"},\"description\":\"Vuelve el ciclo de conferencias \u201cEncuentros en la Merc\u00e8\u201d que e-Cristians organiza conjuntamente con la Bas\u00edlica de la Merc\u00e8\",\"breadcrumb\":{\"@id\":\"https:\/\/e-cristians.cat\/es\/vuelven-los-encuentros-en-la-merce-feminismo-sinergico-con-nuria-chinchilla\/#breadcrumb\"},\"inLanguage\":\"es\",\"potentialAction\":[{\"@type\":\"ReadAction\",\"target\":[\"https:\/\/e-cristians.cat\/es\/vuelven-los-encuentros-en-la-merce-feminismo-sinergico-con-nuria-chinchilla\/\"]}]},{\"@type\":\"BreadcrumbList\",\"@id\":\"https:\/\/e-cristians.cat\/es\/vuelven-los-encuentros-en-la-merce-feminismo-sinergico-con-nuria-chinchilla\/#breadcrumb\",\"itemListElement\":[{\"@type\":\"ListItem\",\"position\":1,\"name\":\"Inici\",\"item\":\"https:\/\/e-cristians.cat\/es\/\"},{\"@type\":\"ListItem\",\"position\":2,\"name\":\"Ciclo de conferencias Encuentros en la Merc\u00e8: \u00abFeminismo sin\u00e9rgico\u00bb, con Nuria Chinchilla\"}]},{\"@type\":\"WebSite\",\"@id\":\"https:\/\/e-cristians.cat\/#website\",\"url\":\"https:\/\/e-cristians.cat\/\",\"name\":\"e-Cristians\",\"description\":\"\",\"potentialAction\":[{\"@type\":\"SearchAction\",\"target\":{\"@type\":\"EntryPoint\",\"urlTemplate\":\"https:\/\/e-cristians.cat\/?s={search_term_string}\"},\"query-input\":\"required name=search_term_string\"}],\"inLanguage\":\"es\"},{\"@type\":\"Person\",\"@id\":\"https:\/\/e-cristians.cat\/#\/schema\/person\/f0ec475338e49aaef9c9dc9d9f162861\",\"name\":\"e-Cristians\",\"image\":{\"@type\":\"ImageObject\",\"inLanguage\":\"es\",\"@id\":\"https:\/\/e-cristians.cat\/#\/schema\/person\/image\/\",\"url\":\"https:\/\/secure.gravatar.com\/avatar\/14bc9e5b0ca69070f1075ad3efcb33c4?s=96&d=mm&r=g\",\"contentUrl\":\"https:\/\/secure.gravatar.com\/avatar\/14bc9e5b0ca69070f1075ad3efcb33c4?s=96&d=mm&r=g\",\"caption\":\"e-Cristians\"}}]}<\/script>\n<!-- \/ Yoast SEO plugin. -->","yoast_head_json":{"title":"Ciclo de conferencias Encuentros en la Merc\u00e8: \"Feminismo sin\u00e9rgico\", con Nuria Chinchilla - e-Cristians","description":"Vuelve el ciclo de conferencias \u201cEncuentros en la Merc\u00e8\u201d que e-Cristians organiza conjuntamente con la Bas\u00edlica de la Merc\u00e8","robots":{"index":"index","follow":"follow","max-snippet":"max-snippet:-1","max-image-preview":"max-image-preview:large","max-video-preview":"max-video-preview:-1"},"canonical":"https:\/\/e-cristians.cat\/es\/vuelven-los-encuentros-en-la-merce-feminismo-sinergico-con-nuria-chinchilla\/","og_locale":"es_ES","og_type":"article","og_title":"Ciclo de conferencias Encuentros en la Merc\u00e8: \"Feminismo sin\u00e9rgico\", con Nuria Chinchilla - e-Cristians","og_description":"Vuelve el ciclo de conferencias \u201cEncuentros en la Merc\u00e8\u201d que e-Cristians organiza conjuntamente con la Bas\u00edlica de la Merc\u00e8","og_url":"https:\/\/e-cristians.cat\/es\/vuelven-los-encuentros-en-la-merce-feminismo-sinergico-con-nuria-chinchilla\/","og_site_name":"e-Cristians","article_published_time":"2021-11-11T16:44:51+00:00","article_modified_time":"2021-11-15T15:04:29+00:00","og_image":[{"width":768,"height":1024,"url":"https:\/\/e-cristians.cat\/wp-content\/uploads\/2021\/10\/Merce_Chinchilla.jpg","type":"image\/jpeg"}],"author":"e-Cristians","twitter_card":"summary_large_image","twitter_misc":{"Escrito por":"e-Cristians","Tiempo de lectura":"1 minuto"},"schema":{"@context":"https:\/\/schema.org","@graph":[{"@type":"WebPage","@id":"https:\/\/e-cristians.cat\/es\/vuelven-los-encuentros-en-la-merce-feminismo-sinergico-con-nuria-chinchilla\/","url":"https:\/\/e-cristians.cat\/es\/vuelven-los-encuentros-en-la-merce-feminismo-sinergico-con-nuria-chinchilla\/","name":"Ciclo de conferencias Encuentros en la Merc\u00e8: \"Feminismo sin\u00e9rgico\", con Nuria Chinchilla - e-Cristians","isPartOf":{"@id":"https:\/\/e-cristians.cat\/#website"},"datePublished":"2021-11-11T16:44:51+00:00","dateModified":"2021-11-15T15:04:29+00:00","author":{"@id":"https:\/\/e-cristians.cat\/#\/schema\/person\/f0ec475338e49aaef9c9dc9d9f162861"},"description":"Vuelve el ciclo de conferencias \u201cEncuentros en la Merc\u00e8\u201d que e-Cristians organiza conjuntamente con la Bas\u00edlica de la Merc\u00e8","breadcrumb":{"@id":"https:\/\/e-cristians.cat\/es\/vuelven-los-encuentros-en-la-merce-feminismo-sinergico-con-nuria-chinchilla\/#breadcrumb"},"inLanguage":"es","potentialAction":[{"@type":"ReadAction","target":["https:\/\/e-cristians.cat\/es\/vuelven-los-encuentros-en-la-merce-feminismo-sinergico-con-nuria-chinchilla\/"]}]},{"@type":"BreadcrumbList","@id":"https:\/\/e-cristians.cat\/es\/vuelven-los-encuentros-en-la-merce-feminismo-sinergico-con-nuria-chinchilla\/#breadcrumb","itemListElement":[{"@type":"ListItem","position":1,"name":"Inici","item":"https:\/\/e-cristians.cat\/es\/"},{"@type":"ListItem","position":2,"name":"Ciclo de conferencias Encuentros en la Merc\u00e8: \u00abFeminismo sin\u00e9rgico\u00bb, con Nuria Chinchilla"}]},{"@type":"WebSite","@id":"https:\/\/e-cristians.cat\/#website","url":"https:\/\/e-cristians.cat\/","name":"e-Cristians","description":"","potentialAction":[{"@type":"SearchAction","target":{"@type":"EntryPoint","urlTemplate":"https:\/\/e-cristians.cat\/?s={search_term_string}"},"query-input":"required name=search_term_string"}],"inLanguage":"es"},{"@type":"Person","@id":"https:\/\/e-cristians.cat\/#\/schema\/person\/f0ec475338e49aaef9c9dc9d9f162861","name":"e-Cristians","image":{"@type":"ImageObject","inLanguage":"es","@id":"https:\/\/e-cristians.cat\/#\/schema\/person\/image\/","url":"https:\/\/secure.gravatar.com\/avatar\/14bc9e5b0ca69070f1075ad3efcb33c4?s=96&d=mm&r=g","contentUrl":"https:\/\/secure.gravatar.com\/avatar\/14bc9e5b0ca69070f1075ad3efcb33c4?s=96&d=mm&r=g","caption":"e-Cristians"}}]}},"jetpack_sharing_enabled":true,"jetpack_featured_media_url":"https:\/\/e-cristians.cat\/wp-content\/uploads\/2021\/10\/Merce_Chinchilla.jpg","_links":{"self":[{"href":"https:\/\/e-cristians.cat\/es\/wp-json\/wp\/v2\/posts\/25650"}],"collection":[{"href":"https:\/\/e-cristians.cat\/es\/wp-json\/wp\/v2\/posts"}],"about":[{"href":"https:\/\/e-cristians.cat\/es\/wp-json\/wp\/v2\/types\/post"}],"author":[{"embeddable":true,"href":"https:\/\/e-cristians.cat\/es\/wp-json\/wp\/v2\/users\/2"}],"replies":[{"embeddable":true,"href":"https:\/\/e-cristians.cat\/es\/wp-json\/wp\/v2\/comments?post=25650"}],"version-history":[{"count":4,"href":"https:\/\/e-cristians.cat\/es\/wp-json\/wp\/v2\/posts\/25650\/revisions"}],"predecessor-version":[{"id":30997,"href":"https:\/\/e-cristians.cat\/es\/wp-json\/wp\/v2\/posts\/25650\/revisions\/30997"}],"wp:featuredmedia":[{"embeddable":true,"href":"https:\/\/e-cristians.cat\/es\/wp-json\/wp\/v2\/media\/25647"}],"wp:attachment":[{"href":"https:\/\/e-cristians.cat\/es\/wp-json\/wp\/v2\/media?parent=25650"}],"wp:term":[{"taxonomy":"category","embeddable":true,"href":"https:\/\/e-cristians.cat\/es\/wp-json\/wp\/v2\/categories?post=25650"},{"taxonomy":"post_tag","embeddable":true,"href":"https:\/\/e-cristians.cat\/es\/wp-json\/wp\/v2\/tags?post=25650"}],"curies":[{"name":"wp","href":"https:\/\/api.w.org\/{rel}","templated":true}]}}