{"id":25888,"date":"2021-10-26T13:58:03","date_gmt":"2021-10-26T11:58:03","guid":{"rendered":"https:\/\/e-cristians.cat\/?p=25888"},"modified":"2021-10-28T15:24:09","modified_gmt":"2021-10-28T13:24:09","slug":"jornada-catalana-de-pastoral-de-la-salud-del-obispado-de-sant-feliu","status":"publish","type":"post","link":"https:\/\/e-cristians.cat\/es\/jornada-catalana-de-pastoral-de-la-salud-del-obispado-de-sant-feliu\/","title":{"rendered":"Jornada Catalana de Pastoral de la Salud del obispado de Sant Feliu"},"content":{"rendered":"<p>El Secretariado Interdiocesano de Pastoral de la Salud (SIPS) del obispado de Sant Feliu de Llobregat organiza la <strong>Jornada Catalana de Pastoral de la Salud<\/strong> que se realizar\u00e1 el s\u00e1bado <strong>6 de noviembre<\/strong> por la ma\u00f1ana en el <strong>Seminario Conciliar de Barcelona<\/strong>. Las ponencias ser\u00e1n:<\/p>\n<ul>\n<li><em><strong>La mort i l&#8217;eutan\u00e0sia en la societat actual<\/strong><\/em>, per la <strong>Dra. Montserrat Esquerda Arest\u00e9<\/strong> (Directora Institut Borja de Bio\u00e8tica)<\/li>\n<li><em><strong>Pand\u00e8mia i Salut Mental, com acompanyament amb equips transversals<\/strong><\/em>, per <strong>Mn. Sebasti\u00e0 Aup\u00ed Escarr\u00e0<\/strong> (Hosp. J. Trueta de Girona) i <strong>Sr. Josep Antoni Boix<\/strong> (Hosp. SJD de Sant Boi)<\/li>\n<\/ul>\n","protected":false},"excerpt":{"rendered":"<p>El Secretariado Interdiocesano de Pastoral de la Salud (SIPS) del obispado de Sant Feliu de Llobregat organiza la Jornada Catalana de Pastoral de la Salud que se realizar\u00e1 el s\u00e1bado 6 de noviembre por la ma\u00f1ana en el Seminario Conciliar de Barcelona. Las ponencias ser\u00e1n: La mort i l&#8217;eutan\u00e0sia en la societat actual, per la&#8230;<\/p>\n","protected":false},"author":2,"featured_media":25889,"comment_status":"closed","ping_status":"closed","sticky":false,"template":"","format":"standard","meta":{"_jetpack_memberships_contains_paid_content":false,"footnotes":""},"categories":[33,39],"tags":[44],"class_list":["post-25888","post","type-post","status-publish","format-standard","has-post-thumbnail","hentry","category-altres-entitats-informacions-agenda-i-documents-es","category-portada_news-es","tag-eutanasia-es"],"yoast_head":"<!-- This site is optimized with the Yoast SEO plugin v20.0 - https:\/\/yoast.com\/wordpress\/plugins\/seo\/ -->\n<title>Jornada Catalana de Pastoral de la Salud del obispado de Sant Feliu - e-Cristians<\/title>\n<meta name=\"robots\" content=\"noindex, nofollow\" \/>\n<meta property=\"og:locale\" content=\"es_ES\" \/>\n<meta property=\"og:type\" content=\"article\" \/>\n<meta property=\"og:title\" content=\"Jornada Catalana de Pastoral de la Salud del obispado de Sant Feliu - e-Cristians\" \/>\n<meta property=\"og:description\" content=\"El Secretariado Interdiocesano de Pastoral de la Salud (SIPS) del obispado de Sant Feliu de Llobregat organiza la Jornada Catalana de Pastoral de la Salud que se realizar\u00e1 el s\u00e1bado 6 de noviembre por la ma\u00f1ana en el Seminario Conciliar de Barcelona. Las ponencias ser\u00e1n: La mort i l&#8217;eutan\u00e0sia en la societat actual, per la...\" \/>\n<meta property=\"og:url\" content=\"https:\/\/e-cristians.cat\/es\/jornada-catalana-de-pastoral-de-la-salud-del-obispado-de-sant-feliu\/\" \/>\n<meta property=\"og:site_name\" content=\"e-Cristians\" \/>\n<meta property=\"article:published_time\" content=\"2021-10-26T11:58:03+00:00\" \/>\n<meta property=\"article:modified_time\" content=\"2021-10-28T13:24:09+00:00\" \/>\n<meta property=\"og:image\" content=\"https:\/\/e-cristians.cat\/wp-content\/uploads\/2021\/10\/eutanasia-kl5C-1024x512@abc.jpg\" \/>\n\t<meta property=\"og:image:width\" content=\"1024\" \/>\n\t<meta property=\"og:image:height\" content=\"512\" \/>\n\t<meta property=\"og:image:type\" content=\"image\/jpeg\" \/>\n<meta name=\"author\" content=\"e-Cristians\" \/>\n<meta name=\"twitter:card\" content=\"summary_large_image\" \/>\n<meta name=\"twitter:label1\" content=\"Escrito por\" \/>\n\t<meta name=\"twitter:data1\" content=\"e-Cristians\" \/>\n\t<meta name=\"twitter:label2\" content=\"Tiempo de lectura\" \/>\n\t<meta name=\"twitter:data2\" content=\"1 minuto\" \/>\n<script type=\"application\/ld+json\" class=\"yoast-schema-graph\">{\"@context\":\"https:\/\/schema.org\",\"@graph\":[{\"@type\":\"WebPage\",\"@id\":\"https:\/\/e-cristians.cat\/es\/jornada-catalana-de-pastoral-de-la-salud-del-obispado-de-sant-feliu\/\",\"url\":\"https:\/\/e-cristians.cat\/es\/jornada-catalana-de-pastoral-de-la-salud-del-obispado-de-sant-feliu\/\",\"name\":\"Jornada Catalana de Pastoral de la Salud del obispado de Sant Feliu - e-Cristians\",\"isPartOf\":{\"@id\":\"https:\/\/e-cristians.cat\/#website\"},\"datePublished\":\"2021-10-26T11:58:03+00:00\",\"dateModified\":\"2021-10-28T13:24:09+00:00\",\"author\":{\"@id\":\"https:\/\/e-cristians.cat\/#\/schema\/person\/f0ec475338e49aaef9c9dc9d9f162861\"},\"breadcrumb\":{\"@id\":\"https:\/\/e-cristians.cat\/es\/jornada-catalana-de-pastoral-de-la-salud-del-obispado-de-sant-feliu\/#breadcrumb\"},\"inLanguage\":\"es\",\"potentialAction\":[{\"@type\":\"ReadAction\",\"target\":[\"https:\/\/e-cristians.cat\/es\/jornada-catalana-de-pastoral-de-la-salud-del-obispado-de-sant-feliu\/\"]}]},{\"@type\":\"BreadcrumbList\",\"@id\":\"https:\/\/e-cristians.cat\/es\/jornada-catalana-de-pastoral-de-la-salud-del-obispado-de-sant-feliu\/#breadcrumb\",\"itemListElement\":[{\"@type\":\"ListItem\",\"position\":1,\"name\":\"Inici\",\"item\":\"https:\/\/e-cristians.cat\/es\/\"},{\"@type\":\"ListItem\",\"position\":2,\"name\":\"Jornada Catalana de Pastoral de la Salud del obispado de Sant Feliu\"}]},{\"@type\":\"WebSite\",\"@id\":\"https:\/\/e-cristians.cat\/#website\",\"url\":\"https:\/\/e-cristians.cat\/\",\"name\":\"e-Cristians\",\"description\":\"\",\"potentialAction\":[{\"@type\":\"SearchAction\",\"target\":{\"@type\":\"EntryPoint\",\"urlTemplate\":\"https:\/\/e-cristians.cat\/?s={search_term_string}\"},\"query-input\":\"required name=search_term_string\"}],\"inLanguage\":\"es\"},{\"@type\":\"Person\",\"@id\":\"https:\/\/e-cristians.cat\/#\/schema\/person\/f0ec475338e49aaef9c9dc9d9f162861\",\"name\":\"e-Cristians\",\"image\":{\"@type\":\"ImageObject\",\"inLanguage\":\"es\",\"@id\":\"https:\/\/e-cristians.cat\/#\/schema\/person\/image\/\",\"url\":\"https:\/\/secure.gravatar.com\/avatar\/14bc9e5b0ca69070f1075ad3efcb33c4?s=96&d=mm&r=g\",\"contentUrl\":\"https:\/\/secure.gravatar.com\/avatar\/14bc9e5b0ca69070f1075ad3efcb33c4?s=96&d=mm&r=g\",\"caption\":\"e-Cristians\"}}]}<\/script>\n<!-- \/ Yoast SEO plugin. -->","yoast_head_json":{"title":"Jornada Catalana de Pastoral de la Salud del obispado de Sant Feliu - e-Cristians","robots":{"index":"noindex","follow":"nofollow"},"og_locale":"es_ES","og_type":"article","og_title":"Jornada Catalana de Pastoral de la Salud del obispado de Sant Feliu - e-Cristians","og_description":"El Secretariado Interdiocesano de Pastoral de la Salud (SIPS) del obispado de Sant Feliu de Llobregat organiza la Jornada Catalana de Pastoral de la Salud que se realizar\u00e1 el s\u00e1bado 6 de noviembre por la ma\u00f1ana en el Seminario Conciliar de Barcelona. Las ponencias ser\u00e1n: La mort i l&#8217;eutan\u00e0sia en la societat actual, per la...","og_url":"https:\/\/e-cristians.cat\/es\/jornada-catalana-de-pastoral-de-la-salud-del-obispado-de-sant-feliu\/","og_site_name":"e-Cristians","article_published_time":"2021-10-26T11:58:03+00:00","article_modified_time":"2021-10-28T13:24:09+00:00","og_image":[{"width":1024,"height":512,"url":"https:\/\/e-cristians.cat\/wp-content\/uploads\/2021\/10\/eutanasia-kl5C-1024x512@abc.jpg","type":"image\/jpeg"}],"author":"e-Cristians","twitter_card":"summary_large_image","twitter_misc":{"Escrito por":"e-Cristians","Tiempo de lectura":"1 minuto"},"schema":{"@context":"https:\/\/schema.org","@graph":[{"@type":"WebPage","@id":"https:\/\/e-cristians.cat\/es\/jornada-catalana-de-pastoral-de-la-salud-del-obispado-de-sant-feliu\/","url":"https:\/\/e-cristians.cat\/es\/jornada-catalana-de-pastoral-de-la-salud-del-obispado-de-sant-feliu\/","name":"Jornada Catalana de Pastoral de la Salud del obispado de Sant Feliu - e-Cristians","isPartOf":{"@id":"https:\/\/e-cristians.cat\/#website"},"datePublished":"2021-10-26T11:58:03+00:00","dateModified":"2021-10-28T13:24:09+00:00","author":{"@id":"https:\/\/e-cristians.cat\/#\/schema\/person\/f0ec475338e49aaef9c9dc9d9f162861"},"breadcrumb":{"@id":"https:\/\/e-cristians.cat\/es\/jornada-catalana-de-pastoral-de-la-salud-del-obispado-de-sant-feliu\/#breadcrumb"},"inLanguage":"es","potentialAction":[{"@type":"ReadAction","target":["https:\/\/e-cristians.cat\/es\/jornada-catalana-de-pastoral-de-la-salud-del-obispado-de-sant-feliu\/"]}]},{"@type":"BreadcrumbList","@id":"https:\/\/e-cristians.cat\/es\/jornada-catalana-de-pastoral-de-la-salud-del-obispado-de-sant-feliu\/#breadcrumb","itemListElement":[{"@type":"ListItem","position":1,"name":"Inici","item":"https:\/\/e-cristians.cat\/es\/"},{"@type":"ListItem","position":2,"name":"Jornada Catalana de Pastoral de la Salud del obispado de Sant Feliu"}]},{"@type":"WebSite","@id":"https:\/\/e-cristians.cat\/#website","url":"https:\/\/e-cristians.cat\/","name":"e-Cristians","description":"","potentialAction":[{"@type":"SearchAction","target":{"@type":"EntryPoint","urlTemplate":"https:\/\/e-cristians.cat\/?s={search_term_string}"},"query-input":"required name=search_term_string"}],"inLanguage":"es"},{"@type":"Person","@id":"https:\/\/e-cristians.cat\/#\/schema\/person\/f0ec475338e49aaef9c9dc9d9f162861","name":"e-Cristians","image":{"@type":"ImageObject","inLanguage":"es","@id":"https:\/\/e-cristians.cat\/#\/schema\/person\/image\/","url":"https:\/\/secure.gravatar.com\/avatar\/14bc9e5b0ca69070f1075ad3efcb33c4?s=96&d=mm&r=g","contentUrl":"https:\/\/secure.gravatar.com\/avatar\/14bc9e5b0ca69070f1075ad3efcb33c4?s=96&d=mm&r=g","caption":"e-Cristians"}}]}},"jetpack_sharing_enabled":true,"jetpack_featured_media_url":"https:\/\/e-cristians.cat\/wp-content\/uploads\/2021\/10\/eutanasia-kl5C-1024x512@abc.jpg","_links":{"self":[{"href":"https:\/\/e-cristians.cat\/es\/wp-json\/wp\/v2\/posts\/25888"}],"collection":[{"href":"https:\/\/e-cristians.cat\/es\/wp-json\/wp\/v2\/posts"}],"about":[{"href":"https:\/\/e-cristians.cat\/es\/wp-json\/wp\/v2\/types\/post"}],"author":[{"embeddable":true,"href":"https:\/\/e-cristians.cat\/es\/wp-json\/wp\/v2\/users\/2"}],"replies":[{"embeddable":true,"href":"https:\/\/e-cristians.cat\/es\/wp-json\/wp\/v2\/comments?post=25888"}],"version-history":[{"count":1,"href":"https:\/\/e-cristians.cat\/es\/wp-json\/wp\/v2\/posts\/25888\/revisions"}],"predecessor-version":[{"id":25891,"href":"https:\/\/e-cristians.cat\/es\/wp-json\/wp\/v2\/posts\/25888\/revisions\/25891"}],"wp:featuredmedia":[{"embeddable":true,"href":"https:\/\/e-cristians.cat\/es\/wp-json\/wp\/v2\/media\/25889"}],"wp:attachment":[{"href":"https:\/\/e-cristians.cat\/es\/wp-json\/wp\/v2\/media?parent=25888"}],"wp:term":[{"taxonomy":"category","embeddable":true,"href":"https:\/\/e-cristians.cat\/es\/wp-json\/wp\/v2\/categories?post=25888"},{"taxonomy":"post_tag","embeddable":true,"href":"https:\/\/e-cristians.cat\/es\/wp-json\/wp\/v2\/tags?post=25888"}],"curies":[{"name":"wp","href":"https:\/\/api.w.org\/{rel}","templated":true}]}}