{"id":263696,"date":"2024-02-08T13:56:20","date_gmt":"2024-02-08T12:56:20","guid":{"rendered":"https:\/\/e-cristians.cat\/?p=263696"},"modified":"2024-02-08T15:04:08","modified_gmt":"2024-02-08T14:04:08","slug":"xxvi-congreso-nacional-provida-inscripcion-abierta","status":"publish","type":"post","link":"https:\/\/e-cristians.cat\/es\/xxvi-congreso-nacional-provida-inscripcion-abierta\/","title":{"rendered":"XXVI Congreso Nacional Provida. Inscripci\u00f3n abierta"},"content":{"rendered":"<p class=\"has-text-align-center\"><strong>El Bien siempre Vence\u00a0es el lema del\u00a0XXVl\u00a0Congreso Nacional Provida<\/strong>. Es una certeza que conviene recordar en estos momentos de confusi\u00f3n, relativismo y aparente triunfo del mal. El BIEN (tambi\u00e9n el mal) existe y todos los seres humanos lo reconocemos. Sus efectos son constructivos y curativos tanto para quien lo practica como para quien lo recibe y afectan a<br \/>\ngeneraciones. Normalmente, no hace ruido, pero cambia vidas, cura heridas, devuelve\u00a0 speranzas y es capaz de llegar hasta los rincones m\u00e1s escondidos del ser humano y de la sociedad. La cuesti\u00f3n est\u00e1 en s\u00ed queremos adherirnos a \u00e9l, defenderlo y perseverar.<\/p>\n<p class=\"has-text-align-center\">Los Congresos Provida son un instrumento valioso que complementa la acci\u00f3n diaria de tantas personas y asociaciones en todos los \u00e1mbitos. Ayudan a difundir la cultura de la vida y a contrastar ideas con rigor, argumentos y evidencias. Estos congresos desenmascaran las leyes injustas, las ideolog\u00edas de muerte, el intento de llamar bien al mal. Y muestran la grandeza y coherencia de una aut\u00e9ntica valoraci\u00f3n y cuidado de toda vida humana, especialmente la m\u00e1s vulnerable.<\/p>\n<p class=\"has-text-align-center\">Se abordar\u00e1n temas variados, muy interesantes y actuales. Los Congresos Provida dejan huella, son una oportunidad de formarse, de conocer iniciativas y experiencias que merecen la pena.<\/p>\n<ul>\n<li>D\u00edas: <strong>Viernes, 8 y s\u00e1bado 9 de marzo<\/strong><\/li>\n<li>Lloc:\u00a0<strong>Universidad CEU San Pablo<\/strong>\u00a0(c\/ Juli\u00e1n Romea, 23, Madrid)<\/li>\n<\/ul>\n<p>Informaci\u00f3n e inscripci\u00f3n: <a href=\"http:\/\/www.provida.es\/congreso\" target=\"_blank\" rel=\"noopener\">www.provida.es\/congreso<\/a><\/p>\n<p><em>Colaboran: CEU y ACdP<\/em><\/p>\n","protected":false},"excerpt":{"rendered":"<p>El Bien siempre Vence\u00a0es el lema del\u00a0XXVl\u00a0Congreso Nacional Provida. Es una certeza que conviene recordar en estos momentos de confusi\u00f3n, relativismo y aparente triunfo del mal. El BIEN (tambi\u00e9n el mal) existe y todos los seres humanos lo reconocemos. Sus efectos son constructivos y curativos tanto para quien lo practica como para quien lo recibe&#8230;<\/p>\n","protected":false},"author":2,"featured_media":263693,"comment_status":"closed","ping_status":"closed","sticky":false,"template":"","format":"standard","meta":{"_jetpack_memberships_contains_paid_content":false,"footnotes":""},"categories":[33,39],"tags":[],"class_list":["post-263696","post","type-post","status-publish","format-standard","has-post-thumbnail","hentry","category-altres-entitats-informacions-agenda-i-documents-es","category-portada_news-es"],"yoast_head":"<!-- This site is optimized with the Yoast SEO plugin v20.0 - https:\/\/yoast.com\/wordpress\/plugins\/seo\/ -->\n<title>XXVI Congreso Nacional Provida. Inscripci\u00f3n abierta - e-Cristians<\/title>\n<meta name=\"robots\" content=\"index, follow, max-snippet:-1, max-image-preview:large, max-video-preview:-1\" \/>\n<link rel=\"canonical\" href=\"https:\/\/e-cristians.cat\/es\/xxvi-congreso-nacional-provida-inscripcion-abierta\/\" \/>\n<meta property=\"og:locale\" content=\"es_ES\" \/>\n<meta property=\"og:type\" content=\"article\" \/>\n<meta property=\"og:title\" content=\"XXVI Congreso Nacional Provida. Inscripci\u00f3n abierta - e-Cristians\" \/>\n<meta property=\"og:description\" content=\"El Bien siempre Vence\u00a0es el lema del\u00a0XXVl\u00a0Congreso Nacional Provida. Es una certeza que conviene recordar en estos momentos de confusi\u00f3n, relativismo y aparente triunfo del mal. El BIEN (tambi\u00e9n el mal) existe y todos los seres humanos lo reconocemos. Sus efectos son constructivos y curativos tanto para quien lo practica como para quien lo recibe...\" \/>\n<meta property=\"og:url\" content=\"https:\/\/e-cristians.cat\/es\/xxvi-congreso-nacional-provida-inscripcion-abierta\/\" \/>\n<meta property=\"og:site_name\" content=\"e-Cristians\" \/>\n<meta property=\"article:published_time\" content=\"2024-02-08T12:56:20+00:00\" \/>\n<meta property=\"article:modified_time\" content=\"2024-02-08T14:04:08+00:00\" \/>\n<meta property=\"og:image\" content=\"https:\/\/e-cristians.cat\/wp-content\/uploads\/2024\/02\/Logo-Congreso-Provida-2024-OK-1024x512-1.jpg\" \/>\n\t<meta property=\"og:image:width\" content=\"1024\" \/>\n\t<meta property=\"og:image:height\" content=\"512\" \/>\n\t<meta property=\"og:image:type\" content=\"image\/jpeg\" \/>\n<meta name=\"author\" content=\"e-Cristians\" \/>\n<meta name=\"twitter:card\" content=\"summary_large_image\" \/>\n<meta name=\"twitter:label1\" content=\"Escrito por\" \/>\n\t<meta name=\"twitter:data1\" content=\"e-Cristians\" \/>\n\t<meta name=\"twitter:label2\" content=\"Tiempo de lectura\" \/>\n\t<meta name=\"twitter:data2\" content=\"2 minutos\" \/>\n<script type=\"application\/ld+json\" class=\"yoast-schema-graph\">{\"@context\":\"https:\/\/schema.org\",\"@graph\":[{\"@type\":\"WebPage\",\"@id\":\"https:\/\/e-cristians.cat\/es\/xxvi-congreso-nacional-provida-inscripcion-abierta\/\",\"url\":\"https:\/\/e-cristians.cat\/es\/xxvi-congreso-nacional-provida-inscripcion-abierta\/\",\"name\":\"XXVI Congreso Nacional Provida. Inscripci\u00f3n abierta - e-Cristians\",\"isPartOf\":{\"@id\":\"https:\/\/e-cristians.cat\/#website\"},\"datePublished\":\"2024-02-08T12:56:20+00:00\",\"dateModified\":\"2024-02-08T14:04:08+00:00\",\"author\":{\"@id\":\"https:\/\/e-cristians.cat\/#\/schema\/person\/f0ec475338e49aaef9c9dc9d9f162861\"},\"breadcrumb\":{\"@id\":\"https:\/\/e-cristians.cat\/es\/xxvi-congreso-nacional-provida-inscripcion-abierta\/#breadcrumb\"},\"inLanguage\":\"es\",\"potentialAction\":[{\"@type\":\"ReadAction\",\"target\":[\"https:\/\/e-cristians.cat\/es\/xxvi-congreso-nacional-provida-inscripcion-abierta\/\"]}]},{\"@type\":\"BreadcrumbList\",\"@id\":\"https:\/\/e-cristians.cat\/es\/xxvi-congreso-nacional-provida-inscripcion-abierta\/#breadcrumb\",\"itemListElement\":[{\"@type\":\"ListItem\",\"position\":1,\"name\":\"Inici\",\"item\":\"https:\/\/e-cristians.cat\/es\/\"},{\"@type\":\"ListItem\",\"position\":2,\"name\":\"XXVI Congreso Nacional Provida. Inscripci\u00f3n abierta\"}]},{\"@type\":\"WebSite\",\"@id\":\"https:\/\/e-cristians.cat\/#website\",\"url\":\"https:\/\/e-cristians.cat\/\",\"name\":\"e-Cristians\",\"description\":\"\",\"potentialAction\":[{\"@type\":\"SearchAction\",\"target\":{\"@type\":\"EntryPoint\",\"urlTemplate\":\"https:\/\/e-cristians.cat\/?s={search_term_string}\"},\"query-input\":\"required name=search_term_string\"}],\"inLanguage\":\"es\"},{\"@type\":\"Person\",\"@id\":\"https:\/\/e-cristians.cat\/#\/schema\/person\/f0ec475338e49aaef9c9dc9d9f162861\",\"name\":\"e-Cristians\",\"image\":{\"@type\":\"ImageObject\",\"inLanguage\":\"es\",\"@id\":\"https:\/\/e-cristians.cat\/#\/schema\/person\/image\/\",\"url\":\"https:\/\/secure.gravatar.com\/avatar\/14bc9e5b0ca69070f1075ad3efcb33c4?s=96&d=mm&r=g\",\"contentUrl\":\"https:\/\/secure.gravatar.com\/avatar\/14bc9e5b0ca69070f1075ad3efcb33c4?s=96&d=mm&r=g\",\"caption\":\"e-Cristians\"}}]}<\/script>\n<!-- \/ Yoast SEO plugin. -->","yoast_head_json":{"title":"XXVI Congreso Nacional Provida. Inscripci\u00f3n abierta - e-Cristians","robots":{"index":"index","follow":"follow","max-snippet":"max-snippet:-1","max-image-preview":"max-image-preview:large","max-video-preview":"max-video-preview:-1"},"canonical":"https:\/\/e-cristians.cat\/es\/xxvi-congreso-nacional-provida-inscripcion-abierta\/","og_locale":"es_ES","og_type":"article","og_title":"XXVI Congreso Nacional Provida. Inscripci\u00f3n abierta - e-Cristians","og_description":"El Bien siempre Vence\u00a0es el lema del\u00a0XXVl\u00a0Congreso Nacional Provida. Es una certeza que conviene recordar en estos momentos de confusi\u00f3n, relativismo y aparente triunfo del mal. El BIEN (tambi\u00e9n el mal) existe y todos los seres humanos lo reconocemos. Sus efectos son constructivos y curativos tanto para quien lo practica como para quien lo recibe...","og_url":"https:\/\/e-cristians.cat\/es\/xxvi-congreso-nacional-provida-inscripcion-abierta\/","og_site_name":"e-Cristians","article_published_time":"2024-02-08T12:56:20+00:00","article_modified_time":"2024-02-08T14:04:08+00:00","og_image":[{"width":1024,"height":512,"url":"https:\/\/e-cristians.cat\/wp-content\/uploads\/2024\/02\/Logo-Congreso-Provida-2024-OK-1024x512-1.jpg","type":"image\/jpeg"}],"author":"e-Cristians","twitter_card":"summary_large_image","twitter_misc":{"Escrito por":"e-Cristians","Tiempo de lectura":"2 minutos"},"schema":{"@context":"https:\/\/schema.org","@graph":[{"@type":"WebPage","@id":"https:\/\/e-cristians.cat\/es\/xxvi-congreso-nacional-provida-inscripcion-abierta\/","url":"https:\/\/e-cristians.cat\/es\/xxvi-congreso-nacional-provida-inscripcion-abierta\/","name":"XXVI Congreso Nacional Provida. Inscripci\u00f3n abierta - e-Cristians","isPartOf":{"@id":"https:\/\/e-cristians.cat\/#website"},"datePublished":"2024-02-08T12:56:20+00:00","dateModified":"2024-02-08T14:04:08+00:00","author":{"@id":"https:\/\/e-cristians.cat\/#\/schema\/person\/f0ec475338e49aaef9c9dc9d9f162861"},"breadcrumb":{"@id":"https:\/\/e-cristians.cat\/es\/xxvi-congreso-nacional-provida-inscripcion-abierta\/#breadcrumb"},"inLanguage":"es","potentialAction":[{"@type":"ReadAction","target":["https:\/\/e-cristians.cat\/es\/xxvi-congreso-nacional-provida-inscripcion-abierta\/"]}]},{"@type":"BreadcrumbList","@id":"https:\/\/e-cristians.cat\/es\/xxvi-congreso-nacional-provida-inscripcion-abierta\/#breadcrumb","itemListElement":[{"@type":"ListItem","position":1,"name":"Inici","item":"https:\/\/e-cristians.cat\/es\/"},{"@type":"ListItem","position":2,"name":"XXVI Congreso Nacional Provida. Inscripci\u00f3n abierta"}]},{"@type":"WebSite","@id":"https:\/\/e-cristians.cat\/#website","url":"https:\/\/e-cristians.cat\/","name":"e-Cristians","description":"","potentialAction":[{"@type":"SearchAction","target":{"@type":"EntryPoint","urlTemplate":"https:\/\/e-cristians.cat\/?s={search_term_string}"},"query-input":"required name=search_term_string"}],"inLanguage":"es"},{"@type":"Person","@id":"https:\/\/e-cristians.cat\/#\/schema\/person\/f0ec475338e49aaef9c9dc9d9f162861","name":"e-Cristians","image":{"@type":"ImageObject","inLanguage":"es","@id":"https:\/\/e-cristians.cat\/#\/schema\/person\/image\/","url":"https:\/\/secure.gravatar.com\/avatar\/14bc9e5b0ca69070f1075ad3efcb33c4?s=96&d=mm&r=g","contentUrl":"https:\/\/secure.gravatar.com\/avatar\/14bc9e5b0ca69070f1075ad3efcb33c4?s=96&d=mm&r=g","caption":"e-Cristians"}}]}},"jetpack_sharing_enabled":true,"jetpack_featured_media_url":"https:\/\/e-cristians.cat\/wp-content\/uploads\/2024\/02\/Logo-Congreso-Provida-2024-OK-1024x512-1.jpg","_links":{"self":[{"href":"https:\/\/e-cristians.cat\/es\/wp-json\/wp\/v2\/posts\/263696"}],"collection":[{"href":"https:\/\/e-cristians.cat\/es\/wp-json\/wp\/v2\/posts"}],"about":[{"href":"https:\/\/e-cristians.cat\/es\/wp-json\/wp\/v2\/types\/post"}],"author":[{"embeddable":true,"href":"https:\/\/e-cristians.cat\/es\/wp-json\/wp\/v2\/users\/2"}],"replies":[{"embeddable":true,"href":"https:\/\/e-cristians.cat\/es\/wp-json\/wp\/v2\/comments?post=263696"}],"version-history":[{"count":1,"href":"https:\/\/e-cristians.cat\/es\/wp-json\/wp\/v2\/posts\/263696\/revisions"}],"predecessor-version":[{"id":263704,"href":"https:\/\/e-cristians.cat\/es\/wp-json\/wp\/v2\/posts\/263696\/revisions\/263704"}],"wp:featuredmedia":[{"embeddable":true,"href":"https:\/\/e-cristians.cat\/es\/wp-json\/wp\/v2\/media\/263693"}],"wp:attachment":[{"href":"https:\/\/e-cristians.cat\/es\/wp-json\/wp\/v2\/media?parent=263696"}],"wp:term":[{"taxonomy":"category","embeddable":true,"href":"https:\/\/e-cristians.cat\/es\/wp-json\/wp\/v2\/categories?post=263696"},{"taxonomy":"post_tag","embeddable":true,"href":"https:\/\/e-cristians.cat\/es\/wp-json\/wp\/v2\/tags?post=263696"}],"curies":[{"name":"wp","href":"https:\/\/api.w.org\/{rel}","templated":true}]}}