{"id":2638,"date":"2021-01-21T20:00:50","date_gmt":"2021-01-21T19:00:50","guid":{"rendered":"https:\/\/e-cristians.cat\/?p=2638"},"modified":"2021-01-22T12:15:39","modified_gmt":"2021-01-22T11:15:39","slug":"la-gran-asamblea-de-la-vida-la-dignidad-y-la-libertad","status":"publish","type":"post","link":"https:\/\/e-cristians.cat\/es\/la-gran-asamblea-de-la-vida-la-dignidad-y-la-libertad\/","title":{"rendered":"La gran Asamblea de la Vida, la Dignidad y la Libertad"},"content":{"rendered":"<p><em>ForumLibertas.com<\/em><\/p>\n<p>Un hecho radicalmente nuevo, de singular importancia, se produce este viernes a la 17,30:\u00a0<strong>la Asamblea de Asociaciones por la Vida, la Dignidad y la Libertad<\/strong>.<\/p>\n<p>M\u00e1s de 120 organizaciones de toda Espa\u00f1a estar\u00e1n presentes para iniciar lo que se pretende que sea un proyecto dotado de permanencia y amplitud, surgido de la sociedad civil, especialmente de los \u00e1mbitos cristianos, libre de toda influencia partidista y, por tanto, independiente de sus avatares, si bien con unos objetivos claros que les acercan m\u00e1s a unos que a otros por la naturaleza de lo que defienden, y no por una raz\u00f3n de militancia pol\u00edtica. <a href=\"https:\/\/www.forumlibertas.com\/la-gran-asamblea-de-la-vida-la-dignidad-y-la-libertad\/\" target=\"_blank\" rel=\"noopener\">Leer m\u00e1s.<\/a><\/p>\n","protected":false},"excerpt":{"rendered":"<p>ForumLibertas.com Un hecho radicalmente nuevo, de singular importancia, se produce este viernes a la 17,30:\u00a0la Asamblea de Asociaciones por la Vida, la Dignidad y la Libertad. M\u00e1s de 120 organizaciones de toda Espa\u00f1a estar\u00e1n presentes para iniciar lo que se pretende que sea un proyecto dotado de permanencia y amplitud, surgido de la sociedad civil,&#8230;<\/p>\n","protected":false},"author":2,"featured_media":2546,"comment_status":"closed","ping_status":"closed","sticky":false,"template":"","format":"standard","meta":{"_jetpack_memberships_contains_paid_content":false,"footnotes":""},"categories":[34,39],"tags":[],"class_list":["post-2638","post","type-post","status-publish","format-standard","has-post-thumbnail","hentry","category-editorials-i-blogs-de-forumlibertas-es","category-portada_news-es"],"yoast_head":"<!-- This site is optimized with the Yoast SEO plugin v20.0 - https:\/\/yoast.com\/wordpress\/plugins\/seo\/ -->\n<title>La gran Asamblea de la Vida, la Dignidad y la Libertad - e-Cristians<\/title>\n<meta name=\"robots\" content=\"noindex, nofollow\" \/>\n<meta property=\"og:locale\" content=\"es_ES\" \/>\n<meta property=\"og:type\" content=\"article\" \/>\n<meta property=\"og:title\" content=\"La gran Asamblea de la Vida, la Dignidad y la Libertad - e-Cristians\" \/>\n<meta property=\"og:description\" content=\"ForumLibertas.com Un hecho radicalmente nuevo, de singular importancia, se produce este viernes a la 17,30:\u00a0la Asamblea de Asociaciones por la Vida, la Dignidad y la Libertad. M\u00e1s de 120 organizaciones de toda Espa\u00f1a estar\u00e1n presentes para iniciar lo que se pretende que sea un proyecto dotado de permanencia y amplitud, surgido de la sociedad civil,...\" \/>\n<meta property=\"og:url\" content=\"https:\/\/e-cristians.cat\/es\/la-gran-asamblea-de-la-vida-la-dignidad-y-la-libertad\/\" \/>\n<meta property=\"og:site_name\" content=\"e-Cristians\" \/>\n<meta property=\"article:published_time\" content=\"2021-01-21T19:00:50+00:00\" \/>\n<meta property=\"article:modified_time\" content=\"2021-01-22T11:15:39+00:00\" \/>\n<meta property=\"og:image\" content=\"https:\/\/e-cristians.cat\/wp-content\/uploads\/2020\/12\/CARTEL-ASAMBLEA.jpg\" \/>\n\t<meta property=\"og:image:width\" content=\"500\" \/>\n\t<meta property=\"og:image:height\" content=\"500\" \/>\n\t<meta property=\"og:image:type\" content=\"image\/jpeg\" \/>\n<meta name=\"author\" content=\"e-Cristians\" \/>\n<meta name=\"twitter:card\" content=\"summary_large_image\" \/>\n<meta name=\"twitter:label1\" content=\"Escrito por\" \/>\n\t<meta name=\"twitter:data1\" content=\"e-Cristians\" \/>\n\t<meta name=\"twitter:label2\" content=\"Tiempo de lectura\" \/>\n\t<meta name=\"twitter:data2\" content=\"1 minuto\" \/>\n<script type=\"application\/ld+json\" class=\"yoast-schema-graph\">{\"@context\":\"https:\/\/schema.org\",\"@graph\":[{\"@type\":\"WebPage\",\"@id\":\"https:\/\/e-cristians.cat\/es\/la-gran-asamblea-de-la-vida-la-dignidad-y-la-libertad\/\",\"url\":\"https:\/\/e-cristians.cat\/es\/la-gran-asamblea-de-la-vida-la-dignidad-y-la-libertad\/\",\"name\":\"La gran Asamblea de la Vida, la Dignidad y la Libertad - e-Cristians\",\"isPartOf\":{\"@id\":\"https:\/\/e-cristians.cat\/#website\"},\"datePublished\":\"2021-01-21T19:00:50+00:00\",\"dateModified\":\"2021-01-22T11:15:39+00:00\",\"author\":{\"@id\":\"https:\/\/e-cristians.cat\/#\/schema\/person\/f0ec475338e49aaef9c9dc9d9f162861\"},\"breadcrumb\":{\"@id\":\"https:\/\/e-cristians.cat\/es\/la-gran-asamblea-de-la-vida-la-dignidad-y-la-libertad\/#breadcrumb\"},\"inLanguage\":\"es\",\"potentialAction\":[{\"@type\":\"ReadAction\",\"target\":[\"https:\/\/e-cristians.cat\/es\/la-gran-asamblea-de-la-vida-la-dignidad-y-la-libertad\/\"]}]},{\"@type\":\"BreadcrumbList\",\"@id\":\"https:\/\/e-cristians.cat\/es\/la-gran-asamblea-de-la-vida-la-dignidad-y-la-libertad\/#breadcrumb\",\"itemListElement\":[{\"@type\":\"ListItem\",\"position\":1,\"name\":\"Inici\",\"item\":\"https:\/\/e-cristians.cat\/es\/\"},{\"@type\":\"ListItem\",\"position\":2,\"name\":\"La gran Asamblea de la Vida, la Dignidad y la Libertad\"}]},{\"@type\":\"WebSite\",\"@id\":\"https:\/\/e-cristians.cat\/#website\",\"url\":\"https:\/\/e-cristians.cat\/\",\"name\":\"e-Cristians\",\"description\":\"\",\"potentialAction\":[{\"@type\":\"SearchAction\",\"target\":{\"@type\":\"EntryPoint\",\"urlTemplate\":\"https:\/\/e-cristians.cat\/?s={search_term_string}\"},\"query-input\":\"required name=search_term_string\"}],\"inLanguage\":\"es\"},{\"@type\":\"Person\",\"@id\":\"https:\/\/e-cristians.cat\/#\/schema\/person\/f0ec475338e49aaef9c9dc9d9f162861\",\"name\":\"e-Cristians\",\"image\":{\"@type\":\"ImageObject\",\"inLanguage\":\"es\",\"@id\":\"https:\/\/e-cristians.cat\/#\/schema\/person\/image\/\",\"url\":\"https:\/\/secure.gravatar.com\/avatar\/14bc9e5b0ca69070f1075ad3efcb33c4?s=96&d=mm&r=g\",\"contentUrl\":\"https:\/\/secure.gravatar.com\/avatar\/14bc9e5b0ca69070f1075ad3efcb33c4?s=96&d=mm&r=g\",\"caption\":\"e-Cristians\"}}]}<\/script>\n<!-- \/ Yoast SEO plugin. -->","yoast_head_json":{"title":"La gran Asamblea de la Vida, la Dignidad y la Libertad - e-Cristians","robots":{"index":"noindex","follow":"nofollow"},"og_locale":"es_ES","og_type":"article","og_title":"La gran Asamblea de la Vida, la Dignidad y la Libertad - e-Cristians","og_description":"ForumLibertas.com Un hecho radicalmente nuevo, de singular importancia, se produce este viernes a la 17,30:\u00a0la Asamblea de Asociaciones por la Vida, la Dignidad y la Libertad. M\u00e1s de 120 organizaciones de toda Espa\u00f1a estar\u00e1n presentes para iniciar lo que se pretende que sea un proyecto dotado de permanencia y amplitud, surgido de la sociedad civil,...","og_url":"https:\/\/e-cristians.cat\/es\/la-gran-asamblea-de-la-vida-la-dignidad-y-la-libertad\/","og_site_name":"e-Cristians","article_published_time":"2021-01-21T19:00:50+00:00","article_modified_time":"2021-01-22T11:15:39+00:00","og_image":[{"width":500,"height":500,"url":"https:\/\/e-cristians.cat\/wp-content\/uploads\/2020\/12\/CARTEL-ASAMBLEA.jpg","type":"image\/jpeg"}],"author":"e-Cristians","twitter_card":"summary_large_image","twitter_misc":{"Escrito por":"e-Cristians","Tiempo de lectura":"1 minuto"},"schema":{"@context":"https:\/\/schema.org","@graph":[{"@type":"WebPage","@id":"https:\/\/e-cristians.cat\/es\/la-gran-asamblea-de-la-vida-la-dignidad-y-la-libertad\/","url":"https:\/\/e-cristians.cat\/es\/la-gran-asamblea-de-la-vida-la-dignidad-y-la-libertad\/","name":"La gran Asamblea de la Vida, la Dignidad y la Libertad - e-Cristians","isPartOf":{"@id":"https:\/\/e-cristians.cat\/#website"},"datePublished":"2021-01-21T19:00:50+00:00","dateModified":"2021-01-22T11:15:39+00:00","author":{"@id":"https:\/\/e-cristians.cat\/#\/schema\/person\/f0ec475338e49aaef9c9dc9d9f162861"},"breadcrumb":{"@id":"https:\/\/e-cristians.cat\/es\/la-gran-asamblea-de-la-vida-la-dignidad-y-la-libertad\/#breadcrumb"},"inLanguage":"es","potentialAction":[{"@type":"ReadAction","target":["https:\/\/e-cristians.cat\/es\/la-gran-asamblea-de-la-vida-la-dignidad-y-la-libertad\/"]}]},{"@type":"BreadcrumbList","@id":"https:\/\/e-cristians.cat\/es\/la-gran-asamblea-de-la-vida-la-dignidad-y-la-libertad\/#breadcrumb","itemListElement":[{"@type":"ListItem","position":1,"name":"Inici","item":"https:\/\/e-cristians.cat\/es\/"},{"@type":"ListItem","position":2,"name":"La gran Asamblea de la Vida, la Dignidad y la Libertad"}]},{"@type":"WebSite","@id":"https:\/\/e-cristians.cat\/#website","url":"https:\/\/e-cristians.cat\/","name":"e-Cristians","description":"","potentialAction":[{"@type":"SearchAction","target":{"@type":"EntryPoint","urlTemplate":"https:\/\/e-cristians.cat\/?s={search_term_string}"},"query-input":"required name=search_term_string"}],"inLanguage":"es"},{"@type":"Person","@id":"https:\/\/e-cristians.cat\/#\/schema\/person\/f0ec475338e49aaef9c9dc9d9f162861","name":"e-Cristians","image":{"@type":"ImageObject","inLanguage":"es","@id":"https:\/\/e-cristians.cat\/#\/schema\/person\/image\/","url":"https:\/\/secure.gravatar.com\/avatar\/14bc9e5b0ca69070f1075ad3efcb33c4?s=96&d=mm&r=g","contentUrl":"https:\/\/secure.gravatar.com\/avatar\/14bc9e5b0ca69070f1075ad3efcb33c4?s=96&d=mm&r=g","caption":"e-Cristians"}}]}},"jetpack_sharing_enabled":true,"jetpack_featured_media_url":"https:\/\/e-cristians.cat\/wp-content\/uploads\/2020\/12\/CARTEL-ASAMBLEA.jpg","_links":{"self":[{"href":"https:\/\/e-cristians.cat\/es\/wp-json\/wp\/v2\/posts\/2638"}],"collection":[{"href":"https:\/\/e-cristians.cat\/es\/wp-json\/wp\/v2\/posts"}],"about":[{"href":"https:\/\/e-cristians.cat\/es\/wp-json\/wp\/v2\/types\/post"}],"author":[{"embeddable":true,"href":"https:\/\/e-cristians.cat\/es\/wp-json\/wp\/v2\/users\/2"}],"replies":[{"embeddable":true,"href":"https:\/\/e-cristians.cat\/es\/wp-json\/wp\/v2\/comments?post=2638"}],"version-history":[{"count":1,"href":"https:\/\/e-cristians.cat\/es\/wp-json\/wp\/v2\/posts\/2638\/revisions"}],"predecessor-version":[{"id":2639,"href":"https:\/\/e-cristians.cat\/es\/wp-json\/wp\/v2\/posts\/2638\/revisions\/2639"}],"wp:featuredmedia":[{"embeddable":true,"href":"https:\/\/e-cristians.cat\/es\/wp-json\/wp\/v2\/media\/2546"}],"wp:attachment":[{"href":"https:\/\/e-cristians.cat\/es\/wp-json\/wp\/v2\/media?parent=2638"}],"wp:term":[{"taxonomy":"category","embeddable":true,"href":"https:\/\/e-cristians.cat\/es\/wp-json\/wp\/v2\/categories?post=2638"},{"taxonomy":"post_tag","embeddable":true,"href":"https:\/\/e-cristians.cat\/es\/wp-json\/wp\/v2\/tags?post=2638"}],"curies":[{"name":"wp","href":"https:\/\/api.w.org\/{rel}","templated":true}]}}