{"id":27282,"date":"2021-11-03T13:57:01","date_gmt":"2021-11-03T12:57:01","guid":{"rendered":"https:\/\/e-cristians.cat\/?p=27282"},"modified":"2021-11-04T14:01:16","modified_gmt":"2021-11-04T13:01:16","slug":"beatificacion-de-los-martires-capuchinos-de-manresa","status":"publish","type":"post","link":"https:\/\/e-cristians.cat\/es\/beatificacion-de-los-martires-capuchinos-de-manresa\/","title":{"rendered":"Beatificaci\u00f3n de los m\u00e1rtires capuchinos de Manresa"},"content":{"rendered":"<p>El s\u00e1bado, d\u00eda <strong>6 de noviembre<\/strong>, a las <strong>11h.<\/strong> por la ma\u00f1ana, en la <strong>Bas\u00edlica de la Seu de Manresa<\/strong> habr\u00e1 la beatificaci\u00f3n de los m\u00e1rtires capuchinosde Manresa, presidida por el cardenal prefecto de la congregaci\u00f3n para las Causas de los Santos, <strong>Mons. Marcello Semeraro<\/strong>, y concelebrada por diversos obispos, sacerdotes y frailes capuchinos. \u00a1Todos estais invitados!<\/p>\n<p><iframe title=\"Sentit de la beatificaci\u00f3 dels m\u00e0rtirs caputxins de Manresa\" data-src=\"https:\/\/www.youtube.com\/embed\/Z8oLioUJTFE?feature=oembed\" width=\"640\" height=\"360\" frameborder=\"0\" allowfullscreen=\"allowfullscreen\" data-mce-fragment=\"1\" src=\"data:image\/svg+xml;base64,PHN2ZyB3aWR0aD0iMSIgaGVpZ2h0PSIxIiB4bWxucz0iaHR0cDovL3d3dy53My5vcmcvMjAwMC9zdmciPjwvc3ZnPg==\" class=\"lazyload\" data-load-mode=\"1\"><\/iframe><\/p>\n","protected":false},"excerpt":{"rendered":"<p>El s\u00e1bado, d\u00eda 6 de noviembre, a las 11h. por la ma\u00f1ana, en la Bas\u00edlica de la Seu de Manresa habr\u00e1 la beatificaci\u00f3n de los m\u00e1rtires capuchinosde Manresa, presidida por el cardenal prefecto de la congregaci\u00f3n para las Causas de los Santos, Mons. Marcello Semeraro, y concelebrada por diversos obispos, sacerdotes y frailes capuchinos. \u00a1Todos&#8230;<\/p>\n","protected":false},"author":2,"featured_media":27279,"comment_status":"closed","ping_status":"closed","sticky":false,"template":"","format":"standard","meta":{"_jetpack_memberships_contains_paid_content":false,"footnotes":""},"categories":[33,39],"tags":[236],"class_list":["post-27282","post","type-post","status-publish","format-standard","has-post-thumbnail","hentry","category-altres-entitats-informacions-agenda-i-documents-es","category-portada_news-es","tag-martires"],"yoast_head":"<!-- This site is optimized with the Yoast SEO plugin v20.0 - https:\/\/yoast.com\/wordpress\/plugins\/seo\/ -->\n<title>Beatificaci\u00f3n de los m\u00e1rtires capuchinos de Manresa - e-Cristians<\/title>\n<meta name=\"robots\" content=\"noindex, nofollow\" \/>\n<meta property=\"og:locale\" content=\"es_ES\" \/>\n<meta property=\"og:type\" content=\"article\" \/>\n<meta property=\"og:title\" content=\"Beatificaci\u00f3n de los m\u00e1rtires capuchinos de Manresa - e-Cristians\" \/>\n<meta property=\"og:description\" content=\"El s\u00e1bado, d\u00eda 6 de noviembre, a las 11h. por la ma\u00f1ana, en la Bas\u00edlica de la Seu de Manresa habr\u00e1 la beatificaci\u00f3n de los m\u00e1rtires capuchinosde Manresa, presidida por el cardenal prefecto de la congregaci\u00f3n para las Causas de los Santos, Mons. Marcello Semeraro, y concelebrada por diversos obispos, sacerdotes y frailes capuchinos. \u00a1Todos...\" \/>\n<meta property=\"og:url\" content=\"https:\/\/e-cristians.cat\/es\/beatificacion-de-los-martires-capuchinos-de-manresa\/\" \/>\n<meta property=\"og:site_name\" content=\"e-Cristians\" \/>\n<meta property=\"article:published_time\" content=\"2021-11-03T12:57:01+00:00\" \/>\n<meta property=\"article:modified_time\" content=\"2021-11-04T13:01:16+00:00\" \/>\n<meta property=\"og:image\" content=\"https:\/\/e-cristians.cat\/wp-content\/uploads\/2021\/11\/ca5f37c8-1cd0-498f-8a09-aba5f427d25f_16-9-aspect-ratio_default_0.jpg\" \/>\n\t<meta property=\"og:image:width\" content=\"880\" \/>\n\t<meta property=\"og:image:height\" content=\"495\" \/>\n\t<meta property=\"og:image:type\" content=\"image\/jpeg\" \/>\n<meta name=\"author\" content=\"e-Cristians\" \/>\n<meta name=\"twitter:card\" content=\"summary_large_image\" \/>\n<meta name=\"twitter:label1\" content=\"Escrito por\" \/>\n\t<meta name=\"twitter:data1\" content=\"e-Cristians\" \/>\n\t<meta name=\"twitter:label2\" content=\"Tiempo de lectura\" \/>\n\t<meta name=\"twitter:data2\" content=\"1 minuto\" \/>\n<script type=\"application\/ld+json\" class=\"yoast-schema-graph\">{\"@context\":\"https:\/\/schema.org\",\"@graph\":[{\"@type\":\"WebPage\",\"@id\":\"https:\/\/e-cristians.cat\/es\/beatificacion-de-los-martires-capuchinos-de-manresa\/\",\"url\":\"https:\/\/e-cristians.cat\/es\/beatificacion-de-los-martires-capuchinos-de-manresa\/\",\"name\":\"Beatificaci\u00f3n de los m\u00e1rtires capuchinos de Manresa - e-Cristians\",\"isPartOf\":{\"@id\":\"https:\/\/e-cristians.cat\/#website\"},\"datePublished\":\"2021-11-03T12:57:01+00:00\",\"dateModified\":\"2021-11-04T13:01:16+00:00\",\"author\":{\"@id\":\"https:\/\/e-cristians.cat\/#\/schema\/person\/f0ec475338e49aaef9c9dc9d9f162861\"},\"breadcrumb\":{\"@id\":\"https:\/\/e-cristians.cat\/es\/beatificacion-de-los-martires-capuchinos-de-manresa\/#breadcrumb\"},\"inLanguage\":\"es\",\"potentialAction\":[{\"@type\":\"ReadAction\",\"target\":[\"https:\/\/e-cristians.cat\/es\/beatificacion-de-los-martires-capuchinos-de-manresa\/\"]}]},{\"@type\":\"BreadcrumbList\",\"@id\":\"https:\/\/e-cristians.cat\/es\/beatificacion-de-los-martires-capuchinos-de-manresa\/#breadcrumb\",\"itemListElement\":[{\"@type\":\"ListItem\",\"position\":1,\"name\":\"Inici\",\"item\":\"https:\/\/e-cristians.cat\/es\/\"},{\"@type\":\"ListItem\",\"position\":2,\"name\":\"Beatificaci\u00f3n de los m\u00e1rtires capuchinos de Manresa\"}]},{\"@type\":\"WebSite\",\"@id\":\"https:\/\/e-cristians.cat\/#website\",\"url\":\"https:\/\/e-cristians.cat\/\",\"name\":\"e-Cristians\",\"description\":\"\",\"potentialAction\":[{\"@type\":\"SearchAction\",\"target\":{\"@type\":\"EntryPoint\",\"urlTemplate\":\"https:\/\/e-cristians.cat\/?s={search_term_string}\"},\"query-input\":\"required name=search_term_string\"}],\"inLanguage\":\"es\"},{\"@type\":\"Person\",\"@id\":\"https:\/\/e-cristians.cat\/#\/schema\/person\/f0ec475338e49aaef9c9dc9d9f162861\",\"name\":\"e-Cristians\",\"image\":{\"@type\":\"ImageObject\",\"inLanguage\":\"es\",\"@id\":\"https:\/\/e-cristians.cat\/#\/schema\/person\/image\/\",\"url\":\"https:\/\/secure.gravatar.com\/avatar\/14bc9e5b0ca69070f1075ad3efcb33c4?s=96&d=mm&r=g\",\"contentUrl\":\"https:\/\/secure.gravatar.com\/avatar\/14bc9e5b0ca69070f1075ad3efcb33c4?s=96&d=mm&r=g\",\"caption\":\"e-Cristians\"}}]}<\/script>\n<!-- \/ Yoast SEO plugin. -->","yoast_head_json":{"title":"Beatificaci\u00f3n de los m\u00e1rtires capuchinos de Manresa - e-Cristians","robots":{"index":"noindex","follow":"nofollow"},"og_locale":"es_ES","og_type":"article","og_title":"Beatificaci\u00f3n de los m\u00e1rtires capuchinos de Manresa - e-Cristians","og_description":"El s\u00e1bado, d\u00eda 6 de noviembre, a las 11h. por la ma\u00f1ana, en la Bas\u00edlica de la Seu de Manresa habr\u00e1 la beatificaci\u00f3n de los m\u00e1rtires capuchinosde Manresa, presidida por el cardenal prefecto de la congregaci\u00f3n para las Causas de los Santos, Mons. Marcello Semeraro, y concelebrada por diversos obispos, sacerdotes y frailes capuchinos. \u00a1Todos...","og_url":"https:\/\/e-cristians.cat\/es\/beatificacion-de-los-martires-capuchinos-de-manresa\/","og_site_name":"e-Cristians","article_published_time":"2021-11-03T12:57:01+00:00","article_modified_time":"2021-11-04T13:01:16+00:00","og_image":[{"width":880,"height":495,"url":"https:\/\/e-cristians.cat\/wp-content\/uploads\/2021\/11\/ca5f37c8-1cd0-498f-8a09-aba5f427d25f_16-9-aspect-ratio_default_0.jpg","type":"image\/jpeg"}],"author":"e-Cristians","twitter_card":"summary_large_image","twitter_misc":{"Escrito por":"e-Cristians","Tiempo de lectura":"1 minuto"},"schema":{"@context":"https:\/\/schema.org","@graph":[{"@type":"WebPage","@id":"https:\/\/e-cristians.cat\/es\/beatificacion-de-los-martires-capuchinos-de-manresa\/","url":"https:\/\/e-cristians.cat\/es\/beatificacion-de-los-martires-capuchinos-de-manresa\/","name":"Beatificaci\u00f3n de los m\u00e1rtires capuchinos de Manresa - e-Cristians","isPartOf":{"@id":"https:\/\/e-cristians.cat\/#website"},"datePublished":"2021-11-03T12:57:01+00:00","dateModified":"2021-11-04T13:01:16+00:00","author":{"@id":"https:\/\/e-cristians.cat\/#\/schema\/person\/f0ec475338e49aaef9c9dc9d9f162861"},"breadcrumb":{"@id":"https:\/\/e-cristians.cat\/es\/beatificacion-de-los-martires-capuchinos-de-manresa\/#breadcrumb"},"inLanguage":"es","potentialAction":[{"@type":"ReadAction","target":["https:\/\/e-cristians.cat\/es\/beatificacion-de-los-martires-capuchinos-de-manresa\/"]}]},{"@type":"BreadcrumbList","@id":"https:\/\/e-cristians.cat\/es\/beatificacion-de-los-martires-capuchinos-de-manresa\/#breadcrumb","itemListElement":[{"@type":"ListItem","position":1,"name":"Inici","item":"https:\/\/e-cristians.cat\/es\/"},{"@type":"ListItem","position":2,"name":"Beatificaci\u00f3n de los m\u00e1rtires capuchinos de Manresa"}]},{"@type":"WebSite","@id":"https:\/\/e-cristians.cat\/#website","url":"https:\/\/e-cristians.cat\/","name":"e-Cristians","description":"","potentialAction":[{"@type":"SearchAction","target":{"@type":"EntryPoint","urlTemplate":"https:\/\/e-cristians.cat\/?s={search_term_string}"},"query-input":"required name=search_term_string"}],"inLanguage":"es"},{"@type":"Person","@id":"https:\/\/e-cristians.cat\/#\/schema\/person\/f0ec475338e49aaef9c9dc9d9f162861","name":"e-Cristians","image":{"@type":"ImageObject","inLanguage":"es","@id":"https:\/\/e-cristians.cat\/#\/schema\/person\/image\/","url":"https:\/\/secure.gravatar.com\/avatar\/14bc9e5b0ca69070f1075ad3efcb33c4?s=96&d=mm&r=g","contentUrl":"https:\/\/secure.gravatar.com\/avatar\/14bc9e5b0ca69070f1075ad3efcb33c4?s=96&d=mm&r=g","caption":"e-Cristians"}}]}},"jetpack_sharing_enabled":true,"jetpack_featured_media_url":"https:\/\/e-cristians.cat\/wp-content\/uploads\/2021\/11\/ca5f37c8-1cd0-498f-8a09-aba5f427d25f_16-9-aspect-ratio_default_0.jpg","_links":{"self":[{"href":"https:\/\/e-cristians.cat\/es\/wp-json\/wp\/v2\/posts\/27282"}],"collection":[{"href":"https:\/\/e-cristians.cat\/es\/wp-json\/wp\/v2\/posts"}],"about":[{"href":"https:\/\/e-cristians.cat\/es\/wp-json\/wp\/v2\/types\/post"}],"author":[{"embeddable":true,"href":"https:\/\/e-cristians.cat\/es\/wp-json\/wp\/v2\/users\/2"}],"replies":[{"embeddable":true,"href":"https:\/\/e-cristians.cat\/es\/wp-json\/wp\/v2\/comments?post=27282"}],"version-history":[{"count":1,"href":"https:\/\/e-cristians.cat\/es\/wp-json\/wp\/v2\/posts\/27282\/revisions"}],"predecessor-version":[{"id":27285,"href":"https:\/\/e-cristians.cat\/es\/wp-json\/wp\/v2\/posts\/27282\/revisions\/27285"}],"wp:featuredmedia":[{"embeddable":true,"href":"https:\/\/e-cristians.cat\/es\/wp-json\/wp\/v2\/media\/27279"}],"wp:attachment":[{"href":"https:\/\/e-cristians.cat\/es\/wp-json\/wp\/v2\/media?parent=27282"}],"wp:term":[{"taxonomy":"category","embeddable":true,"href":"https:\/\/e-cristians.cat\/es\/wp-json\/wp\/v2\/categories?post=27282"},{"taxonomy":"post_tag","embeddable":true,"href":"https:\/\/e-cristians.cat\/es\/wp-json\/wp\/v2\/tags?post=27282"}],"curies":[{"name":"wp","href":"https:\/\/api.w.org\/{rel}","templated":true}]}}