{"id":27330,"date":"2021-11-04T10:00:12","date_gmt":"2021-11-04T09:00:12","guid":{"rendered":"https:\/\/e-cristians.cat\/?p=27330"},"modified":"2021-11-04T15:35:20","modified_gmt":"2021-11-04T14:35:20","slug":"primer-encuentro-con-los-dinamizadores-de-los-grupos-sinodales","status":"publish","type":"post","link":"https:\/\/e-cristians.cat\/es\/primer-encuentro-con-los-dinamizadores-de-los-grupos-sinodales\/","title":{"rendered":"Primer encuentro con los dinamizadores de los grupos sinodales"},"content":{"rendered":"<p>El papa Francisco nos ha preguntado c\u00f3mo vivimos y como tendr\u00edamos que vivir la <strong>SINODALIDAD<\/strong>, nuestro \u00abcaminar juntos\u00bb como Iglesia, para recoger aquello que vivimos, pensamos y rogamos, y aportarlo en el\u00a0<strong>S\u00ednodo de los Obispos de 2023<\/strong>.<\/p>\n<p>As\u00ed pues, el\u00a0<strong>DISCERNIMIENTO\u00a0<\/strong>ser\u00e1 la condici\u00f3n indispensable para pedirnos c\u00f3mo caminamos juntos, como hacemos Iglesia, como somos\u00a0<strong>COMUNI\u00d3N-PARTICIPACI\u00d3N-MISI\u00d3N<\/strong>. Esto significa que todo lo que hablamos y compartimos tiene que ser fruto de la plegaria, escuchando al Esp\u00edritu, con la ayuda del Se\u00f1or, siendo responsables de transmitirlo, de alentar laicos y laicas, religiosos y religiosas, di\u00e1conos y presb\u00edteros de nuestras comunidades.<\/p>\n<p>A todos aquellos y aquellas que os sent\u00eds llamados a ayudar a nuestra Iglesia diocesana a caminar en COMUNI\u00d3N, a trav\u00e9s de una mayor PARTICIPACI\u00d3N, para reforzar la MISI\u00d3N que Cristo nos encomienda.<\/p>\n<p>A todos aquellos y aquellas que viv\u00eds la alegr\u00eda del Evangelio y quer\u00e9is que \u00abgerminen sue\u00f1os, se susciten profec\u00edas y visiones, florezcan esperanzas, se venden heridas\u00bb.<\/p>\n<p>A todos aquellos y aquellas que est\u00e1is decididos a poner en pr\u00e1ctica \u00abprocesos de escucha, de di\u00e1logo y de discernimiento comunitario\u00bb para ser m\u00e1s fieles a la MISI\u00d3N.<\/p>\n<p>A todos aquellos y aquellas que quer\u00e9is ser dinamizadores del trabajo de consulta del S\u00ednodo en el \u00e1mbito eclesial donde est\u00e1is presentes.<\/p>\n<p><strong>D\u00eda: S\u00e1bado, 6 de noviembre<\/strong><\/p>\n<p><strong>Hora: de 10 A 13.<\/strong><\/p>\n<p><strong>Lugar: Seminario Conciliar de Barcelona (C\/ Diputaci\u00f3n, 231)<\/strong><\/p>\n<h4><strong>PROGRAMA:<\/strong><\/h4>\n<ul>\n<li><strong>10.00 h<\/strong>\u00a0Acogida, saludo del Sr. Cardenal Juan Jos\u00e9 Omella, Arzobispo de Barcelona y oraci\u00f3n: COMUNI\u00d3N, PARTICIPACI\u00d3N, MISI\u00d3N.<\/li>\n<li><strong>10.40 h<\/strong>\u00a0\u00a0<em>La sinodalidad como \u00abcaminar juntos\u00bb en la Iglesia<\/em>. Dr. Salvador Pi\u00e9.<\/li>\n<li><strong>11.30 h<\/strong>\u00a0Di\u00e1logo con el ponente.<\/li>\n<li><strong>11.40 h<\/strong>\u00a0Din\u00e1mica con los asistentes:\u00a0<em>Compartimos nuestra experiencia de \u00abcaminar juntos\u00bb<\/em>, a cargo de algunos miembros de varios \u00e1mbitos pastorales de la Archidi\u00f3cesis.<\/li>\n<li><strong>12.10 h<\/strong>\u00a0Caf\u00e9 y descanso.<\/li>\n<li><strong>12.30 h<\/strong>\u00a0<em>\u00bfQu\u00e9 hay que hacer? \u00bfQui\u00e9n lo tiene que hacer? \u00bfC\u00f3mo lo tenemos que hacer?<\/em>\u00a0Mn. Enric Termes, responsable de la fase diocesana de la consulta del S\u00ednodo de los Obispos.<\/li>\n<li><strong>12.50 h<\/strong>\u00a0Preguntas y sugerencias.<\/li>\n<li><strong>13.00 h<\/strong>\u00a0Plegaria, env\u00edo y bendici\u00f3n final.<\/li>\n<\/ul>\n<p><strong><a href=\"https:\/\/forms.gle\/x5Z7LLFjfGxZ77eGA\" target=\"_blank\" rel=\"noopener\">Formulario<\/a> de inscripci\u00f3n. Aforo limitado<\/strong><\/p>\n","protected":false},"excerpt":{"rendered":"<p>El papa Francisco nos ha preguntado c\u00f3mo vivimos y como tendr\u00edamos que vivir la SINODALIDAD, nuestro \u00abcaminar juntos\u00bb como Iglesia, para recoger aquello que vivimos, pensamos y rogamos, y aportarlo en el\u00a0S\u00ednodo de los Obispos de 2023. As\u00ed pues, el\u00a0DISCERNIMIENTO\u00a0ser\u00e1 la condici\u00f3n indispensable para pedirnos c\u00f3mo caminamos juntos, como hacemos Iglesia, como somos\u00a0COMUNI\u00d3N-PARTICIPACI\u00d3N-MISI\u00d3N. Esto significa&#8230;<\/p>\n","protected":false},"author":2,"featured_media":27303,"comment_status":"closed","ping_status":"closed","sticky":false,"template":"","format":"standard","meta":{"_jetpack_memberships_contains_paid_content":false,"footnotes":""},"categories":[33,39],"tags":[233],"class_list":["post-27330","post","type-post","status-publish","format-standard","has-post-thumbnail","hentry","category-altres-entitats-informacions-agenda-i-documents-es","category-portada_news-es","tag-camino-sinodal"],"yoast_head":"<!-- This site is optimized with the Yoast SEO plugin v20.0 - https:\/\/yoast.com\/wordpress\/plugins\/seo\/ -->\n<title>Primer encuentro con los dinamizadores de los grupos sinodales - e-Cristians<\/title>\n<meta name=\"robots\" content=\"noindex, nofollow\" \/>\n<meta property=\"og:locale\" content=\"es_ES\" \/>\n<meta property=\"og:type\" content=\"article\" \/>\n<meta property=\"og:title\" content=\"Primer encuentro con los dinamizadores de los grupos sinodales - e-Cristians\" \/>\n<meta property=\"og:description\" content=\"El papa Francisco nos ha preguntado c\u00f3mo vivimos y como tendr\u00edamos que vivir la SINODALIDAD, nuestro \u00abcaminar juntos\u00bb como Iglesia, para recoger aquello que vivimos, pensamos y rogamos, y aportarlo en el\u00a0S\u00ednodo de los Obispos de 2023. As\u00ed pues, el\u00a0DISCERNIMIENTO\u00a0ser\u00e1 la condici\u00f3n indispensable para pedirnos c\u00f3mo caminamos juntos, como hacemos Iglesia, como somos\u00a0COMUNI\u00d3N-PARTICIPACI\u00d3N-MISI\u00d3N. Esto significa...\" \/>\n<meta property=\"og:url\" content=\"https:\/\/e-cristians.cat\/es\/primer-encuentro-con-los-dinamizadores-de-los-grupos-sinodales\/\" \/>\n<meta property=\"og:site_name\" content=\"e-Cristians\" \/>\n<meta property=\"article:published_time\" content=\"2021-11-04T09:00:12+00:00\" \/>\n<meta property=\"article:modified_time\" content=\"2021-11-04T14:35:20+00:00\" \/>\n<meta property=\"og:image\" content=\"https:\/\/e-cristians.cat\/wp-content\/uploads\/2021\/11\/PAS-DE-VIANANTS_-ENFOSQUIDA-_MENYS-SATURACIO-745x475-1.jpg\" \/>\n\t<meta property=\"og:image:width\" content=\"745\" \/>\n\t<meta property=\"og:image:height\" content=\"475\" \/>\n\t<meta property=\"og:image:type\" content=\"image\/jpeg\" \/>\n<meta name=\"author\" content=\"e-Cristians\" \/>\n<meta name=\"twitter:card\" content=\"summary_large_image\" \/>\n<meta name=\"twitter:label1\" content=\"Escrito por\" \/>\n\t<meta name=\"twitter:data1\" content=\"e-Cristians\" \/>\n\t<meta name=\"twitter:label2\" content=\"Tiempo de lectura\" \/>\n\t<meta name=\"twitter:data2\" content=\"2 minutos\" \/>\n<script type=\"application\/ld+json\" class=\"yoast-schema-graph\">{\"@context\":\"https:\/\/schema.org\",\"@graph\":[{\"@type\":\"WebPage\",\"@id\":\"https:\/\/e-cristians.cat\/es\/primer-encuentro-con-los-dinamizadores-de-los-grupos-sinodales\/\",\"url\":\"https:\/\/e-cristians.cat\/es\/primer-encuentro-con-los-dinamizadores-de-los-grupos-sinodales\/\",\"name\":\"Primer encuentro con los dinamizadores de los grupos sinodales - e-Cristians\",\"isPartOf\":{\"@id\":\"https:\/\/e-cristians.cat\/#website\"},\"datePublished\":\"2021-11-04T09:00:12+00:00\",\"dateModified\":\"2021-11-04T14:35:20+00:00\",\"author\":{\"@id\":\"https:\/\/e-cristians.cat\/#\/schema\/person\/f0ec475338e49aaef9c9dc9d9f162861\"},\"breadcrumb\":{\"@id\":\"https:\/\/e-cristians.cat\/es\/primer-encuentro-con-los-dinamizadores-de-los-grupos-sinodales\/#breadcrumb\"},\"inLanguage\":\"es\",\"potentialAction\":[{\"@type\":\"ReadAction\",\"target\":[\"https:\/\/e-cristians.cat\/es\/primer-encuentro-con-los-dinamizadores-de-los-grupos-sinodales\/\"]}]},{\"@type\":\"BreadcrumbList\",\"@id\":\"https:\/\/e-cristians.cat\/es\/primer-encuentro-con-los-dinamizadores-de-los-grupos-sinodales\/#breadcrumb\",\"itemListElement\":[{\"@type\":\"ListItem\",\"position\":1,\"name\":\"Inici\",\"item\":\"https:\/\/e-cristians.cat\/es\/\"},{\"@type\":\"ListItem\",\"position\":2,\"name\":\"Primer encuentro con los dinamizadores de los grupos sinodales\"}]},{\"@type\":\"WebSite\",\"@id\":\"https:\/\/e-cristians.cat\/#website\",\"url\":\"https:\/\/e-cristians.cat\/\",\"name\":\"e-Cristians\",\"description\":\"\",\"potentialAction\":[{\"@type\":\"SearchAction\",\"target\":{\"@type\":\"EntryPoint\",\"urlTemplate\":\"https:\/\/e-cristians.cat\/?s={search_term_string}\"},\"query-input\":\"required name=search_term_string\"}],\"inLanguage\":\"es\"},{\"@type\":\"Person\",\"@id\":\"https:\/\/e-cristians.cat\/#\/schema\/person\/f0ec475338e49aaef9c9dc9d9f162861\",\"name\":\"e-Cristians\",\"image\":{\"@type\":\"ImageObject\",\"inLanguage\":\"es\",\"@id\":\"https:\/\/e-cristians.cat\/#\/schema\/person\/image\/\",\"url\":\"https:\/\/secure.gravatar.com\/avatar\/14bc9e5b0ca69070f1075ad3efcb33c4?s=96&d=mm&r=g\",\"contentUrl\":\"https:\/\/secure.gravatar.com\/avatar\/14bc9e5b0ca69070f1075ad3efcb33c4?s=96&d=mm&r=g\",\"caption\":\"e-Cristians\"}}]}<\/script>\n<!-- \/ Yoast SEO plugin. -->","yoast_head_json":{"title":"Primer encuentro con los dinamizadores de los grupos sinodales - e-Cristians","robots":{"index":"noindex","follow":"nofollow"},"og_locale":"es_ES","og_type":"article","og_title":"Primer encuentro con los dinamizadores de los grupos sinodales - e-Cristians","og_description":"El papa Francisco nos ha preguntado c\u00f3mo vivimos y como tendr\u00edamos que vivir la SINODALIDAD, nuestro \u00abcaminar juntos\u00bb como Iglesia, para recoger aquello que vivimos, pensamos y rogamos, y aportarlo en el\u00a0S\u00ednodo de los Obispos de 2023. As\u00ed pues, el\u00a0DISCERNIMIENTO\u00a0ser\u00e1 la condici\u00f3n indispensable para pedirnos c\u00f3mo caminamos juntos, como hacemos Iglesia, como somos\u00a0COMUNI\u00d3N-PARTICIPACI\u00d3N-MISI\u00d3N. Esto significa...","og_url":"https:\/\/e-cristians.cat\/es\/primer-encuentro-con-los-dinamizadores-de-los-grupos-sinodales\/","og_site_name":"e-Cristians","article_published_time":"2021-11-04T09:00:12+00:00","article_modified_time":"2021-11-04T14:35:20+00:00","og_image":[{"width":745,"height":475,"url":"https:\/\/e-cristians.cat\/wp-content\/uploads\/2021\/11\/PAS-DE-VIANANTS_-ENFOSQUIDA-_MENYS-SATURACIO-745x475-1.jpg","type":"image\/jpeg"}],"author":"e-Cristians","twitter_card":"summary_large_image","twitter_misc":{"Escrito por":"e-Cristians","Tiempo de lectura":"2 minutos"},"schema":{"@context":"https:\/\/schema.org","@graph":[{"@type":"WebPage","@id":"https:\/\/e-cristians.cat\/es\/primer-encuentro-con-los-dinamizadores-de-los-grupos-sinodales\/","url":"https:\/\/e-cristians.cat\/es\/primer-encuentro-con-los-dinamizadores-de-los-grupos-sinodales\/","name":"Primer encuentro con los dinamizadores de los grupos sinodales - e-Cristians","isPartOf":{"@id":"https:\/\/e-cristians.cat\/#website"},"datePublished":"2021-11-04T09:00:12+00:00","dateModified":"2021-11-04T14:35:20+00:00","author":{"@id":"https:\/\/e-cristians.cat\/#\/schema\/person\/f0ec475338e49aaef9c9dc9d9f162861"},"breadcrumb":{"@id":"https:\/\/e-cristians.cat\/es\/primer-encuentro-con-los-dinamizadores-de-los-grupos-sinodales\/#breadcrumb"},"inLanguage":"es","potentialAction":[{"@type":"ReadAction","target":["https:\/\/e-cristians.cat\/es\/primer-encuentro-con-los-dinamizadores-de-los-grupos-sinodales\/"]}]},{"@type":"BreadcrumbList","@id":"https:\/\/e-cristians.cat\/es\/primer-encuentro-con-los-dinamizadores-de-los-grupos-sinodales\/#breadcrumb","itemListElement":[{"@type":"ListItem","position":1,"name":"Inici","item":"https:\/\/e-cristians.cat\/es\/"},{"@type":"ListItem","position":2,"name":"Primer encuentro con los dinamizadores de los grupos sinodales"}]},{"@type":"WebSite","@id":"https:\/\/e-cristians.cat\/#website","url":"https:\/\/e-cristians.cat\/","name":"e-Cristians","description":"","potentialAction":[{"@type":"SearchAction","target":{"@type":"EntryPoint","urlTemplate":"https:\/\/e-cristians.cat\/?s={search_term_string}"},"query-input":"required name=search_term_string"}],"inLanguage":"es"},{"@type":"Person","@id":"https:\/\/e-cristians.cat\/#\/schema\/person\/f0ec475338e49aaef9c9dc9d9f162861","name":"e-Cristians","image":{"@type":"ImageObject","inLanguage":"es","@id":"https:\/\/e-cristians.cat\/#\/schema\/person\/image\/","url":"https:\/\/secure.gravatar.com\/avatar\/14bc9e5b0ca69070f1075ad3efcb33c4?s=96&d=mm&r=g","contentUrl":"https:\/\/secure.gravatar.com\/avatar\/14bc9e5b0ca69070f1075ad3efcb33c4?s=96&d=mm&r=g","caption":"e-Cristians"}}]}},"jetpack_sharing_enabled":true,"jetpack_featured_media_url":"https:\/\/e-cristians.cat\/wp-content\/uploads\/2021\/11\/PAS-DE-VIANANTS_-ENFOSQUIDA-_MENYS-SATURACIO-745x475-1.jpg","_links":{"self":[{"href":"https:\/\/e-cristians.cat\/es\/wp-json\/wp\/v2\/posts\/27330"}],"collection":[{"href":"https:\/\/e-cristians.cat\/es\/wp-json\/wp\/v2\/posts"}],"about":[{"href":"https:\/\/e-cristians.cat\/es\/wp-json\/wp\/v2\/types\/post"}],"author":[{"embeddable":true,"href":"https:\/\/e-cristians.cat\/es\/wp-json\/wp\/v2\/users\/2"}],"replies":[{"embeddable":true,"href":"https:\/\/e-cristians.cat\/es\/wp-json\/wp\/v2\/comments?post=27330"}],"version-history":[{"count":3,"href":"https:\/\/e-cristians.cat\/es\/wp-json\/wp\/v2\/posts\/27330\/revisions"}],"predecessor-version":[{"id":27334,"href":"https:\/\/e-cristians.cat\/es\/wp-json\/wp\/v2\/posts\/27330\/revisions\/27334"}],"wp:featuredmedia":[{"embeddable":true,"href":"https:\/\/e-cristians.cat\/es\/wp-json\/wp\/v2\/media\/27303"}],"wp:attachment":[{"href":"https:\/\/e-cristians.cat\/es\/wp-json\/wp\/v2\/media?parent=27330"}],"wp:term":[{"taxonomy":"category","embeddable":true,"href":"https:\/\/e-cristians.cat\/es\/wp-json\/wp\/v2\/categories?post=27330"},{"taxonomy":"post_tag","embeddable":true,"href":"https:\/\/e-cristians.cat\/es\/wp-json\/wp\/v2\/tags?post=27330"}],"curies":[{"name":"wp","href":"https:\/\/api.w.org\/{rel}","templated":true}]}}