{"id":2845,"date":"2021-01-28T12:35:35","date_gmt":"2021-01-28T11:35:35","guid":{"rendered":"https:\/\/e-cristians.cat\/?p=2845"},"modified":"2021-02-04T13:56:11","modified_gmt":"2021-02-04T12:56:11","slug":"carta-semanal-de-josep-miro-la-asamblea-de-asociaciones-para-la-vida-la-dignidad-y-la-libertad-en-marcha-participa-en-el-video-encuentro-del-2-de-febrero","status":"publish","type":"post","link":"https:\/\/e-cristians.cat\/es\/carta-semanal-de-josep-miro-la-asamblea-de-asociaciones-para-la-vida-la-dignidad-y-la-libertad-en-marcha-participa-en-el-video-encuentro-del-2-de-febrero\/","title":{"rendered":"La Asamblea de Asociaciones para la vida, la dignidad y la libertad en marcha. Participa en el v\u00eddeo encuentro del 2 de febrero"},"content":{"rendered":"<p>Apreciado amigo\/Apreciada amiga:<\/p>\n<p>En mi carta de esta semana puede ser \u00fatil que te reproduzca <a href=\"https:\/\/e-cristians.cat\/es\/intervencion-de-josep-miro-i-ardevol-en-la-asamblea-de-asociaciones\/\" target=\"_blank\" rel=\"noopener\"><strong>mi intervenci\u00f3n en la asamblea de asociaciones del pasado d\u00eda 22<\/strong> <\/a>de este mes, donde ten\u00eda el encargo de presentar lo que podr\u00edan ser las iniciativas y los caminos de la respuesta que hemos empezado a construir en la cultura de la muerte. <strong>Pero antes de entrar permite que te invite a participar el d\u00eda <a href=\"https:\/\/e-cristians.cat\/es\/video-encuentro-sobre-los-resultados-de-la-asamblea-de-asociaciones-2-de-febrero\/\" target=\"_blank\" rel=\"noopener\">2 de febrero a las 19h. en el encuentro virtual de e-Cristians<\/a><\/strong> que haremos con todos aquellos que tengan inter\u00e9s en <strong>conocer o participar en qu\u00e9 se prepara para defender y promover la cultura de la vida, qu\u00e9 podr\u00edamos hacer, y naturalmente manifestar su opini\u00f3n<\/strong>. Si deseas <strong>acceder a la reuni\u00f3n escribe a <a href=\"mailto:secretaria@e-cristians.net\" target=\"_blank\" rel=\"noopener\">secretaria@e-cristians.net<\/a><\/strong> y os haremos llegar el enlace.<\/p>\n<p>Es evidente que la vacunaci\u00f3n es una cuesti\u00f3n decisiva para nuestro pa\u00eds. En estos dos enlaces a mis \u00faltimos art\u00edculos publicados en La Vanguardia y en La Vanguardia Digital puedes encontrar un diagn\u00f3stico que puede ser de tu inter\u00e9s:<\/p>\n<p><a href=\"https:\/\/e-cristians.cat\/es\/es-necesaria-una-vacunacion-masiva-y-rapida\/\" target=\"_blank\" rel=\"noopener\">Es necesaria una vacunaci\u00f3n masiva y r\u00e1pida<\/a><\/p>\n<p><a href=\"https:\/\/conversesacatalunya.cat\/es\/ante-la-covid-19-alcemonos\/\" target=\"_blank\" rel=\"noopener\">Ante la Covid-19, \u00a1Alc\u00e9monos!<\/a><\/p>\n","protected":false},"excerpt":{"rendered":"<p>Apreciado amigo\/Apreciada amiga: En mi carta de esta semana puede ser \u00fatil que te reproduzca mi intervenci\u00f3n en la asamblea de asociaciones del pasado d\u00eda 22 de este mes, donde ten\u00eda el encargo de presentar lo que podr\u00edan ser las iniciativas y los caminos de la respuesta que hemos empezado a construir en la cultura&#8230;<\/p>\n","protected":false},"author":2,"featured_media":2840,"comment_status":"closed","ping_status":"closed","sticky":false,"template":"","format":"standard","meta":{"_jetpack_memberships_contains_paid_content":false,"footnotes":""},"categories":[29],"tags":[154,102],"class_list":["post-2845","post","type-post","status-publish","format-standard","has-post-thumbnail","hentry","category-carta-setmanal-de-josep-miro-i-ardevol-es","tag-asamblea-asociaciones","tag-ley-eutanasia-es"],"yoast_head":"<!-- This site is optimized with the Yoast SEO plugin v20.0 - https:\/\/yoast.com\/wordpress\/plugins\/seo\/ -->\n<title>La Asamblea de Asociaciones para la vida, la dignidad y la libertad en marcha. Participa en el v\u00eddeo encuentro del 2 de febrero - e-Cristians<\/title>\n<meta name=\"description\" content=\"En mi carta de esta semana puede ser \u00fatil que te reproduzca mi intervenci\u00f3n en la asamblea de asociaciones del pasado d\u00eda 22\" \/>\n<meta name=\"robots\" content=\"index, follow, max-snippet:-1, max-image-preview:large, max-video-preview:-1\" \/>\n<link rel=\"canonical\" href=\"https:\/\/e-cristians.cat\/es\/carta-semanal-de-josep-miro-la-asamblea-de-asociaciones-para-la-vida-la-dignidad-y-la-libertad-en-marcha-participa-en-el-video-encuentro-del-2-de-febrero\/\" \/>\n<meta property=\"og:locale\" content=\"es_ES\" \/>\n<meta property=\"og:type\" content=\"article\" \/>\n<meta property=\"og:title\" content=\"La Asamblea de Asociaciones para la vida, la dignidad y la libertad en marcha. Participa en el v\u00eddeo encuentro del 2 de febrero - e-Cristians\" \/>\n<meta property=\"og:description\" content=\"En mi carta de esta semana puede ser \u00fatil que te reproduzca mi intervenci\u00f3n en la asamblea de asociaciones del pasado d\u00eda 22\" \/>\n<meta property=\"og:url\" content=\"https:\/\/e-cristians.cat\/es\/carta-semanal-de-josep-miro-la-asamblea-de-asociaciones-para-la-vida-la-dignidad-y-la-libertad-en-marcha-participa-en-el-video-encuentro-del-2-de-febrero\/\" \/>\n<meta property=\"og:site_name\" content=\"e-Cristians\" \/>\n<meta property=\"article:published_time\" content=\"2021-01-28T11:35:35+00:00\" \/>\n<meta property=\"article:modified_time\" content=\"2021-02-04T12:56:11+00:00\" \/>\n<meta property=\"og:image\" content=\"https:\/\/e-cristians.cat\/wp-content\/uploads\/2021\/01\/Asociaciones-de-dislexia-747x420-1.jpg\" \/>\n\t<meta property=\"og:image:width\" content=\"747\" \/>\n\t<meta property=\"og:image:height\" content=\"420\" \/>\n\t<meta property=\"og:image:type\" content=\"image\/jpeg\" \/>\n<meta name=\"author\" content=\"e-Cristians\" \/>\n<meta name=\"twitter:card\" content=\"summary_large_image\" \/>\n<meta name=\"twitter:label1\" content=\"Escrito por\" \/>\n\t<meta name=\"twitter:data1\" content=\"e-Cristians\" \/>\n\t<meta name=\"twitter:label2\" content=\"Tiempo de lectura\" \/>\n\t<meta name=\"twitter:data2\" content=\"1 minuto\" \/>\n<script type=\"application\/ld+json\" class=\"yoast-schema-graph\">{\"@context\":\"https:\/\/schema.org\",\"@graph\":[{\"@type\":\"WebPage\",\"@id\":\"https:\/\/e-cristians.cat\/es\/carta-semanal-de-josep-miro-la-asamblea-de-asociaciones-para-la-vida-la-dignidad-y-la-libertad-en-marcha-participa-en-el-video-encuentro-del-2-de-febrero\/\",\"url\":\"https:\/\/e-cristians.cat\/es\/carta-semanal-de-josep-miro-la-asamblea-de-asociaciones-para-la-vida-la-dignidad-y-la-libertad-en-marcha-participa-en-el-video-encuentro-del-2-de-febrero\/\",\"name\":\"La Asamblea de Asociaciones para la vida, la dignidad y la libertad en marcha. Participa en el v\u00eddeo encuentro del 2 de febrero - e-Cristians\",\"isPartOf\":{\"@id\":\"https:\/\/e-cristians.cat\/#website\"},\"datePublished\":\"2021-01-28T11:35:35+00:00\",\"dateModified\":\"2021-02-04T12:56:11+00:00\",\"author\":{\"@id\":\"https:\/\/e-cristians.cat\/#\/schema\/person\/f0ec475338e49aaef9c9dc9d9f162861\"},\"description\":\"En mi carta de esta semana puede ser \u00fatil que te reproduzca mi intervenci\u00f3n en la asamblea de asociaciones del pasado d\u00eda 22\",\"breadcrumb\":{\"@id\":\"https:\/\/e-cristians.cat\/es\/carta-semanal-de-josep-miro-la-asamblea-de-asociaciones-para-la-vida-la-dignidad-y-la-libertad-en-marcha-participa-en-el-video-encuentro-del-2-de-febrero\/#breadcrumb\"},\"inLanguage\":\"es\",\"potentialAction\":[{\"@type\":\"ReadAction\",\"target\":[\"https:\/\/e-cristians.cat\/es\/carta-semanal-de-josep-miro-la-asamblea-de-asociaciones-para-la-vida-la-dignidad-y-la-libertad-en-marcha-participa-en-el-video-encuentro-del-2-de-febrero\/\"]}]},{\"@type\":\"BreadcrumbList\",\"@id\":\"https:\/\/e-cristians.cat\/es\/carta-semanal-de-josep-miro-la-asamblea-de-asociaciones-para-la-vida-la-dignidad-y-la-libertad-en-marcha-participa-en-el-video-encuentro-del-2-de-febrero\/#breadcrumb\",\"itemListElement\":[{\"@type\":\"ListItem\",\"position\":1,\"name\":\"Inici\",\"item\":\"https:\/\/e-cristians.cat\/es\/\"},{\"@type\":\"ListItem\",\"position\":2,\"name\":\"La Asamblea de Asociaciones para la vida, la dignidad y la libertad en marcha. Participa en el v\u00eddeo encuentro del 2 de febrero\"}]},{\"@type\":\"WebSite\",\"@id\":\"https:\/\/e-cristians.cat\/#website\",\"url\":\"https:\/\/e-cristians.cat\/\",\"name\":\"e-Cristians\",\"description\":\"\",\"potentialAction\":[{\"@type\":\"SearchAction\",\"target\":{\"@type\":\"EntryPoint\",\"urlTemplate\":\"https:\/\/e-cristians.cat\/?s={search_term_string}\"},\"query-input\":\"required name=search_term_string\"}],\"inLanguage\":\"es\"},{\"@type\":\"Person\",\"@id\":\"https:\/\/e-cristians.cat\/#\/schema\/person\/f0ec475338e49aaef9c9dc9d9f162861\",\"name\":\"e-Cristians\",\"image\":{\"@type\":\"ImageObject\",\"inLanguage\":\"es\",\"@id\":\"https:\/\/e-cristians.cat\/#\/schema\/person\/image\/\",\"url\":\"https:\/\/secure.gravatar.com\/avatar\/14bc9e5b0ca69070f1075ad3efcb33c4?s=96&d=mm&r=g\",\"contentUrl\":\"https:\/\/secure.gravatar.com\/avatar\/14bc9e5b0ca69070f1075ad3efcb33c4?s=96&d=mm&r=g\",\"caption\":\"e-Cristians\"}}]}<\/script>\n<!-- \/ Yoast SEO plugin. -->","yoast_head_json":{"title":"La Asamblea de Asociaciones para la vida, la dignidad y la libertad en marcha. Participa en el v\u00eddeo encuentro del 2 de febrero - e-Cristians","description":"En mi carta de esta semana puede ser \u00fatil que te reproduzca mi intervenci\u00f3n en la asamblea de asociaciones del pasado d\u00eda 22","robots":{"index":"index","follow":"follow","max-snippet":"max-snippet:-1","max-image-preview":"max-image-preview:large","max-video-preview":"max-video-preview:-1"},"canonical":"https:\/\/e-cristians.cat\/es\/carta-semanal-de-josep-miro-la-asamblea-de-asociaciones-para-la-vida-la-dignidad-y-la-libertad-en-marcha-participa-en-el-video-encuentro-del-2-de-febrero\/","og_locale":"es_ES","og_type":"article","og_title":"La Asamblea de Asociaciones para la vida, la dignidad y la libertad en marcha. Participa en el v\u00eddeo encuentro del 2 de febrero - e-Cristians","og_description":"En mi carta de esta semana puede ser \u00fatil que te reproduzca mi intervenci\u00f3n en la asamblea de asociaciones del pasado d\u00eda 22","og_url":"https:\/\/e-cristians.cat\/es\/carta-semanal-de-josep-miro-la-asamblea-de-asociaciones-para-la-vida-la-dignidad-y-la-libertad-en-marcha-participa-en-el-video-encuentro-del-2-de-febrero\/","og_site_name":"e-Cristians","article_published_time":"2021-01-28T11:35:35+00:00","article_modified_time":"2021-02-04T12:56:11+00:00","og_image":[{"width":747,"height":420,"url":"https:\/\/e-cristians.cat\/wp-content\/uploads\/2021\/01\/Asociaciones-de-dislexia-747x420-1.jpg","type":"image\/jpeg"}],"author":"e-Cristians","twitter_card":"summary_large_image","twitter_misc":{"Escrito por":"e-Cristians","Tiempo de lectura":"1 minuto"},"schema":{"@context":"https:\/\/schema.org","@graph":[{"@type":"WebPage","@id":"https:\/\/e-cristians.cat\/es\/carta-semanal-de-josep-miro-la-asamblea-de-asociaciones-para-la-vida-la-dignidad-y-la-libertad-en-marcha-participa-en-el-video-encuentro-del-2-de-febrero\/","url":"https:\/\/e-cristians.cat\/es\/carta-semanal-de-josep-miro-la-asamblea-de-asociaciones-para-la-vida-la-dignidad-y-la-libertad-en-marcha-participa-en-el-video-encuentro-del-2-de-febrero\/","name":"La Asamblea de Asociaciones para la vida, la dignidad y la libertad en marcha. Participa en el v\u00eddeo encuentro del 2 de febrero - e-Cristians","isPartOf":{"@id":"https:\/\/e-cristians.cat\/#website"},"datePublished":"2021-01-28T11:35:35+00:00","dateModified":"2021-02-04T12:56:11+00:00","author":{"@id":"https:\/\/e-cristians.cat\/#\/schema\/person\/f0ec475338e49aaef9c9dc9d9f162861"},"description":"En mi carta de esta semana puede ser \u00fatil que te reproduzca mi intervenci\u00f3n en la asamblea de asociaciones del pasado d\u00eda 22","breadcrumb":{"@id":"https:\/\/e-cristians.cat\/es\/carta-semanal-de-josep-miro-la-asamblea-de-asociaciones-para-la-vida-la-dignidad-y-la-libertad-en-marcha-participa-en-el-video-encuentro-del-2-de-febrero\/#breadcrumb"},"inLanguage":"es","potentialAction":[{"@type":"ReadAction","target":["https:\/\/e-cristians.cat\/es\/carta-semanal-de-josep-miro-la-asamblea-de-asociaciones-para-la-vida-la-dignidad-y-la-libertad-en-marcha-participa-en-el-video-encuentro-del-2-de-febrero\/"]}]},{"@type":"BreadcrumbList","@id":"https:\/\/e-cristians.cat\/es\/carta-semanal-de-josep-miro-la-asamblea-de-asociaciones-para-la-vida-la-dignidad-y-la-libertad-en-marcha-participa-en-el-video-encuentro-del-2-de-febrero\/#breadcrumb","itemListElement":[{"@type":"ListItem","position":1,"name":"Inici","item":"https:\/\/e-cristians.cat\/es\/"},{"@type":"ListItem","position":2,"name":"La Asamblea de Asociaciones para la vida, la dignidad y la libertad en marcha. Participa en el v\u00eddeo encuentro del 2 de febrero"}]},{"@type":"WebSite","@id":"https:\/\/e-cristians.cat\/#website","url":"https:\/\/e-cristians.cat\/","name":"e-Cristians","description":"","potentialAction":[{"@type":"SearchAction","target":{"@type":"EntryPoint","urlTemplate":"https:\/\/e-cristians.cat\/?s={search_term_string}"},"query-input":"required name=search_term_string"}],"inLanguage":"es"},{"@type":"Person","@id":"https:\/\/e-cristians.cat\/#\/schema\/person\/f0ec475338e49aaef9c9dc9d9f162861","name":"e-Cristians","image":{"@type":"ImageObject","inLanguage":"es","@id":"https:\/\/e-cristians.cat\/#\/schema\/person\/image\/","url":"https:\/\/secure.gravatar.com\/avatar\/14bc9e5b0ca69070f1075ad3efcb33c4?s=96&d=mm&r=g","contentUrl":"https:\/\/secure.gravatar.com\/avatar\/14bc9e5b0ca69070f1075ad3efcb33c4?s=96&d=mm&r=g","caption":"e-Cristians"}}]}},"jetpack_sharing_enabled":true,"jetpack_featured_media_url":"https:\/\/e-cristians.cat\/wp-content\/uploads\/2021\/01\/Asociaciones-de-dislexia-747x420-1.jpg","_links":{"self":[{"href":"https:\/\/e-cristians.cat\/es\/wp-json\/wp\/v2\/posts\/2845"}],"collection":[{"href":"https:\/\/e-cristians.cat\/es\/wp-json\/wp\/v2\/posts"}],"about":[{"href":"https:\/\/e-cristians.cat\/es\/wp-json\/wp\/v2\/types\/post"}],"author":[{"embeddable":true,"href":"https:\/\/e-cristians.cat\/es\/wp-json\/wp\/v2\/users\/2"}],"replies":[{"embeddable":true,"href":"https:\/\/e-cristians.cat\/es\/wp-json\/wp\/v2\/comments?post=2845"}],"version-history":[{"count":3,"href":"https:\/\/e-cristians.cat\/es\/wp-json\/wp\/v2\/posts\/2845\/revisions"}],"predecessor-version":[{"id":2996,"href":"https:\/\/e-cristians.cat\/es\/wp-json\/wp\/v2\/posts\/2845\/revisions\/2996"}],"wp:featuredmedia":[{"embeddable":true,"href":"https:\/\/e-cristians.cat\/es\/wp-json\/wp\/v2\/media\/2840"}],"wp:attachment":[{"href":"https:\/\/e-cristians.cat\/es\/wp-json\/wp\/v2\/media?parent=2845"}],"wp:term":[{"taxonomy":"category","embeddable":true,"href":"https:\/\/e-cristians.cat\/es\/wp-json\/wp\/v2\/categories?post=2845"},{"taxonomy":"post_tag","embeddable":true,"href":"https:\/\/e-cristians.cat\/es\/wp-json\/wp\/v2\/tags?post=2845"}],"curies":[{"name":"wp","href":"https:\/\/api.w.org\/{rel}","templated":true}]}}