{"id":294872,"date":"2024-03-21T13:18:57","date_gmt":"2024-03-21T12:18:57","guid":{"rendered":"https:\/\/e-cristians.cat\/?p=294872"},"modified":"2024-03-21T13:18:57","modified_gmt":"2024-03-21T12:18:57","slug":"cena-con-empresarios-para-tratar-la-incorporacion-de-la-fe-a-la-vida-empresarial-con-mons-javier-vilanova","status":"publish","type":"post","link":"https:\/\/e-cristians.cat\/es\/cena-con-empresarios-para-tratar-la-incorporacion-de-la-fe-a-la-vida-empresarial-con-mons-javier-vilanova\/","title":{"rendered":"Cena con empresarios para tratar la incorporaci\u00f3n de la Fe a la vida empresarial, con Mons. Javier Vilanova"},"content":{"rendered":"<p>La Delegaci\u00f3n de Pastoral Social y Caritativa del Arzobispado de Barcelona, la C\u00e1tedra de Pensamiento y Acci\u00f3n Social de la Iglesia de la Facultad de Teolog\u00eda del Ateneu Sant Paci\u00e0 y la asociaci\u00f3n \u00abHis way at work\u00bb (HWAW) Espa\u00f1a organizan una <strong>cena con empresarios<\/strong>, que tendr\u00e1 lugar, si Dios quiere, el <strong>jueves 25 de abril<\/strong>, para tratar un tema de tanta importancia como la incorporaci\u00f3n de la Fe a la vida empresarial.\u00a0\u00a0En la cena contaremos con la presencia de <strong>Mons. Javier Vilanova<\/strong>, obispo auxiliar de Barcelona, que har\u00e1 la presentaci\u00f3n del tema, acompa\u00f1ado de <strong>Mn. Joan Costa<\/strong>, director de la Delegaci\u00f3n i de la C\u00e1tedra. Los Srs. <strong>Leonard Rosillo<\/strong>, de la empresa Pedelta Latam y <strong>Ramon J. Fonte<\/strong>, presidente de HWAW Espa\u00f1a, expondr\u00e1n casos pr\u00e1cticos de \u00e9xito. A continuaci\u00f3n tendremos un tiempo para hacer preguntas e intercambiar opiniones y experiencias.<\/p>\n<p>A continuaci\u00f3n habr\u00e1 un tiempo dedicado a hacer preguntas e intercanviar opinions y experiencias.<\/p>\n<ul>\n<li>D\u00eda: Jueves, 25 de abril de 2024<\/li>\n<li>Hora: de 20 a 22:30h.<\/li>\n<li>Lugar: Aula Magna, Ateneu Sant Paci\u00e0 (Carrer Diputaci\u00f3 231, Edifici del Seminari, Barcelona)<\/li>\n<li>Precio: 40 euros.<\/li>\n<\/ul>\n<div class=\"zpicon-text-container \" data-editor=\"true\">\n<p><em>Aparcamiento gratuito en el mismo recinto.<\/em><\/p>\n<p>Programa e inscripci\u00f3n <a href=\"https:\/\/cursosoberts.edusantpacia.cat\/capse-03-2024-esp\" target=\"_blank\" rel=\"noopener\">aqu\u00ed<\/a>.<\/p>\n<\/div>\n","protected":false},"excerpt":{"rendered":"<p>La Delegaci\u00f3n de Pastoral Social y Caritativa del Arzobispado de Barcelona, la C\u00e1tedra de Pensamiento y Acci\u00f3n Social de la Iglesia de la Facultad de Teolog\u00eda del Ateneu Sant Paci\u00e0 y la asociaci\u00f3n \u00abHis way at work\u00bb (HWAW) Espa\u00f1a organizan una cena con empresarios, que tendr\u00e1 lugar, si Dios quiere, el jueves 25 de abril,&#8230;<\/p>\n","protected":false},"author":2,"featured_media":294864,"comment_status":"closed","ping_status":"closed","sticky":false,"template":"","format":"standard","meta":{"_jetpack_memberships_contains_paid_content":false,"footnotes":""},"categories":[33,39],"tags":[],"class_list":["post-294872","post","type-post","status-publish","format-standard","has-post-thumbnail","hentry","category-altres-entitats-informacions-agenda-i-documents-es","category-portada_news-es"],"yoast_head":"<!-- This site is optimized with the Yoast SEO plugin v20.0 - https:\/\/yoast.com\/wordpress\/plugins\/seo\/ -->\n<title>Cena con empresarios para tratar la incorporaci\u00f3n de la Fe a la vida empresarial, con Mons. Javier Vilanova - e-Cristians<\/title>\n<meta name=\"robots\" content=\"noindex, nofollow\" \/>\n<meta property=\"og:locale\" content=\"es_ES\" \/>\n<meta property=\"og:type\" content=\"article\" \/>\n<meta property=\"og:title\" content=\"Cena con empresarios para tratar la incorporaci\u00f3n de la Fe a la vida empresarial, con Mons. Javier Vilanova - e-Cristians\" \/>\n<meta property=\"og:description\" content=\"La Delegaci\u00f3n de Pastoral Social y Caritativa del Arzobispado de Barcelona, la C\u00e1tedra de Pensamiento y Acci\u00f3n Social de la Iglesia de la Facultad de Teolog\u00eda del Ateneu Sant Paci\u00e0 y la asociaci\u00f3n \u00abHis way at work\u00bb (HWAW) Espa\u00f1a organizan una cena con empresarios, que tendr\u00e1 lugar, si Dios quiere, el jueves 25 de abril,...\" \/>\n<meta property=\"og:url\" content=\"https:\/\/e-cristians.cat\/es\/cena-con-empresarios-para-tratar-la-incorporacion-de-la-fe-a-la-vida-empresarial-con-mons-javier-vilanova\/\" \/>\n<meta property=\"og:site_name\" content=\"e-Cristians\" \/>\n<meta property=\"article:published_time\" content=\"2024-03-21T12:18:57+00:00\" \/>\n<meta property=\"og:image\" content=\"https:\/\/e-cristians.cat\/wp-content\/uploads\/2024\/03\/empresaris.png\" \/>\n\t<meta property=\"og:image:width\" content=\"474\" \/>\n\t<meta property=\"og:image:height\" content=\"471\" \/>\n\t<meta property=\"og:image:type\" content=\"image\/png\" \/>\n<meta name=\"author\" content=\"e-Cristians\" \/>\n<meta name=\"twitter:card\" content=\"summary_large_image\" \/>\n<meta name=\"twitter:label1\" content=\"Escrito por\" \/>\n\t<meta name=\"twitter:data1\" content=\"e-Cristians\" \/>\n\t<meta name=\"twitter:label2\" content=\"Tiempo de lectura\" \/>\n\t<meta name=\"twitter:data2\" content=\"2 minutos\" \/>\n<script type=\"application\/ld+json\" class=\"yoast-schema-graph\">{\"@context\":\"https:\/\/schema.org\",\"@graph\":[{\"@type\":\"WebPage\",\"@id\":\"https:\/\/e-cristians.cat\/es\/cena-con-empresarios-para-tratar-la-incorporacion-de-la-fe-a-la-vida-empresarial-con-mons-javier-vilanova\/\",\"url\":\"https:\/\/e-cristians.cat\/es\/cena-con-empresarios-para-tratar-la-incorporacion-de-la-fe-a-la-vida-empresarial-con-mons-javier-vilanova\/\",\"name\":\"Cena con empresarios para tratar la incorporaci\u00f3n de la Fe a la vida empresarial, con Mons. Javier Vilanova - e-Cristians\",\"isPartOf\":{\"@id\":\"https:\/\/e-cristians.cat\/#website\"},\"datePublished\":\"2024-03-21T12:18:57+00:00\",\"dateModified\":\"2024-03-21T12:18:57+00:00\",\"author\":{\"@id\":\"https:\/\/e-cristians.cat\/#\/schema\/person\/f0ec475338e49aaef9c9dc9d9f162861\"},\"breadcrumb\":{\"@id\":\"https:\/\/e-cristians.cat\/es\/cena-con-empresarios-para-tratar-la-incorporacion-de-la-fe-a-la-vida-empresarial-con-mons-javier-vilanova\/#breadcrumb\"},\"inLanguage\":\"es\",\"potentialAction\":[{\"@type\":\"ReadAction\",\"target\":[\"https:\/\/e-cristians.cat\/es\/cena-con-empresarios-para-tratar-la-incorporacion-de-la-fe-a-la-vida-empresarial-con-mons-javier-vilanova\/\"]}]},{\"@type\":\"BreadcrumbList\",\"@id\":\"https:\/\/e-cristians.cat\/es\/cena-con-empresarios-para-tratar-la-incorporacion-de-la-fe-a-la-vida-empresarial-con-mons-javier-vilanova\/#breadcrumb\",\"itemListElement\":[{\"@type\":\"ListItem\",\"position\":1,\"name\":\"Inici\",\"item\":\"https:\/\/e-cristians.cat\/es\/\"},{\"@type\":\"ListItem\",\"position\":2,\"name\":\"Cena con empresarios para tratar la incorporaci\u00f3n de la Fe a la vida empresarial, con Mons. Javier Vilanova\"}]},{\"@type\":\"WebSite\",\"@id\":\"https:\/\/e-cristians.cat\/#website\",\"url\":\"https:\/\/e-cristians.cat\/\",\"name\":\"e-Cristians\",\"description\":\"\",\"potentialAction\":[{\"@type\":\"SearchAction\",\"target\":{\"@type\":\"EntryPoint\",\"urlTemplate\":\"https:\/\/e-cristians.cat\/?s={search_term_string}\"},\"query-input\":\"required name=search_term_string\"}],\"inLanguage\":\"es\"},{\"@type\":\"Person\",\"@id\":\"https:\/\/e-cristians.cat\/#\/schema\/person\/f0ec475338e49aaef9c9dc9d9f162861\",\"name\":\"e-Cristians\",\"image\":{\"@type\":\"ImageObject\",\"inLanguage\":\"es\",\"@id\":\"https:\/\/e-cristians.cat\/#\/schema\/person\/image\/\",\"url\":\"https:\/\/secure.gravatar.com\/avatar\/14bc9e5b0ca69070f1075ad3efcb33c4?s=96&d=mm&r=g\",\"contentUrl\":\"https:\/\/secure.gravatar.com\/avatar\/14bc9e5b0ca69070f1075ad3efcb33c4?s=96&d=mm&r=g\",\"caption\":\"e-Cristians\"}}]}<\/script>\n<!-- \/ Yoast SEO plugin. -->","yoast_head_json":{"title":"Cena con empresarios para tratar la incorporaci\u00f3n de la Fe a la vida empresarial, con Mons. Javier Vilanova - e-Cristians","robots":{"index":"noindex","follow":"nofollow"},"og_locale":"es_ES","og_type":"article","og_title":"Cena con empresarios para tratar la incorporaci\u00f3n de la Fe a la vida empresarial, con Mons. Javier Vilanova - e-Cristians","og_description":"La Delegaci\u00f3n de Pastoral Social y Caritativa del Arzobispado de Barcelona, la C\u00e1tedra de Pensamiento y Acci\u00f3n Social de la Iglesia de la Facultad de Teolog\u00eda del Ateneu Sant Paci\u00e0 y la asociaci\u00f3n \u00abHis way at work\u00bb (HWAW) Espa\u00f1a organizan una cena con empresarios, que tendr\u00e1 lugar, si Dios quiere, el jueves 25 de abril,...","og_url":"https:\/\/e-cristians.cat\/es\/cena-con-empresarios-para-tratar-la-incorporacion-de-la-fe-a-la-vida-empresarial-con-mons-javier-vilanova\/","og_site_name":"e-Cristians","article_published_time":"2024-03-21T12:18:57+00:00","og_image":[{"width":474,"height":471,"url":"https:\/\/e-cristians.cat\/wp-content\/uploads\/2024\/03\/empresaris.png","type":"image\/png"}],"author":"e-Cristians","twitter_card":"summary_large_image","twitter_misc":{"Escrito por":"e-Cristians","Tiempo de lectura":"2 minutos"},"schema":{"@context":"https:\/\/schema.org","@graph":[{"@type":"WebPage","@id":"https:\/\/e-cristians.cat\/es\/cena-con-empresarios-para-tratar-la-incorporacion-de-la-fe-a-la-vida-empresarial-con-mons-javier-vilanova\/","url":"https:\/\/e-cristians.cat\/es\/cena-con-empresarios-para-tratar-la-incorporacion-de-la-fe-a-la-vida-empresarial-con-mons-javier-vilanova\/","name":"Cena con empresarios para tratar la incorporaci\u00f3n de la Fe a la vida empresarial, con Mons. Javier Vilanova - e-Cristians","isPartOf":{"@id":"https:\/\/e-cristians.cat\/#website"},"datePublished":"2024-03-21T12:18:57+00:00","dateModified":"2024-03-21T12:18:57+00:00","author":{"@id":"https:\/\/e-cristians.cat\/#\/schema\/person\/f0ec475338e49aaef9c9dc9d9f162861"},"breadcrumb":{"@id":"https:\/\/e-cristians.cat\/es\/cena-con-empresarios-para-tratar-la-incorporacion-de-la-fe-a-la-vida-empresarial-con-mons-javier-vilanova\/#breadcrumb"},"inLanguage":"es","potentialAction":[{"@type":"ReadAction","target":["https:\/\/e-cristians.cat\/es\/cena-con-empresarios-para-tratar-la-incorporacion-de-la-fe-a-la-vida-empresarial-con-mons-javier-vilanova\/"]}]},{"@type":"BreadcrumbList","@id":"https:\/\/e-cristians.cat\/es\/cena-con-empresarios-para-tratar-la-incorporacion-de-la-fe-a-la-vida-empresarial-con-mons-javier-vilanova\/#breadcrumb","itemListElement":[{"@type":"ListItem","position":1,"name":"Inici","item":"https:\/\/e-cristians.cat\/es\/"},{"@type":"ListItem","position":2,"name":"Cena con empresarios para tratar la incorporaci\u00f3n de la Fe a la vida empresarial, con Mons. Javier Vilanova"}]},{"@type":"WebSite","@id":"https:\/\/e-cristians.cat\/#website","url":"https:\/\/e-cristians.cat\/","name":"e-Cristians","description":"","potentialAction":[{"@type":"SearchAction","target":{"@type":"EntryPoint","urlTemplate":"https:\/\/e-cristians.cat\/?s={search_term_string}"},"query-input":"required name=search_term_string"}],"inLanguage":"es"},{"@type":"Person","@id":"https:\/\/e-cristians.cat\/#\/schema\/person\/f0ec475338e49aaef9c9dc9d9f162861","name":"e-Cristians","image":{"@type":"ImageObject","inLanguage":"es","@id":"https:\/\/e-cristians.cat\/#\/schema\/person\/image\/","url":"https:\/\/secure.gravatar.com\/avatar\/14bc9e5b0ca69070f1075ad3efcb33c4?s=96&d=mm&r=g","contentUrl":"https:\/\/secure.gravatar.com\/avatar\/14bc9e5b0ca69070f1075ad3efcb33c4?s=96&d=mm&r=g","caption":"e-Cristians"}}]}},"jetpack_sharing_enabled":true,"jetpack_featured_media_url":"https:\/\/e-cristians.cat\/wp-content\/uploads\/2024\/03\/empresaris.png","_links":{"self":[{"href":"https:\/\/e-cristians.cat\/es\/wp-json\/wp\/v2\/posts\/294872"}],"collection":[{"href":"https:\/\/e-cristians.cat\/es\/wp-json\/wp\/v2\/posts"}],"about":[{"href":"https:\/\/e-cristians.cat\/es\/wp-json\/wp\/v2\/types\/post"}],"author":[{"embeddable":true,"href":"https:\/\/e-cristians.cat\/es\/wp-json\/wp\/v2\/users\/2"}],"replies":[{"embeddable":true,"href":"https:\/\/e-cristians.cat\/es\/wp-json\/wp\/v2\/comments?post=294872"}],"version-history":[{"count":1,"href":"https:\/\/e-cristians.cat\/es\/wp-json\/wp\/v2\/posts\/294872\/revisions"}],"predecessor-version":[{"id":294879,"href":"https:\/\/e-cristians.cat\/es\/wp-json\/wp\/v2\/posts\/294872\/revisions\/294879"}],"wp:featuredmedia":[{"embeddable":true,"href":"https:\/\/e-cristians.cat\/es\/wp-json\/wp\/v2\/media\/294864"}],"wp:attachment":[{"href":"https:\/\/e-cristians.cat\/es\/wp-json\/wp\/v2\/media?parent=294872"}],"wp:term":[{"taxonomy":"category","embeddable":true,"href":"https:\/\/e-cristians.cat\/es\/wp-json\/wp\/v2\/categories?post=294872"},{"taxonomy":"post_tag","embeddable":true,"href":"https:\/\/e-cristians.cat\/es\/wp-json\/wp\/v2\/tags?post=294872"}],"curies":[{"name":"wp","href":"https:\/\/api.w.org\/{rel}","templated":true}]}}