{"id":295677,"date":"2024-03-22T11:29:36","date_gmt":"2024-03-22T10:29:36","guid":{"rendered":"https:\/\/e-cristians.cat\/?p=295677"},"modified":"2024-03-22T11:29:36","modified_gmt":"2024-03-22T10:29:36","slug":"a-proposito-de-las-elecciones-en-cataluna","status":"publish","type":"post","link":"https:\/\/e-cristians.cat\/es\/a-proposito-de-las-elecciones-en-cataluna\/","title":{"rendered":"A prop\u00f3sito de las elecciones en Catalu\u00f1a"},"content":{"rendered":"<p><em>ForumLibertas.com<\/em><\/p>\n<p>La convocatoria de elecciones anticipadas en Catalu\u00f1a\u00a0 para el\u00a0<strong>12 de mayo<\/strong>\u00a0ha tenido una consecuencia inmediata: el presidente S\u00e1nchez ha decidido\u00a0<strong>no presentar los presupuestos de 2024<\/strong>, a pesar de que esta es la obligaci\u00f3n que establece nada menos que la Constituci\u00f3n en t\u00e9rminos claros y concretos. <a href=\"https:\/\/www.forumlibertas.com\/a-proposito-de-las-elecciones-en-cataluna\/\" target=\"_blank\" rel=\"noopener\">Leer m\u00e1s.<\/a><\/p>\n","protected":false},"excerpt":{"rendered":"<p>ForumLibertas.com La convocatoria de elecciones anticipadas en Catalu\u00f1a\u00a0 para el\u00a012 de mayo\u00a0ha tenido una consecuencia inmediata: el presidente S\u00e1nchez ha decidido\u00a0no presentar los presupuestos de 2024, a pesar de que esta es la obligaci\u00f3n que establece nada menos que la Constituci\u00f3n en t\u00e9rminos claros y concretos. Leer m\u00e1s.<\/p>\n","protected":false},"author":2,"featured_media":295678,"comment_status":"closed","ping_status":"closed","sticky":false,"template":"","format":"standard","meta":{"_jetpack_memberships_contains_paid_content":false,"footnotes":""},"categories":[34,39],"tags":[],"class_list":["post-295677","post","type-post","status-publish","format-standard","has-post-thumbnail","hentry","category-editorials-i-blogs-de-forumlibertas-es","category-portada_news-es"],"yoast_head":"<!-- This site is optimized with the Yoast SEO plugin v20.0 - https:\/\/yoast.com\/wordpress\/plugins\/seo\/ -->\n<title>A prop\u00f3sito de las elecciones en Catalu\u00f1a - e-Cristians<\/title>\n<meta name=\"robots\" content=\"noindex, nofollow\" \/>\n<meta property=\"og:locale\" content=\"es_ES\" \/>\n<meta property=\"og:type\" content=\"article\" \/>\n<meta property=\"og:title\" content=\"A prop\u00f3sito de las elecciones en Catalu\u00f1a - e-Cristians\" \/>\n<meta property=\"og:description\" content=\"ForumLibertas.com La convocatoria de elecciones anticipadas en Catalu\u00f1a\u00a0 para el\u00a012 de mayo\u00a0ha tenido una consecuencia inmediata: el presidente S\u00e1nchez ha decidido\u00a0no presentar los presupuestos de 2024, a pesar de que esta es la obligaci\u00f3n que establece nada menos que la Constituci\u00f3n en t\u00e9rminos claros y concretos. Leer m\u00e1s.\" \/>\n<meta property=\"og:url\" content=\"https:\/\/e-cristians.cat\/es\/a-proposito-de-las-elecciones-en-cataluna\/\" \/>\n<meta property=\"og:site_name\" content=\"e-Cristians\" \/>\n<meta property=\"article:published_time\" content=\"2024-03-22T10:29:36+00:00\" \/>\n<meta property=\"og:image\" content=\"https:\/\/e-cristians.cat\/wp-content\/uploads\/2024\/03\/elecciones-2024.jpg\" \/>\n\t<meta property=\"og:image:width\" content=\"790\" \/>\n\t<meta property=\"og:image:height\" content=\"445\" \/>\n\t<meta property=\"og:image:type\" content=\"image\/jpeg\" \/>\n<meta name=\"author\" content=\"e-Cristians\" \/>\n<meta name=\"twitter:card\" content=\"summary_large_image\" \/>\n<meta name=\"twitter:label1\" content=\"Escrito por\" \/>\n\t<meta name=\"twitter:data1\" content=\"e-Cristians\" \/>\n\t<meta name=\"twitter:label2\" content=\"Tiempo de lectura\" \/>\n\t<meta name=\"twitter:data2\" content=\"1 minuto\" \/>\n<script type=\"application\/ld+json\" class=\"yoast-schema-graph\">{\"@context\":\"https:\/\/schema.org\",\"@graph\":[{\"@type\":\"WebPage\",\"@id\":\"https:\/\/e-cristians.cat\/es\/a-proposito-de-las-elecciones-en-cataluna\/\",\"url\":\"https:\/\/e-cristians.cat\/es\/a-proposito-de-las-elecciones-en-cataluna\/\",\"name\":\"A prop\u00f3sito de las elecciones en Catalu\u00f1a - e-Cristians\",\"isPartOf\":{\"@id\":\"https:\/\/e-cristians.cat\/#website\"},\"datePublished\":\"2024-03-22T10:29:36+00:00\",\"dateModified\":\"2024-03-22T10:29:36+00:00\",\"author\":{\"@id\":\"https:\/\/e-cristians.cat\/#\/schema\/person\/f0ec475338e49aaef9c9dc9d9f162861\"},\"breadcrumb\":{\"@id\":\"https:\/\/e-cristians.cat\/es\/a-proposito-de-las-elecciones-en-cataluna\/#breadcrumb\"},\"inLanguage\":\"es\",\"potentialAction\":[{\"@type\":\"ReadAction\",\"target\":[\"https:\/\/e-cristians.cat\/es\/a-proposito-de-las-elecciones-en-cataluna\/\"]}]},{\"@type\":\"BreadcrumbList\",\"@id\":\"https:\/\/e-cristians.cat\/es\/a-proposito-de-las-elecciones-en-cataluna\/#breadcrumb\",\"itemListElement\":[{\"@type\":\"ListItem\",\"position\":1,\"name\":\"Inici\",\"item\":\"https:\/\/e-cristians.cat\/es\/\"},{\"@type\":\"ListItem\",\"position\":2,\"name\":\"A prop\u00f3sito de las elecciones en Catalu\u00f1a\"}]},{\"@type\":\"WebSite\",\"@id\":\"https:\/\/e-cristians.cat\/#website\",\"url\":\"https:\/\/e-cristians.cat\/\",\"name\":\"e-Cristians\",\"description\":\"\",\"potentialAction\":[{\"@type\":\"SearchAction\",\"target\":{\"@type\":\"EntryPoint\",\"urlTemplate\":\"https:\/\/e-cristians.cat\/?s={search_term_string}\"},\"query-input\":\"required name=search_term_string\"}],\"inLanguage\":\"es\"},{\"@type\":\"Person\",\"@id\":\"https:\/\/e-cristians.cat\/#\/schema\/person\/f0ec475338e49aaef9c9dc9d9f162861\",\"name\":\"e-Cristians\",\"image\":{\"@type\":\"ImageObject\",\"inLanguage\":\"es\",\"@id\":\"https:\/\/e-cristians.cat\/#\/schema\/person\/image\/\",\"url\":\"https:\/\/secure.gravatar.com\/avatar\/14bc9e5b0ca69070f1075ad3efcb33c4?s=96&d=mm&r=g\",\"contentUrl\":\"https:\/\/secure.gravatar.com\/avatar\/14bc9e5b0ca69070f1075ad3efcb33c4?s=96&d=mm&r=g\",\"caption\":\"e-Cristians\"}}]}<\/script>\n<!-- \/ Yoast SEO plugin. -->","yoast_head_json":{"title":"A prop\u00f3sito de las elecciones en Catalu\u00f1a - e-Cristians","robots":{"index":"noindex","follow":"nofollow"},"og_locale":"es_ES","og_type":"article","og_title":"A prop\u00f3sito de las elecciones en Catalu\u00f1a - e-Cristians","og_description":"ForumLibertas.com La convocatoria de elecciones anticipadas en Catalu\u00f1a\u00a0 para el\u00a012 de mayo\u00a0ha tenido una consecuencia inmediata: el presidente S\u00e1nchez ha decidido\u00a0no presentar los presupuestos de 2024, a pesar de que esta es la obligaci\u00f3n que establece nada menos que la Constituci\u00f3n en t\u00e9rminos claros y concretos. Leer m\u00e1s.","og_url":"https:\/\/e-cristians.cat\/es\/a-proposito-de-las-elecciones-en-cataluna\/","og_site_name":"e-Cristians","article_published_time":"2024-03-22T10:29:36+00:00","og_image":[{"width":790,"height":445,"url":"https:\/\/e-cristians.cat\/wp-content\/uploads\/2024\/03\/elecciones-2024.jpg","type":"image\/jpeg"}],"author":"e-Cristians","twitter_card":"summary_large_image","twitter_misc":{"Escrito por":"e-Cristians","Tiempo de lectura":"1 minuto"},"schema":{"@context":"https:\/\/schema.org","@graph":[{"@type":"WebPage","@id":"https:\/\/e-cristians.cat\/es\/a-proposito-de-las-elecciones-en-cataluna\/","url":"https:\/\/e-cristians.cat\/es\/a-proposito-de-las-elecciones-en-cataluna\/","name":"A prop\u00f3sito de las elecciones en Catalu\u00f1a - e-Cristians","isPartOf":{"@id":"https:\/\/e-cristians.cat\/#website"},"datePublished":"2024-03-22T10:29:36+00:00","dateModified":"2024-03-22T10:29:36+00:00","author":{"@id":"https:\/\/e-cristians.cat\/#\/schema\/person\/f0ec475338e49aaef9c9dc9d9f162861"},"breadcrumb":{"@id":"https:\/\/e-cristians.cat\/es\/a-proposito-de-las-elecciones-en-cataluna\/#breadcrumb"},"inLanguage":"es","potentialAction":[{"@type":"ReadAction","target":["https:\/\/e-cristians.cat\/es\/a-proposito-de-las-elecciones-en-cataluna\/"]}]},{"@type":"BreadcrumbList","@id":"https:\/\/e-cristians.cat\/es\/a-proposito-de-las-elecciones-en-cataluna\/#breadcrumb","itemListElement":[{"@type":"ListItem","position":1,"name":"Inici","item":"https:\/\/e-cristians.cat\/es\/"},{"@type":"ListItem","position":2,"name":"A prop\u00f3sito de las elecciones en Catalu\u00f1a"}]},{"@type":"WebSite","@id":"https:\/\/e-cristians.cat\/#website","url":"https:\/\/e-cristians.cat\/","name":"e-Cristians","description":"","potentialAction":[{"@type":"SearchAction","target":{"@type":"EntryPoint","urlTemplate":"https:\/\/e-cristians.cat\/?s={search_term_string}"},"query-input":"required name=search_term_string"}],"inLanguage":"es"},{"@type":"Person","@id":"https:\/\/e-cristians.cat\/#\/schema\/person\/f0ec475338e49aaef9c9dc9d9f162861","name":"e-Cristians","image":{"@type":"ImageObject","inLanguage":"es","@id":"https:\/\/e-cristians.cat\/#\/schema\/person\/image\/","url":"https:\/\/secure.gravatar.com\/avatar\/14bc9e5b0ca69070f1075ad3efcb33c4?s=96&d=mm&r=g","contentUrl":"https:\/\/secure.gravatar.com\/avatar\/14bc9e5b0ca69070f1075ad3efcb33c4?s=96&d=mm&r=g","caption":"e-Cristians"}}]}},"jetpack_sharing_enabled":true,"jetpack_featured_media_url":"https:\/\/e-cristians.cat\/wp-content\/uploads\/2024\/03\/elecciones-2024.jpg","_links":{"self":[{"href":"https:\/\/e-cristians.cat\/es\/wp-json\/wp\/v2\/posts\/295677"}],"collection":[{"href":"https:\/\/e-cristians.cat\/es\/wp-json\/wp\/v2\/posts"}],"about":[{"href":"https:\/\/e-cristians.cat\/es\/wp-json\/wp\/v2\/types\/post"}],"author":[{"embeddable":true,"href":"https:\/\/e-cristians.cat\/es\/wp-json\/wp\/v2\/users\/2"}],"replies":[{"embeddable":true,"href":"https:\/\/e-cristians.cat\/es\/wp-json\/wp\/v2\/comments?post=295677"}],"version-history":[{"count":1,"href":"https:\/\/e-cristians.cat\/es\/wp-json\/wp\/v2\/posts\/295677\/revisions"}],"predecessor-version":[{"id":295680,"href":"https:\/\/e-cristians.cat\/es\/wp-json\/wp\/v2\/posts\/295677\/revisions\/295680"}],"wp:featuredmedia":[{"embeddable":true,"href":"https:\/\/e-cristians.cat\/es\/wp-json\/wp\/v2\/media\/295678"}],"wp:attachment":[{"href":"https:\/\/e-cristians.cat\/es\/wp-json\/wp\/v2\/media?parent=295677"}],"wp:term":[{"taxonomy":"category","embeddable":true,"href":"https:\/\/e-cristians.cat\/es\/wp-json\/wp\/v2\/categories?post=295677"},{"taxonomy":"post_tag","embeddable":true,"href":"https:\/\/e-cristians.cat\/es\/wp-json\/wp\/v2\/tags?post=295677"}],"curies":[{"name":"wp","href":"https:\/\/api.w.org\/{rel}","templated":true}]}}