{"id":295724,"date":"2024-03-22T12:37:19","date_gmt":"2024-03-22T11:37:19","guid":{"rendered":"https:\/\/e-cristians.cat\/?p=295724"},"modified":"2024-03-22T12:37:19","modified_gmt":"2024-03-22T11:37:19","slug":"cristiandad-siglo-xxi-i","status":"publish","type":"post","link":"https:\/\/e-cristians.cat\/es\/cristiandad-siglo-xxi-i\/","title":{"rendered":"Cristiandad siglo XXI (I)"},"content":{"rendered":"<p><em>Josep Mir\u00f3 i Ard\u00e8vol<\/em><\/p>\n<p>Incluso en el mundo cat\u00f3lico, toda apelaci\u00f3n a la cristiandad es vista bajo sospecha y considerada como algo negativo. Es una manifestaci\u00f3n m\u00e1s de la\u00a0<strong>colonizaci\u00f3n del mundo secular<\/strong> sobre la realidad cristiana. Otra perspectiva le confiere una dimensi\u00f3n muy lejana en el tiempo, algo totalmente incierto. En todos los casos, los apriorismos ideol\u00f3gicos y la ignorancia hist\u00f3rica priman sobre los hechos. Acot\u00e9moslos: <a href=\"https:\/\/www.forumlibertas.com\/cristiandad-siglo-xxi-i\/\" target=\"_blank\" rel=\"noopener\">leer m\u00e1s.<\/a><\/p>\n","protected":false},"excerpt":{"rendered":"<p>Josep Mir\u00f3 i Ard\u00e8vol Incluso en el mundo cat\u00f3lico, toda apelaci\u00f3n a la cristiandad es vista bajo sospecha y considerada como algo negativo. Es una manifestaci\u00f3n m\u00e1s de la\u00a0colonizaci\u00f3n del mundo secular sobre la realidad cristiana. Otra perspectiva le confiere una dimensi\u00f3n muy lejana en el tiempo, algo totalmente incierto. En todos los casos, los&#8230;<\/p>\n","protected":false},"author":2,"featured_media":295728,"comment_status":"closed","ping_status":"closed","sticky":false,"template":"","format":"standard","meta":{"_jetpack_memberships_contains_paid_content":false,"footnotes":""},"categories":[34,39],"tags":[],"class_list":["post-295724","post","type-post","status-publish","format-standard","has-post-thumbnail","hentry","category-editorials-i-blogs-de-forumlibertas-es","category-portada_news-es"],"yoast_head":"<!-- This site is optimized with the Yoast SEO plugin v20.0 - https:\/\/yoast.com\/wordpress\/plugins\/seo\/ -->\n<title>Cristiandad siglo XXI (I) - e-Cristians<\/title>\n<meta name=\"robots\" content=\"noindex, nofollow\" \/>\n<meta property=\"og:locale\" content=\"es_ES\" \/>\n<meta property=\"og:type\" content=\"article\" \/>\n<meta property=\"og:title\" content=\"Cristiandad siglo XXI (I) - e-Cristians\" \/>\n<meta property=\"og:description\" content=\"Josep Mir\u00f3 i Ard\u00e8vol Incluso en el mundo cat\u00f3lico, toda apelaci\u00f3n a la cristiandad es vista bajo sospecha y considerada como algo negativo. Es una manifestaci\u00f3n m\u00e1s de la\u00a0colonizaci\u00f3n del mundo secular sobre la realidad cristiana. Otra perspectiva le confiere una dimensi\u00f3n muy lejana en el tiempo, algo totalmente incierto. En todos los casos, los...\" \/>\n<meta property=\"og:url\" content=\"https:\/\/e-cristians.cat\/es\/cristiandad-siglo-xxi-i\/\" \/>\n<meta property=\"og:site_name\" content=\"e-Cristians\" \/>\n<meta property=\"article:published_time\" content=\"2024-03-22T11:37:19+00:00\" \/>\n<meta property=\"og:image\" content=\"https:\/\/e-cristians.cat\/wp-content\/uploads\/2024\/03\/cristiandad.jpg\" \/>\n\t<meta property=\"og:image:width\" content=\"478\" \/>\n\t<meta property=\"og:image:height\" content=\"271\" \/>\n\t<meta property=\"og:image:type\" content=\"image\/jpeg\" \/>\n<meta name=\"author\" content=\"e-Cristians\" \/>\n<meta name=\"twitter:card\" content=\"summary_large_image\" \/>\n<meta name=\"twitter:label1\" content=\"Escrito por\" \/>\n\t<meta name=\"twitter:data1\" content=\"e-Cristians\" \/>\n\t<meta name=\"twitter:label2\" content=\"Tiempo de lectura\" \/>\n\t<meta name=\"twitter:data2\" content=\"1 minuto\" \/>\n<script type=\"application\/ld+json\" class=\"yoast-schema-graph\">{\"@context\":\"https:\/\/schema.org\",\"@graph\":[{\"@type\":\"WebPage\",\"@id\":\"https:\/\/e-cristians.cat\/es\/cristiandad-siglo-xxi-i\/\",\"url\":\"https:\/\/e-cristians.cat\/es\/cristiandad-siglo-xxi-i\/\",\"name\":\"Cristiandad siglo XXI (I) - e-Cristians\",\"isPartOf\":{\"@id\":\"https:\/\/e-cristians.cat\/#website\"},\"datePublished\":\"2024-03-22T11:37:19+00:00\",\"dateModified\":\"2024-03-22T11:37:19+00:00\",\"author\":{\"@id\":\"https:\/\/e-cristians.cat\/#\/schema\/person\/f0ec475338e49aaef9c9dc9d9f162861\"},\"breadcrumb\":{\"@id\":\"https:\/\/e-cristians.cat\/es\/cristiandad-siglo-xxi-i\/#breadcrumb\"},\"inLanguage\":\"es\",\"potentialAction\":[{\"@type\":\"ReadAction\",\"target\":[\"https:\/\/e-cristians.cat\/es\/cristiandad-siglo-xxi-i\/\"]}]},{\"@type\":\"BreadcrumbList\",\"@id\":\"https:\/\/e-cristians.cat\/es\/cristiandad-siglo-xxi-i\/#breadcrumb\",\"itemListElement\":[{\"@type\":\"ListItem\",\"position\":1,\"name\":\"Inici\",\"item\":\"https:\/\/e-cristians.cat\/es\/\"},{\"@type\":\"ListItem\",\"position\":2,\"name\":\"Cristiandad siglo XXI (I)\"}]},{\"@type\":\"WebSite\",\"@id\":\"https:\/\/e-cristians.cat\/#website\",\"url\":\"https:\/\/e-cristians.cat\/\",\"name\":\"e-Cristians\",\"description\":\"\",\"potentialAction\":[{\"@type\":\"SearchAction\",\"target\":{\"@type\":\"EntryPoint\",\"urlTemplate\":\"https:\/\/e-cristians.cat\/?s={search_term_string}\"},\"query-input\":\"required name=search_term_string\"}],\"inLanguage\":\"es\"},{\"@type\":\"Person\",\"@id\":\"https:\/\/e-cristians.cat\/#\/schema\/person\/f0ec475338e49aaef9c9dc9d9f162861\",\"name\":\"e-Cristians\",\"image\":{\"@type\":\"ImageObject\",\"inLanguage\":\"es\",\"@id\":\"https:\/\/e-cristians.cat\/#\/schema\/person\/image\/\",\"url\":\"https:\/\/secure.gravatar.com\/avatar\/14bc9e5b0ca69070f1075ad3efcb33c4?s=96&d=mm&r=g\",\"contentUrl\":\"https:\/\/secure.gravatar.com\/avatar\/14bc9e5b0ca69070f1075ad3efcb33c4?s=96&d=mm&r=g\",\"caption\":\"e-Cristians\"}}]}<\/script>\n<!-- \/ Yoast SEO plugin. -->","yoast_head_json":{"title":"Cristiandad siglo XXI (I) - e-Cristians","robots":{"index":"noindex","follow":"nofollow"},"og_locale":"es_ES","og_type":"article","og_title":"Cristiandad siglo XXI (I) - e-Cristians","og_description":"Josep Mir\u00f3 i Ard\u00e8vol Incluso en el mundo cat\u00f3lico, toda apelaci\u00f3n a la cristiandad es vista bajo sospecha y considerada como algo negativo. Es una manifestaci\u00f3n m\u00e1s de la\u00a0colonizaci\u00f3n del mundo secular sobre la realidad cristiana. Otra perspectiva le confiere una dimensi\u00f3n muy lejana en el tiempo, algo totalmente incierto. En todos los casos, los...","og_url":"https:\/\/e-cristians.cat\/es\/cristiandad-siglo-xxi-i\/","og_site_name":"e-Cristians","article_published_time":"2024-03-22T11:37:19+00:00","og_image":[{"width":478,"height":271,"url":"https:\/\/e-cristians.cat\/wp-content\/uploads\/2024\/03\/cristiandad.jpg","type":"image\/jpeg"}],"author":"e-Cristians","twitter_card":"summary_large_image","twitter_misc":{"Escrito por":"e-Cristians","Tiempo de lectura":"1 minuto"},"schema":{"@context":"https:\/\/schema.org","@graph":[{"@type":"WebPage","@id":"https:\/\/e-cristians.cat\/es\/cristiandad-siglo-xxi-i\/","url":"https:\/\/e-cristians.cat\/es\/cristiandad-siglo-xxi-i\/","name":"Cristiandad siglo XXI (I) - e-Cristians","isPartOf":{"@id":"https:\/\/e-cristians.cat\/#website"},"datePublished":"2024-03-22T11:37:19+00:00","dateModified":"2024-03-22T11:37:19+00:00","author":{"@id":"https:\/\/e-cristians.cat\/#\/schema\/person\/f0ec475338e49aaef9c9dc9d9f162861"},"breadcrumb":{"@id":"https:\/\/e-cristians.cat\/es\/cristiandad-siglo-xxi-i\/#breadcrumb"},"inLanguage":"es","potentialAction":[{"@type":"ReadAction","target":["https:\/\/e-cristians.cat\/es\/cristiandad-siglo-xxi-i\/"]}]},{"@type":"BreadcrumbList","@id":"https:\/\/e-cristians.cat\/es\/cristiandad-siglo-xxi-i\/#breadcrumb","itemListElement":[{"@type":"ListItem","position":1,"name":"Inici","item":"https:\/\/e-cristians.cat\/es\/"},{"@type":"ListItem","position":2,"name":"Cristiandad siglo XXI (I)"}]},{"@type":"WebSite","@id":"https:\/\/e-cristians.cat\/#website","url":"https:\/\/e-cristians.cat\/","name":"e-Cristians","description":"","potentialAction":[{"@type":"SearchAction","target":{"@type":"EntryPoint","urlTemplate":"https:\/\/e-cristians.cat\/?s={search_term_string}"},"query-input":"required name=search_term_string"}],"inLanguage":"es"},{"@type":"Person","@id":"https:\/\/e-cristians.cat\/#\/schema\/person\/f0ec475338e49aaef9c9dc9d9f162861","name":"e-Cristians","image":{"@type":"ImageObject","inLanguage":"es","@id":"https:\/\/e-cristians.cat\/#\/schema\/person\/image\/","url":"https:\/\/secure.gravatar.com\/avatar\/14bc9e5b0ca69070f1075ad3efcb33c4?s=96&d=mm&r=g","contentUrl":"https:\/\/secure.gravatar.com\/avatar\/14bc9e5b0ca69070f1075ad3efcb33c4?s=96&d=mm&r=g","caption":"e-Cristians"}}]}},"jetpack_sharing_enabled":true,"jetpack_featured_media_url":"https:\/\/e-cristians.cat\/wp-content\/uploads\/2024\/03\/cristiandad.jpg","_links":{"self":[{"href":"https:\/\/e-cristians.cat\/es\/wp-json\/wp\/v2\/posts\/295724"}],"collection":[{"href":"https:\/\/e-cristians.cat\/es\/wp-json\/wp\/v2\/posts"}],"about":[{"href":"https:\/\/e-cristians.cat\/es\/wp-json\/wp\/v2\/types\/post"}],"author":[{"embeddable":true,"href":"https:\/\/e-cristians.cat\/es\/wp-json\/wp\/v2\/users\/2"}],"replies":[{"embeddable":true,"href":"https:\/\/e-cristians.cat\/es\/wp-json\/wp\/v2\/comments?post=295724"}],"version-history":[{"count":1,"href":"https:\/\/e-cristians.cat\/es\/wp-json\/wp\/v2\/posts\/295724\/revisions"}],"predecessor-version":[{"id":295730,"href":"https:\/\/e-cristians.cat\/es\/wp-json\/wp\/v2\/posts\/295724\/revisions\/295730"}],"wp:featuredmedia":[{"embeddable":true,"href":"https:\/\/e-cristians.cat\/es\/wp-json\/wp\/v2\/media\/295728"}],"wp:attachment":[{"href":"https:\/\/e-cristians.cat\/es\/wp-json\/wp\/v2\/media?parent=295724"}],"wp:term":[{"taxonomy":"category","embeddable":true,"href":"https:\/\/e-cristians.cat\/es\/wp-json\/wp\/v2\/categories?post=295724"},{"taxonomy":"post_tag","embeddable":true,"href":"https:\/\/e-cristians.cat\/es\/wp-json\/wp\/v2\/tags?post=295724"}],"curies":[{"name":"wp","href":"https:\/\/api.w.org\/{rel}","templated":true}]}}