{"id":3042,"date":"2021-02-05T11:29:05","date_gmt":"2021-02-05T10:29:05","guid":{"rendered":"https:\/\/e-cristians.cat\/?p=3042"},"modified":"2021-02-05T11:29:05","modified_gmt":"2021-02-05T10:29:05","slug":"iv-congreso-nacional-de-bioetica","status":"publish","type":"post","link":"https:\/\/e-cristians.cat\/es\/iv-congreso-nacional-de-bioetica\/","title":{"rendered":"IV Congreso Nacional de Bio\u00e9tica"},"content":{"rendered":"<p>Los d\u00edas <strong>9, 10 y 11 de febrero<\/strong>, tendr\u00e1 lugar el <strong><em>IV Congreso Nacional de Bio\u00e9tica<\/em><\/strong>\u00a0 que ha organizado el Instituto CEU de Humanidades \u201c\u00c1ngel Ayala\u201d.<\/p>\n<p>Esta cuarta edici\u00f3n versar\u00e1 sobre temas relacionados con la eutanasia, el aborto y los dilemas \u00e9ticos surgidos durante la pandemia.<\/p>\n<p>En esta ocasi\u00f3n y debido a la situaci\u00f3n, se desarrollar\u00e1 en formato digital y se podr\u00e1 seguir en directo v\u00eda online. Mas informaci\u00f3n: <a href=\"http:\/\/www.angelayala.ceu.es\/\" target=\"_blank\" rel=\"noopener\">http:\/\/www.angelayala.ceu.es\/<\/a><\/p>\n<p>Adjuntamos el <a href=\"https:\/\/e-cristians.cat\/wp-content\/uploads\/2021\/02\/IV-Congreso-Bioetica.pdf\" target=\"_blank\" rel=\"noopener\">Programa<\/a> y facilitamos las claves de acceso:<\/p>\n<p><strong>Enlace martes, 9 febrero de 2021<\/strong><\/p>\n<p><a href=\"https:\/\/fusp-ceu.zoom.us\/j\/99460117483\">https:\/\/fusp-ceu.zoom.us\/j\/99460117483<\/a><\/p>\n<p>Clave de acceso:\u00a0<strong>695531<\/strong><\/p>\n<p>&nbsp;<\/p>\n<p><strong>Enlace mi\u00e9rcoles, 10 febrero de 2021<\/strong><\/p>\n<p><a href=\"https:\/\/fusp-ceu.zoom.us\/j\/91879830621\">https:\/\/fusp-ceu.zoom.us\/j\/91879830621<\/a><\/p>\n<p>Clave de acceso:\u00a0<strong>122555<\/strong><strong>\u00a0<\/strong><\/p>\n<p><strong>\u00a0<\/strong><\/p>\n<p><strong>Enlace jueves, 11 febrero de 2021<\/strong><\/p>\n<p><a href=\"https:\/\/fusp-ceu.zoom.us\/j\/99614860711\">https:\/\/fusp-ceu.zoom.us\/j\/99614860711<\/a><\/p>\n<p>Clave de acceso:\u00a0<strong>944496<\/strong><\/p>\n","protected":false},"excerpt":{"rendered":"<p>Los d\u00edas 9, 10 y 11 de febrero, tendr\u00e1 lugar el IV Congreso Nacional de Bio\u00e9tica\u00a0 que ha organizado el Instituto CEU de Humanidades \u201c\u00c1ngel Ayala\u201d. Esta cuarta edici\u00f3n versar\u00e1 sobre temas relacionados con la eutanasia, el aborto y los dilemas \u00e9ticos surgidos durante la pandemia. En esta ocasi\u00f3n y debido a la situaci\u00f3n, se&#8230;<\/p>\n","protected":false},"author":2,"featured_media":3045,"comment_status":"closed","ping_status":"closed","sticky":false,"template":"","format":"standard","meta":{"_jetpack_memberships_contains_paid_content":false,"footnotes":""},"categories":[33],"tags":[],"class_list":["post-3042","post","type-post","status-publish","format-standard","has-post-thumbnail","hentry","category-altres-entitats-informacions-agenda-i-documents-es"],"yoast_head":"<!-- This site is optimized with the Yoast SEO plugin v20.0 - https:\/\/yoast.com\/wordpress\/plugins\/seo\/ -->\n<title>IV Congreso Nacional de Bio\u00e9tica - e-Cristians<\/title>\n<meta name=\"robots\" content=\"noindex, nofollow\" \/>\n<meta property=\"og:locale\" content=\"es_ES\" \/>\n<meta property=\"og:type\" content=\"article\" \/>\n<meta property=\"og:title\" content=\"IV Congreso Nacional de Bio\u00e9tica - e-Cristians\" \/>\n<meta property=\"og:description\" content=\"Los d\u00edas 9, 10 y 11 de febrero, tendr\u00e1 lugar el IV Congreso Nacional de Bio\u00e9tica\u00a0 que ha organizado el Instituto CEU de Humanidades \u201c\u00c1ngel Ayala\u201d. Esta cuarta edici\u00f3n versar\u00e1 sobre temas relacionados con la eutanasia, el aborto y los dilemas \u00e9ticos surgidos durante la pandemia. En esta ocasi\u00f3n y debido a la situaci\u00f3n, se...\" \/>\n<meta property=\"og:url\" content=\"https:\/\/e-cristians.cat\/es\/iv-congreso-nacional-de-bioetica\/\" \/>\n<meta property=\"og:site_name\" content=\"e-Cristians\" \/>\n<meta property=\"article:published_time\" content=\"2021-02-05T10:29:05+00:00\" \/>\n<meta property=\"og:image\" content=\"https:\/\/e-cristians.cat\/wp-content\/uploads\/2021\/02\/iv-congreso-bioetica.jpg\" \/>\n\t<meta property=\"og:image:width\" content=\"500\" \/>\n\t<meta property=\"og:image:height\" content=\"332\" \/>\n\t<meta property=\"og:image:type\" content=\"image\/jpeg\" \/>\n<meta name=\"author\" content=\"e-Cristians\" \/>\n<meta name=\"twitter:card\" content=\"summary_large_image\" \/>\n<meta name=\"twitter:label1\" content=\"Escrito por\" \/>\n\t<meta name=\"twitter:data1\" content=\"e-Cristians\" \/>\n\t<meta name=\"twitter:label2\" content=\"Tiempo de lectura\" \/>\n\t<meta name=\"twitter:data2\" content=\"1 minuto\" \/>\n<script type=\"application\/ld+json\" class=\"yoast-schema-graph\">{\"@context\":\"https:\/\/schema.org\",\"@graph\":[{\"@type\":\"WebPage\",\"@id\":\"https:\/\/e-cristians.cat\/es\/iv-congreso-nacional-de-bioetica\/\",\"url\":\"https:\/\/e-cristians.cat\/es\/iv-congreso-nacional-de-bioetica\/\",\"name\":\"IV Congreso Nacional de Bio\u00e9tica - e-Cristians\",\"isPartOf\":{\"@id\":\"https:\/\/e-cristians.cat\/#website\"},\"datePublished\":\"2021-02-05T10:29:05+00:00\",\"dateModified\":\"2021-02-05T10:29:05+00:00\",\"author\":{\"@id\":\"https:\/\/e-cristians.cat\/#\/schema\/person\/f0ec475338e49aaef9c9dc9d9f162861\"},\"breadcrumb\":{\"@id\":\"https:\/\/e-cristians.cat\/es\/iv-congreso-nacional-de-bioetica\/#breadcrumb\"},\"inLanguage\":\"es\",\"potentialAction\":[{\"@type\":\"ReadAction\",\"target\":[\"https:\/\/e-cristians.cat\/es\/iv-congreso-nacional-de-bioetica\/\"]}]},{\"@type\":\"BreadcrumbList\",\"@id\":\"https:\/\/e-cristians.cat\/es\/iv-congreso-nacional-de-bioetica\/#breadcrumb\",\"itemListElement\":[{\"@type\":\"ListItem\",\"position\":1,\"name\":\"Inici\",\"item\":\"https:\/\/e-cristians.cat\/es\/\"},{\"@type\":\"ListItem\",\"position\":2,\"name\":\"IV Congreso Nacional de Bio\u00e9tica\"}]},{\"@type\":\"WebSite\",\"@id\":\"https:\/\/e-cristians.cat\/#website\",\"url\":\"https:\/\/e-cristians.cat\/\",\"name\":\"e-Cristians\",\"description\":\"\",\"potentialAction\":[{\"@type\":\"SearchAction\",\"target\":{\"@type\":\"EntryPoint\",\"urlTemplate\":\"https:\/\/e-cristians.cat\/?s={search_term_string}\"},\"query-input\":\"required name=search_term_string\"}],\"inLanguage\":\"es\"},{\"@type\":\"Person\",\"@id\":\"https:\/\/e-cristians.cat\/#\/schema\/person\/f0ec475338e49aaef9c9dc9d9f162861\",\"name\":\"e-Cristians\",\"image\":{\"@type\":\"ImageObject\",\"inLanguage\":\"es\",\"@id\":\"https:\/\/e-cristians.cat\/#\/schema\/person\/image\/\",\"url\":\"https:\/\/secure.gravatar.com\/avatar\/14bc9e5b0ca69070f1075ad3efcb33c4?s=96&d=mm&r=g\",\"contentUrl\":\"https:\/\/secure.gravatar.com\/avatar\/14bc9e5b0ca69070f1075ad3efcb33c4?s=96&d=mm&r=g\",\"caption\":\"e-Cristians\"}}]}<\/script>\n<!-- \/ Yoast SEO plugin. -->","yoast_head_json":{"title":"IV Congreso Nacional de Bio\u00e9tica - e-Cristians","robots":{"index":"noindex","follow":"nofollow"},"og_locale":"es_ES","og_type":"article","og_title":"IV Congreso Nacional de Bio\u00e9tica - e-Cristians","og_description":"Los d\u00edas 9, 10 y 11 de febrero, tendr\u00e1 lugar el IV Congreso Nacional de Bio\u00e9tica\u00a0 que ha organizado el Instituto CEU de Humanidades \u201c\u00c1ngel Ayala\u201d. Esta cuarta edici\u00f3n versar\u00e1 sobre temas relacionados con la eutanasia, el aborto y los dilemas \u00e9ticos surgidos durante la pandemia. En esta ocasi\u00f3n y debido a la situaci\u00f3n, se...","og_url":"https:\/\/e-cristians.cat\/es\/iv-congreso-nacional-de-bioetica\/","og_site_name":"e-Cristians","article_published_time":"2021-02-05T10:29:05+00:00","og_image":[{"width":500,"height":332,"url":"https:\/\/e-cristians.cat\/wp-content\/uploads\/2021\/02\/iv-congreso-bioetica.jpg","type":"image\/jpeg"}],"author":"e-Cristians","twitter_card":"summary_large_image","twitter_misc":{"Escrito por":"e-Cristians","Tiempo de lectura":"1 minuto"},"schema":{"@context":"https:\/\/schema.org","@graph":[{"@type":"WebPage","@id":"https:\/\/e-cristians.cat\/es\/iv-congreso-nacional-de-bioetica\/","url":"https:\/\/e-cristians.cat\/es\/iv-congreso-nacional-de-bioetica\/","name":"IV Congreso Nacional de Bio\u00e9tica - e-Cristians","isPartOf":{"@id":"https:\/\/e-cristians.cat\/#website"},"datePublished":"2021-02-05T10:29:05+00:00","dateModified":"2021-02-05T10:29:05+00:00","author":{"@id":"https:\/\/e-cristians.cat\/#\/schema\/person\/f0ec475338e49aaef9c9dc9d9f162861"},"breadcrumb":{"@id":"https:\/\/e-cristians.cat\/es\/iv-congreso-nacional-de-bioetica\/#breadcrumb"},"inLanguage":"es","potentialAction":[{"@type":"ReadAction","target":["https:\/\/e-cristians.cat\/es\/iv-congreso-nacional-de-bioetica\/"]}]},{"@type":"BreadcrumbList","@id":"https:\/\/e-cristians.cat\/es\/iv-congreso-nacional-de-bioetica\/#breadcrumb","itemListElement":[{"@type":"ListItem","position":1,"name":"Inici","item":"https:\/\/e-cristians.cat\/es\/"},{"@type":"ListItem","position":2,"name":"IV Congreso Nacional de Bio\u00e9tica"}]},{"@type":"WebSite","@id":"https:\/\/e-cristians.cat\/#website","url":"https:\/\/e-cristians.cat\/","name":"e-Cristians","description":"","potentialAction":[{"@type":"SearchAction","target":{"@type":"EntryPoint","urlTemplate":"https:\/\/e-cristians.cat\/?s={search_term_string}"},"query-input":"required name=search_term_string"}],"inLanguage":"es"},{"@type":"Person","@id":"https:\/\/e-cristians.cat\/#\/schema\/person\/f0ec475338e49aaef9c9dc9d9f162861","name":"e-Cristians","image":{"@type":"ImageObject","inLanguage":"es","@id":"https:\/\/e-cristians.cat\/#\/schema\/person\/image\/","url":"https:\/\/secure.gravatar.com\/avatar\/14bc9e5b0ca69070f1075ad3efcb33c4?s=96&d=mm&r=g","contentUrl":"https:\/\/secure.gravatar.com\/avatar\/14bc9e5b0ca69070f1075ad3efcb33c4?s=96&d=mm&r=g","caption":"e-Cristians"}}]}},"jetpack_sharing_enabled":true,"jetpack_featured_media_url":"https:\/\/e-cristians.cat\/wp-content\/uploads\/2021\/02\/iv-congreso-bioetica.jpg","_links":{"self":[{"href":"https:\/\/e-cristians.cat\/es\/wp-json\/wp\/v2\/posts\/3042"}],"collection":[{"href":"https:\/\/e-cristians.cat\/es\/wp-json\/wp\/v2\/posts"}],"about":[{"href":"https:\/\/e-cristians.cat\/es\/wp-json\/wp\/v2\/types\/post"}],"author":[{"embeddable":true,"href":"https:\/\/e-cristians.cat\/es\/wp-json\/wp\/v2\/users\/2"}],"replies":[{"embeddable":true,"href":"https:\/\/e-cristians.cat\/es\/wp-json\/wp\/v2\/comments?post=3042"}],"version-history":[{"count":2,"href":"https:\/\/e-cristians.cat\/es\/wp-json\/wp\/v2\/posts\/3042\/revisions"}],"predecessor-version":[{"id":3048,"href":"https:\/\/e-cristians.cat\/es\/wp-json\/wp\/v2\/posts\/3042\/revisions\/3048"}],"wp:featuredmedia":[{"embeddable":true,"href":"https:\/\/e-cristians.cat\/es\/wp-json\/wp\/v2\/media\/3045"}],"wp:attachment":[{"href":"https:\/\/e-cristians.cat\/es\/wp-json\/wp\/v2\/media?parent=3042"}],"wp:term":[{"taxonomy":"category","embeddable":true,"href":"https:\/\/e-cristians.cat\/es\/wp-json\/wp\/v2\/categories?post=3042"},{"taxonomy":"post_tag","embeddable":true,"href":"https:\/\/e-cristians.cat\/es\/wp-json\/wp\/v2\/tags?post=3042"}],"curies":[{"name":"wp","href":"https:\/\/api.w.org\/{rel}","templated":true}]}}