{"id":307531,"date":"2024-04-08T16:53:22","date_gmt":"2024-04-08T14:53:22","guid":{"rendered":"https:\/\/e-cristians.cat\/?p=307531"},"modified":"2024-05-10T11:47:44","modified_gmt":"2024-05-10T09:47:44","slug":"declaracion-de-e-cristians-la-necesidad-de-poner-fin-a-la-guerra-de-gaza-ahora","status":"publish","type":"post","link":"https:\/\/e-cristians.cat\/es\/declaracion-de-e-cristians-la-necesidad-de-poner-fin-a-la-guerra-de-gaza-ahora\/","title":{"rendered":"Declaraci\u00f3n de e-Cristians: La necesidad de poner fin a la guerra de Gaza ahora"},"content":{"rendered":"<p><strong>Deseamos unirnos al conjunto universal de voces y al movimiento que pide la paz en Gaza ahora.<\/strong><\/p>\n<p>La reciente Semana Santa muestra el camino a seguir en el ejemplo de Jes\u00fas en el que la cruz tiene como respuesta el perd\u00f3n.<\/p>\n<p>Basta de tanta destrucci\u00f3n y muerte de inocentes. La causa primera, el terrorismo brutal de Ham\u00e1s sobre v\u00edctimas inocentes, exig\u00eda medidas de previsi\u00f3n frente al futuro, pero estas no pueden ser las que Israel est\u00e1 ejecutando en Gaza.<\/p>\n<p>Hay que evitar que toda una poblaci\u00f3n pague las consecuencias de un acto atroz de terrorismo, al tiempo que recordar, de acuerdo con la doctrina de la Iglesia, que toda acci\u00f3n emprendida en leg\u00edtima defensa debe guiarse por los principios de distinci\u00f3n y proporcionalidad, y respetar el derecho internacional humanitario.<\/p>\n<p>En su reciente audiencia, el Papa Francisco dijo, se\u00f1alando a dos personas que se encontraban en primera fila: <em>\u00abhay dos personas, dos padres. Son los primeros: uno israel\u00ed y otro \u00e1rabe. Ambos han perdido a sus hijas en esta guerra y ambos son amigos;\u00a0no miran la enemistad de la guerra, sino que miran la amistad de dos hombres que se aman\u00a0y que han pasado por la misma crucifixi\u00f3n\u00bb<\/em>. Este es el camino, como lo fue en Europa para superar el sangriento per\u00edodo de 1914-1945, una segunda guerra de 30 a\u00f1os.<\/p>\n<p>El papa Francisco pidi\u00f3 el cese de las operaciones militares en Gaza, la liberaci\u00f3n de las personas secuestradas y que se afronte la cuesti\u00f3n palestina. Lo afirm\u00f3 ya en su mensaje de Navidad antes de la bendici\u00f3n &#8216;Urbi et Orbi&#8217;. Pidi\u00f3 que la paz \u00ab<em>llegue a Israel y Palestina, donde la guerra sacude la vida de estas poblaciones<\/em>\u00ab. A\u00f1adi\u00f3: \u00abAbrazo a ambas, en particular a las comunidades cristianas de Gaza, la parroquia de Gaza, y de toda Tierra Santa\u00bb. Esta paz exige \u00ab<em>la liberaci\u00f3n de quienes todav\u00eda est\u00e1n retenidos<\/em>\u00ab, un alto el fuego inmediato extendido en todos los frentes y la entrada de ayuda humanitaria sin restricciones.<\/p>\n<p>Somos amigos del pueblo jud\u00edo y queremos lo mejor para el estado de Israel, y por eso decimos: Det\u00e9n tu fuerza porque con ella te est\u00e1s destruyendo delante del mundo.<\/p>\n","protected":false},"excerpt":{"rendered":"<p>Deseamos unirnos al conjunto universal de voces y al movimiento que pide la paz en Gaza ahora. La reciente Semana Santa muestra el camino a seguir en el ejemplo de Jes\u00fas en el que la cruz tiene como respuesta el perd\u00f3n. Basta de tanta destrucci\u00f3n y muerte de inocentes. La causa primera, el terrorismo brutal&#8230;<\/p>\n","protected":false},"author":2,"featured_media":307527,"comment_status":"closed","ping_status":"closed","sticky":false,"template":"","format":"standard","meta":{"_jetpack_memberships_contains_paid_content":false,"footnotes":""},"categories":[30],"tags":[],"class_list":["post-307531","post","type-post","status-publish","format-standard","has-post-thumbnail","hentry","category-declaracions-de-cristians-es"],"yoast_head":"<!-- This site is optimized with the Yoast SEO plugin v20.0 - https:\/\/yoast.com\/wordpress\/plugins\/seo\/ -->\n<title>e-Cristians: La necesidad de poner fin a la guerra de Gaza ahora<\/title>\n<meta name=\"description\" content=\"La necesidad de poner fin a la guerra de Gaza ahora. Deseamos unirnos al conjunto universal de voces que piden la paz en Gaza ahora.\" \/>\n<meta name=\"robots\" content=\"index, follow, max-snippet:-1, max-image-preview:large, max-video-preview:-1\" \/>\n<link rel=\"canonical\" href=\"https:\/\/e-cristians.cat\/es\/declaracion-de-e-cristians-la-necesidad-de-poner-fin-a-la-guerra-de-gaza-ahora\/\" \/>\n<meta property=\"og:locale\" content=\"es_ES\" \/>\n<meta property=\"og:type\" content=\"article\" \/>\n<meta property=\"og:title\" content=\"e-Cristians: La necesidad de poner fin a la guerra de Gaza ahora\" \/>\n<meta property=\"og:description\" content=\"La necesidad de poner fin a la guerra de Gaza ahora. Deseamos unirnos al conjunto universal de voces que piden la paz en Gaza ahora.\" \/>\n<meta property=\"og:url\" content=\"https:\/\/e-cristians.cat\/es\/declaracion-de-e-cristians-la-necesidad-de-poner-fin-a-la-guerra-de-gaza-ahora\/\" \/>\n<meta property=\"og:site_name\" content=\"e-Cristians\" \/>\n<meta property=\"article:published_time\" content=\"2024-04-08T14:53:22+00:00\" \/>\n<meta property=\"article:modified_time\" content=\"2024-05-10T09:47:44+00:00\" \/>\n<meta property=\"og:image\" content=\"https:\/\/e-cristians.cat\/wp-content\/uploads\/2024\/04\/Francisco-Rami-Bassam-audiencia-general_2655644412_17022388_1820x1024.jpg\" \/>\n\t<meta property=\"og:image:width\" content=\"1819\" \/>\n\t<meta property=\"og:image:height\" content=\"1024\" \/>\n\t<meta property=\"og:image:type\" content=\"image\/jpeg\" \/>\n<meta name=\"author\" content=\"e-Cristians\" \/>\n<meta name=\"twitter:card\" content=\"summary_large_image\" \/>\n<meta name=\"twitter:label1\" content=\"Escrito por\" \/>\n\t<meta name=\"twitter:data1\" content=\"e-Cristians\" \/>\n\t<meta name=\"twitter:label2\" content=\"Tiempo de lectura\" \/>\n\t<meta name=\"twitter:data2\" content=\"2 minutos\" \/>\n<script type=\"application\/ld+json\" class=\"yoast-schema-graph\">{\"@context\":\"https:\/\/schema.org\",\"@graph\":[{\"@type\":\"WebPage\",\"@id\":\"https:\/\/e-cristians.cat\/es\/declaracion-de-e-cristians-la-necesidad-de-poner-fin-a-la-guerra-de-gaza-ahora\/\",\"url\":\"https:\/\/e-cristians.cat\/es\/declaracion-de-e-cristians-la-necesidad-de-poner-fin-a-la-guerra-de-gaza-ahora\/\",\"name\":\"e-Cristians: La necesidad de poner fin a la guerra de Gaza ahora\",\"isPartOf\":{\"@id\":\"https:\/\/e-cristians.cat\/#website\"},\"datePublished\":\"2024-04-08T14:53:22+00:00\",\"dateModified\":\"2024-05-10T09:47:44+00:00\",\"author\":{\"@id\":\"https:\/\/e-cristians.cat\/#\/schema\/person\/f0ec475338e49aaef9c9dc9d9f162861\"},\"description\":\"La necesidad de poner fin a la guerra de Gaza ahora. Deseamos unirnos al conjunto universal de voces que piden la paz en Gaza ahora.\",\"breadcrumb\":{\"@id\":\"https:\/\/e-cristians.cat\/es\/declaracion-de-e-cristians-la-necesidad-de-poner-fin-a-la-guerra-de-gaza-ahora\/#breadcrumb\"},\"inLanguage\":\"es\",\"potentialAction\":[{\"@type\":\"ReadAction\",\"target\":[\"https:\/\/e-cristians.cat\/es\/declaracion-de-e-cristians-la-necesidad-de-poner-fin-a-la-guerra-de-gaza-ahora\/\"]}]},{\"@type\":\"BreadcrumbList\",\"@id\":\"https:\/\/e-cristians.cat\/es\/declaracion-de-e-cristians-la-necesidad-de-poner-fin-a-la-guerra-de-gaza-ahora\/#breadcrumb\",\"itemListElement\":[{\"@type\":\"ListItem\",\"position\":1,\"name\":\"Inici\",\"item\":\"https:\/\/e-cristians.cat\/es\/\"},{\"@type\":\"ListItem\",\"position\":2,\"name\":\"Declaraci\u00f3n de e-Cristians: La necesidad de poner fin a la guerra de Gaza ahora\"}]},{\"@type\":\"WebSite\",\"@id\":\"https:\/\/e-cristians.cat\/#website\",\"url\":\"https:\/\/e-cristians.cat\/\",\"name\":\"e-Cristians\",\"description\":\"\",\"potentialAction\":[{\"@type\":\"SearchAction\",\"target\":{\"@type\":\"EntryPoint\",\"urlTemplate\":\"https:\/\/e-cristians.cat\/?s={search_term_string}\"},\"query-input\":\"required name=search_term_string\"}],\"inLanguage\":\"es\"},{\"@type\":\"Person\",\"@id\":\"https:\/\/e-cristians.cat\/#\/schema\/person\/f0ec475338e49aaef9c9dc9d9f162861\",\"name\":\"e-Cristians\",\"image\":{\"@type\":\"ImageObject\",\"inLanguage\":\"es\",\"@id\":\"https:\/\/e-cristians.cat\/#\/schema\/person\/image\/\",\"url\":\"https:\/\/secure.gravatar.com\/avatar\/14bc9e5b0ca69070f1075ad3efcb33c4?s=96&d=mm&r=g\",\"contentUrl\":\"https:\/\/secure.gravatar.com\/avatar\/14bc9e5b0ca69070f1075ad3efcb33c4?s=96&d=mm&r=g\",\"caption\":\"e-Cristians\"}}]}<\/script>\n<!-- \/ Yoast SEO plugin. -->","yoast_head_json":{"title":"e-Cristians: La necesidad de poner fin a la guerra de Gaza ahora","description":"La necesidad de poner fin a la guerra de Gaza ahora. Deseamos unirnos al conjunto universal de voces que piden la paz en Gaza ahora.","robots":{"index":"index","follow":"follow","max-snippet":"max-snippet:-1","max-image-preview":"max-image-preview:large","max-video-preview":"max-video-preview:-1"},"canonical":"https:\/\/e-cristians.cat\/es\/declaracion-de-e-cristians-la-necesidad-de-poner-fin-a-la-guerra-de-gaza-ahora\/","og_locale":"es_ES","og_type":"article","og_title":"e-Cristians: La necesidad de poner fin a la guerra de Gaza ahora","og_description":"La necesidad de poner fin a la guerra de Gaza ahora. Deseamos unirnos al conjunto universal de voces que piden la paz en Gaza ahora.","og_url":"https:\/\/e-cristians.cat\/es\/declaracion-de-e-cristians-la-necesidad-de-poner-fin-a-la-guerra-de-gaza-ahora\/","og_site_name":"e-Cristians","article_published_time":"2024-04-08T14:53:22+00:00","article_modified_time":"2024-05-10T09:47:44+00:00","og_image":[{"width":1819,"height":1024,"url":"https:\/\/e-cristians.cat\/wp-content\/uploads\/2024\/04\/Francisco-Rami-Bassam-audiencia-general_2655644412_17022388_1820x1024.jpg","type":"image\/jpeg"}],"author":"e-Cristians","twitter_card":"summary_large_image","twitter_misc":{"Escrito por":"e-Cristians","Tiempo de lectura":"2 minutos"},"schema":{"@context":"https:\/\/schema.org","@graph":[{"@type":"WebPage","@id":"https:\/\/e-cristians.cat\/es\/declaracion-de-e-cristians-la-necesidad-de-poner-fin-a-la-guerra-de-gaza-ahora\/","url":"https:\/\/e-cristians.cat\/es\/declaracion-de-e-cristians-la-necesidad-de-poner-fin-a-la-guerra-de-gaza-ahora\/","name":"e-Cristians: La necesidad de poner fin a la guerra de Gaza ahora","isPartOf":{"@id":"https:\/\/e-cristians.cat\/#website"},"datePublished":"2024-04-08T14:53:22+00:00","dateModified":"2024-05-10T09:47:44+00:00","author":{"@id":"https:\/\/e-cristians.cat\/#\/schema\/person\/f0ec475338e49aaef9c9dc9d9f162861"},"description":"La necesidad de poner fin a la guerra de Gaza ahora. Deseamos unirnos al conjunto universal de voces que piden la paz en Gaza ahora.","breadcrumb":{"@id":"https:\/\/e-cristians.cat\/es\/declaracion-de-e-cristians-la-necesidad-de-poner-fin-a-la-guerra-de-gaza-ahora\/#breadcrumb"},"inLanguage":"es","potentialAction":[{"@type":"ReadAction","target":["https:\/\/e-cristians.cat\/es\/declaracion-de-e-cristians-la-necesidad-de-poner-fin-a-la-guerra-de-gaza-ahora\/"]}]},{"@type":"BreadcrumbList","@id":"https:\/\/e-cristians.cat\/es\/declaracion-de-e-cristians-la-necesidad-de-poner-fin-a-la-guerra-de-gaza-ahora\/#breadcrumb","itemListElement":[{"@type":"ListItem","position":1,"name":"Inici","item":"https:\/\/e-cristians.cat\/es\/"},{"@type":"ListItem","position":2,"name":"Declaraci\u00f3n de e-Cristians: La necesidad de poner fin a la guerra de Gaza ahora"}]},{"@type":"WebSite","@id":"https:\/\/e-cristians.cat\/#website","url":"https:\/\/e-cristians.cat\/","name":"e-Cristians","description":"","potentialAction":[{"@type":"SearchAction","target":{"@type":"EntryPoint","urlTemplate":"https:\/\/e-cristians.cat\/?s={search_term_string}"},"query-input":"required name=search_term_string"}],"inLanguage":"es"},{"@type":"Person","@id":"https:\/\/e-cristians.cat\/#\/schema\/person\/f0ec475338e49aaef9c9dc9d9f162861","name":"e-Cristians","image":{"@type":"ImageObject","inLanguage":"es","@id":"https:\/\/e-cristians.cat\/#\/schema\/person\/image\/","url":"https:\/\/secure.gravatar.com\/avatar\/14bc9e5b0ca69070f1075ad3efcb33c4?s=96&d=mm&r=g","contentUrl":"https:\/\/secure.gravatar.com\/avatar\/14bc9e5b0ca69070f1075ad3efcb33c4?s=96&d=mm&r=g","caption":"e-Cristians"}}]}},"jetpack_sharing_enabled":true,"jetpack_featured_media_url":"https:\/\/e-cristians.cat\/wp-content\/uploads\/2024\/04\/Francisco-Rami-Bassam-audiencia-general_2655644412_17022388_1820x1024.jpg","_links":{"self":[{"href":"https:\/\/e-cristians.cat\/es\/wp-json\/wp\/v2\/posts\/307531"}],"collection":[{"href":"https:\/\/e-cristians.cat\/es\/wp-json\/wp\/v2\/posts"}],"about":[{"href":"https:\/\/e-cristians.cat\/es\/wp-json\/wp\/v2\/types\/post"}],"author":[{"embeddable":true,"href":"https:\/\/e-cristians.cat\/es\/wp-json\/wp\/v2\/users\/2"}],"replies":[{"embeddable":true,"href":"https:\/\/e-cristians.cat\/es\/wp-json\/wp\/v2\/comments?post=307531"}],"version-history":[{"count":1,"href":"https:\/\/e-cristians.cat\/es\/wp-json\/wp\/v2\/posts\/307531\/revisions"}],"predecessor-version":[{"id":307534,"href":"https:\/\/e-cristians.cat\/es\/wp-json\/wp\/v2\/posts\/307531\/revisions\/307534"}],"wp:featuredmedia":[{"embeddable":true,"href":"https:\/\/e-cristians.cat\/es\/wp-json\/wp\/v2\/media\/307527"}],"wp:attachment":[{"href":"https:\/\/e-cristians.cat\/es\/wp-json\/wp\/v2\/media?parent=307531"}],"wp:term":[{"taxonomy":"category","embeddable":true,"href":"https:\/\/e-cristians.cat\/es\/wp-json\/wp\/v2\/categories?post=307531"},{"taxonomy":"post_tag","embeddable":true,"href":"https:\/\/e-cristians.cat\/es\/wp-json\/wp\/v2\/tags?post=307531"}],"curies":[{"name":"wp","href":"https:\/\/api.w.org\/{rel}","templated":true}]}}