{"id":3134,"date":"2021-02-08T09:00:37","date_gmt":"2021-02-08T08:00:37","guid":{"rendered":"https:\/\/e-cristians.cat\/?p=3134"},"modified":"2021-02-11T15:37:20","modified_gmt":"2021-02-11T14:37:20","slug":"salvador-illa-y-los-catolicos","status":"publish","type":"post","link":"https:\/\/e-cristians.cat\/es\/salvador-illa-y-los-catolicos\/","title":{"rendered":"Salvador Illa y los cat\u00f3licos"},"content":{"rendered":"<p><em>Josep Mir\u00f3 i Ard\u00e8vol<\/em><\/p>\n<p>Vaya por delante una premisa<strong>:<\/strong>\u00a0No se trata de juzgar los sentimientos religiosos de nadie, esto solo est\u00e1 al alcance de Dios, pero como personaje pol\u00edtico, como persona que transforma la realidad, cuando su fe aparece en campa\u00f1a debemos opinar sobre sus actos y la coherencia entre ella y su pr\u00e1ctica pol\u00edtica. La conciencia es de cada cual, pero los hechos p\u00fablicos son de todos.<\/p>\n<p>Es necesario recordar lo que dejaron sentado los obispos latinoamericanos en su\u00a0<a href=\"https:\/\/www.celam.org\/aparecida\/Espanol.pdf\" target=\"_blank\" rel=\"noopener\"><strong>Documento de Aparecida<\/strong><\/a><strong>\u00a0de 2007<\/strong>, cuando insistieron en la \u201ccoherencia eucar\u00edstica\u201d en sus comunidades cat\u00f3licas. <a href=\"https:\/\/www.forumlibertas.com\/salvador-illa-y-los-catolicos\/\" target=\"_blank\" rel=\"noopener\">Leer m\u00e1s.<\/a><\/p>\n","protected":false},"excerpt":{"rendered":"<p>Josep Mir\u00f3 i Ard\u00e8vol Vaya por delante una premisa:\u00a0No se trata de juzgar los sentimientos religiosos de nadie, esto solo est\u00e1 al alcance de Dios, pero como personaje pol\u00edtico, como persona que transforma la realidad, cuando su fe aparece en campa\u00f1a debemos opinar sobre sus actos y la coherencia entre ella y su pr\u00e1ctica pol\u00edtica&#8230;.<\/p>\n","protected":false},"author":2,"featured_media":3135,"comment_status":"closed","ping_status":"closed","sticky":false,"template":"","format":"standard","meta":{"_jetpack_memberships_contains_paid_content":false,"footnotes":""},"categories":[34,39],"tags":[],"class_list":["post-3134","post","type-post","status-publish","format-standard","has-post-thumbnail","hentry","category-editorials-i-blogs-de-forumlibertas-es","category-portada_news-es"],"yoast_head":"<!-- This site is optimized with the Yoast SEO plugin v20.0 - https:\/\/yoast.com\/wordpress\/plugins\/seo\/ -->\n<title>Salvador Illa y los cat\u00f3licos - e-Cristians<\/title>\n<meta name=\"robots\" content=\"noindex, nofollow\" \/>\n<meta property=\"og:locale\" content=\"es_ES\" \/>\n<meta property=\"og:type\" content=\"article\" \/>\n<meta property=\"og:title\" content=\"Salvador Illa y los cat\u00f3licos - e-Cristians\" \/>\n<meta property=\"og:description\" content=\"Josep Mir\u00f3 i Ard\u00e8vol Vaya por delante una premisa:\u00a0No se trata de juzgar los sentimientos religiosos de nadie, esto solo est\u00e1 al alcance de Dios, pero como personaje pol\u00edtico, como persona que transforma la realidad, cuando su fe aparece en campa\u00f1a debemos opinar sobre sus actos y la coherencia entre ella y su pr\u00e1ctica pol\u00edtica....\" \/>\n<meta property=\"og:url\" content=\"https:\/\/e-cristians.cat\/es\/salvador-illa-y-los-catolicos\/\" \/>\n<meta property=\"og:site_name\" content=\"e-Cristians\" \/>\n<meta property=\"article:published_time\" content=\"2021-02-08T08:00:37+00:00\" \/>\n<meta property=\"article:modified_time\" content=\"2021-02-11T14:37:20+00:00\" \/>\n<meta property=\"og:image\" content=\"https:\/\/e-cristians.cat\/wp-content\/uploads\/2021\/02\/salvador-Illa-catolico-600x337-1.jpg\" \/>\n\t<meta property=\"og:image:width\" content=\"600\" \/>\n\t<meta property=\"og:image:height\" content=\"337\" \/>\n\t<meta property=\"og:image:type\" content=\"image\/jpeg\" \/>\n<meta name=\"author\" content=\"e-Cristians\" \/>\n<meta name=\"twitter:card\" content=\"summary_large_image\" \/>\n<meta name=\"twitter:label1\" content=\"Escrito por\" \/>\n\t<meta name=\"twitter:data1\" content=\"e-Cristians\" \/>\n\t<meta name=\"twitter:label2\" content=\"Tiempo de lectura\" \/>\n\t<meta name=\"twitter:data2\" content=\"1 minuto\" \/>\n<script type=\"application\/ld+json\" class=\"yoast-schema-graph\">{\"@context\":\"https:\/\/schema.org\",\"@graph\":[{\"@type\":\"WebPage\",\"@id\":\"https:\/\/e-cristians.cat\/es\/salvador-illa-y-los-catolicos\/\",\"url\":\"https:\/\/e-cristians.cat\/es\/salvador-illa-y-los-catolicos\/\",\"name\":\"Salvador Illa y los cat\u00f3licos - e-Cristians\",\"isPartOf\":{\"@id\":\"https:\/\/e-cristians.cat\/#website\"},\"datePublished\":\"2021-02-08T08:00:37+00:00\",\"dateModified\":\"2021-02-11T14:37:20+00:00\",\"author\":{\"@id\":\"https:\/\/e-cristians.cat\/#\/schema\/person\/f0ec475338e49aaef9c9dc9d9f162861\"},\"breadcrumb\":{\"@id\":\"https:\/\/e-cristians.cat\/es\/salvador-illa-y-los-catolicos\/#breadcrumb\"},\"inLanguage\":\"es\",\"potentialAction\":[{\"@type\":\"ReadAction\",\"target\":[\"https:\/\/e-cristians.cat\/es\/salvador-illa-y-los-catolicos\/\"]}]},{\"@type\":\"BreadcrumbList\",\"@id\":\"https:\/\/e-cristians.cat\/es\/salvador-illa-y-los-catolicos\/#breadcrumb\",\"itemListElement\":[{\"@type\":\"ListItem\",\"position\":1,\"name\":\"Inici\",\"item\":\"https:\/\/e-cristians.cat\/es\/\"},{\"@type\":\"ListItem\",\"position\":2,\"name\":\"Salvador Illa y los cat\u00f3licos\"}]},{\"@type\":\"WebSite\",\"@id\":\"https:\/\/e-cristians.cat\/#website\",\"url\":\"https:\/\/e-cristians.cat\/\",\"name\":\"e-Cristians\",\"description\":\"\",\"potentialAction\":[{\"@type\":\"SearchAction\",\"target\":{\"@type\":\"EntryPoint\",\"urlTemplate\":\"https:\/\/e-cristians.cat\/?s={search_term_string}\"},\"query-input\":\"required name=search_term_string\"}],\"inLanguage\":\"es\"},{\"@type\":\"Person\",\"@id\":\"https:\/\/e-cristians.cat\/#\/schema\/person\/f0ec475338e49aaef9c9dc9d9f162861\",\"name\":\"e-Cristians\",\"image\":{\"@type\":\"ImageObject\",\"inLanguage\":\"es\",\"@id\":\"https:\/\/e-cristians.cat\/#\/schema\/person\/image\/\",\"url\":\"https:\/\/secure.gravatar.com\/avatar\/14bc9e5b0ca69070f1075ad3efcb33c4?s=96&d=mm&r=g\",\"contentUrl\":\"https:\/\/secure.gravatar.com\/avatar\/14bc9e5b0ca69070f1075ad3efcb33c4?s=96&d=mm&r=g\",\"caption\":\"e-Cristians\"}}]}<\/script>\n<!-- \/ Yoast SEO plugin. -->","yoast_head_json":{"title":"Salvador Illa y los cat\u00f3licos - e-Cristians","robots":{"index":"noindex","follow":"nofollow"},"og_locale":"es_ES","og_type":"article","og_title":"Salvador Illa y los cat\u00f3licos - e-Cristians","og_description":"Josep Mir\u00f3 i Ard\u00e8vol Vaya por delante una premisa:\u00a0No se trata de juzgar los sentimientos religiosos de nadie, esto solo est\u00e1 al alcance de Dios, pero como personaje pol\u00edtico, como persona que transforma la realidad, cuando su fe aparece en campa\u00f1a debemos opinar sobre sus actos y la coherencia entre ella y su pr\u00e1ctica pol\u00edtica....","og_url":"https:\/\/e-cristians.cat\/es\/salvador-illa-y-los-catolicos\/","og_site_name":"e-Cristians","article_published_time":"2021-02-08T08:00:37+00:00","article_modified_time":"2021-02-11T14:37:20+00:00","og_image":[{"width":600,"height":337,"url":"https:\/\/e-cristians.cat\/wp-content\/uploads\/2021\/02\/salvador-Illa-catolico-600x337-1.jpg","type":"image\/jpeg"}],"author":"e-Cristians","twitter_card":"summary_large_image","twitter_misc":{"Escrito por":"e-Cristians","Tiempo de lectura":"1 minuto"},"schema":{"@context":"https:\/\/schema.org","@graph":[{"@type":"WebPage","@id":"https:\/\/e-cristians.cat\/es\/salvador-illa-y-los-catolicos\/","url":"https:\/\/e-cristians.cat\/es\/salvador-illa-y-los-catolicos\/","name":"Salvador Illa y los cat\u00f3licos - e-Cristians","isPartOf":{"@id":"https:\/\/e-cristians.cat\/#website"},"datePublished":"2021-02-08T08:00:37+00:00","dateModified":"2021-02-11T14:37:20+00:00","author":{"@id":"https:\/\/e-cristians.cat\/#\/schema\/person\/f0ec475338e49aaef9c9dc9d9f162861"},"breadcrumb":{"@id":"https:\/\/e-cristians.cat\/es\/salvador-illa-y-los-catolicos\/#breadcrumb"},"inLanguage":"es","potentialAction":[{"@type":"ReadAction","target":["https:\/\/e-cristians.cat\/es\/salvador-illa-y-los-catolicos\/"]}]},{"@type":"BreadcrumbList","@id":"https:\/\/e-cristians.cat\/es\/salvador-illa-y-los-catolicos\/#breadcrumb","itemListElement":[{"@type":"ListItem","position":1,"name":"Inici","item":"https:\/\/e-cristians.cat\/es\/"},{"@type":"ListItem","position":2,"name":"Salvador Illa y los cat\u00f3licos"}]},{"@type":"WebSite","@id":"https:\/\/e-cristians.cat\/#website","url":"https:\/\/e-cristians.cat\/","name":"e-Cristians","description":"","potentialAction":[{"@type":"SearchAction","target":{"@type":"EntryPoint","urlTemplate":"https:\/\/e-cristians.cat\/?s={search_term_string}"},"query-input":"required name=search_term_string"}],"inLanguage":"es"},{"@type":"Person","@id":"https:\/\/e-cristians.cat\/#\/schema\/person\/f0ec475338e49aaef9c9dc9d9f162861","name":"e-Cristians","image":{"@type":"ImageObject","inLanguage":"es","@id":"https:\/\/e-cristians.cat\/#\/schema\/person\/image\/","url":"https:\/\/secure.gravatar.com\/avatar\/14bc9e5b0ca69070f1075ad3efcb33c4?s=96&d=mm&r=g","contentUrl":"https:\/\/secure.gravatar.com\/avatar\/14bc9e5b0ca69070f1075ad3efcb33c4?s=96&d=mm&r=g","caption":"e-Cristians"}}]}},"jetpack_sharing_enabled":true,"jetpack_featured_media_url":"https:\/\/e-cristians.cat\/wp-content\/uploads\/2021\/02\/salvador-Illa-catolico-600x337-1.jpg","_links":{"self":[{"href":"https:\/\/e-cristians.cat\/es\/wp-json\/wp\/v2\/posts\/3134"}],"collection":[{"href":"https:\/\/e-cristians.cat\/es\/wp-json\/wp\/v2\/posts"}],"about":[{"href":"https:\/\/e-cristians.cat\/es\/wp-json\/wp\/v2\/types\/post"}],"author":[{"embeddable":true,"href":"https:\/\/e-cristians.cat\/es\/wp-json\/wp\/v2\/users\/2"}],"replies":[{"embeddable":true,"href":"https:\/\/e-cristians.cat\/es\/wp-json\/wp\/v2\/comments?post=3134"}],"version-history":[{"count":1,"href":"https:\/\/e-cristians.cat\/es\/wp-json\/wp\/v2\/posts\/3134\/revisions"}],"predecessor-version":[{"id":3137,"href":"https:\/\/e-cristians.cat\/es\/wp-json\/wp\/v2\/posts\/3134\/revisions\/3137"}],"wp:featuredmedia":[{"embeddable":true,"href":"https:\/\/e-cristians.cat\/es\/wp-json\/wp\/v2\/media\/3135"}],"wp:attachment":[{"href":"https:\/\/e-cristians.cat\/es\/wp-json\/wp\/v2\/media?parent=3134"}],"wp:term":[{"taxonomy":"category","embeddable":true,"href":"https:\/\/e-cristians.cat\/es\/wp-json\/wp\/v2\/categories?post=3134"},{"taxonomy":"post_tag","embeddable":true,"href":"https:\/\/e-cristians.cat\/es\/wp-json\/wp\/v2\/tags?post=3134"}],"curies":[{"name":"wp","href":"https:\/\/api.w.org\/{rel}","templated":true}]}}