{"id":36564,"date":"2021-12-13T13:34:18","date_gmt":"2021-12-13T12:34:18","guid":{"rendered":"https:\/\/e-cristians.cat\/?p=36564"},"modified":"2021-12-13T13:34:18","modified_gmt":"2021-12-13T12:34:18","slug":"foro-la-necesaria-tarea-de-construir-una-alternativa-cultural-cristiana","status":"publish","type":"post","link":"https:\/\/e-cristians.cat\/es\/foro-la-necesaria-tarea-de-construir-una-alternativa-cultural-cristiana\/","title":{"rendered":"Foro \u00abLa necesaria tarea de construir una alternativa cultural cristiana\u00bb"},"content":{"rendered":"<p><strong><u>No podemos esperar m\u00e1s, ni mirar hacia otro lado<\/u><\/strong><\/p>\n<p>La Iglesia, y con ella el pueblo de Dios y el cristianismo que no acepta que el mundo sea su gu\u00eda, sino que cree firmemente que \u00e9l es la gu\u00eda del mundo, est\u00e1n sometidos a una guerra cultural. No protagonizamos la guerra; en todo caso, somos v\u00edctimas de ella.<\/p>\n<p><strong><u>Urgencia y necesidad <\/u><\/strong><\/p>\n<p>Una cultura es cristiana cuando su experiencia parte de Cristo.<\/p>\n<p>El cristianismo ha tenido un protagonismo determinante y central en la construcci\u00f3n de las sociedades democr\u00e1ticas occidentales. Esa situaci\u00f3n ya no existe y los cristianos debemos saber construir la alternativa o habremos retrocedido al siglo II.<\/p>\n<p>Ser alternativa significa superar la marginalidad y cuestionar los actuales marcos de referencia, y construir otros nuevos surgidos de la concepci\u00f3n cristiana y de la ley natural.<\/p>\n<p>Tambi\u00e9n significa la necesidad de crear la conciencia necesaria en el seno de la Iglesia de que la tarea de construir la alternativa es necesaria y urgente.<\/p>\n<p><strong><u>La construcci\u00f3n de la alternativa<\/u><\/strong><\/p>\n<p>Estos son unos primeros enunciados de ideas fuerza o ejes del relato alternativo a construir:<\/p>\n<ol>\n<li><strong>Practicar un diagn\u00f3stico cr\u00edtico de la realidad<\/strong>, dirigido a restaurar y rehacer la realidad, a fin de restituir o alcanzar la verdad. Nuestra cr\u00edtica debe aportar un horizonte de sentido y generar el impulso necesario para dirigirse a \u00e9l; iluminar aquello que est\u00e1 oscuro, desvelar lo oculto, restituir la forma verdadera a lo deformado. Ser fermento de soluciones, de respuestas y proyectos positivos.<\/li>\n<li>Explicar y razonar <strong>que existe un orden natural<\/strong> en las cosas y en la vida humana, y vivir de acuerdo con \u00e9l.<\/li>\n<li><strong>Presentar la concepci\u00f3n y la mentalidad cristiana como alternativa integral al desastre existente<\/strong>, y mostrar que todo lo que existe ser\u00eda muy diferente y mucho mejor con el proyecto cultural cristiano.<\/li>\n<li>Planteamos abiertamente que las concepciones laicistas, secularizadoras, no poseen, por el hecho de serlo, ninguna superioridad sobre las concepciones religiosas en el debate p\u00fablico pol\u00edtico. Es m\u00e1s, dado que <strong>las crisis acumuladas<\/strong> que vivimos surgen de su concepci\u00f3n ideol\u00f3gica y no del pensar cristiano, han de reflexionar y rectificar sobre las causas de sus errores.<\/li>\n<li><strong>La sociedad es plural, no laica<\/strong>, y en ella predomina la idea de <strong>Dios<\/strong>. El Estado es laico, es decir, neutral porque carece de confesi\u00f3n religiosa, si bien las respeta a todas en el marco de la libertad religiosa y de la colaboraci\u00f3n positiva. Por razones de adscripci\u00f3n mayoritaria y de naturaleza cultural, reconoce un papel especial al cristianismo. Por consiguiente, <strong>el estado no puede ser laicista ni de pr\u00e1ctica atea<\/strong>, y no puede cancelar la referencia a Dios en la vida p\u00fablica.<\/li>\n<li><strong>Ampliar e intensificar el debate sobre la vida humana y su dignidad<\/strong>, y presentar el modelo que proponemos de sociedad de la acogida y el cuidado de la vida humana desde su nacimiento hasta la muerte natural, contrapuesto a la sociedad desvinculada de la vida, que aplica el aborto masivo y eugen\u00e9sico, la eutanasia y el suicidio asistido. La promoci\u00f3n de la dignidad significa introducir los criterios de la doctrina social cristiana en sus propuestas socioecon\u00f3micas y pol\u00edticas.<\/li>\n<li>Afirmamos que <strong>el gran debate, el primero de todos, es sobre el bien, el bien com\u00fan<\/strong> y los bienes de las personas concretas en cada caso.<\/li>\n<li><strong>Favorecer el bien no implica sacrificar la libertad y la autonom\u00eda<\/strong> personal porque ambos, junto con la integridad personal y la dignidad, son en s\u00ed mismos bienes necesarios para la consecuci\u00f3n de otros bienes.<\/li>\n<li><strong>La libertad se ejerce eligiendo entre varias opciones moralmente buenas<\/strong> y carece de valor cuando se eligen prop\u00f3sitos malos o vac\u00edos. Por tanto, los poderes p\u00fablicos deben proteger y fomentar valores, virtudes e instituciones socialmente valiosas.<\/li>\n<li>N<strong>o existe<\/strong> la <strong>neutralidad de las autoridades p\u00fablicas frente a las opciones de bien<\/strong>, porque, como constatamos con las leyes y las pol\u00edticas, los poderes p\u00fablicos impulsan su ideolog\u00eda. Este es uno de los grandes cuestionamientos de la alternativa cultural.<\/li>\n<li><strong>La autonom\u00eda personal requiere pluralismo moral<\/strong>, no escepticismo, ni subjetivismo, ni relativismo moral. Lo que significa es que <strong>existen m\u00e1s de una manera incompatible entre s\u00ed para ejercer el bien.<\/strong><\/li>\n<li>La realizaci\u00f3n \u00faltima de la alternativa cultural <strong>necesita acceder a la legislaci\u00f3n y a las pol\u00edticas p\u00fablicas<\/strong>. Hasta llegar a este punto, la tarea es <strong>organizarse y actuar<\/strong> sin descanso para procurar la aplicaci\u00f3n de aquellas ideas fuerza.<\/li>\n<\/ol>\n","protected":false},"excerpt":{"rendered":"<p>No podemos esperar m\u00e1s, ni mirar hacia otro lado La Iglesia, y con ella el pueblo de Dios y el cristianismo que no acepta que el mundo sea su gu\u00eda, sino que cree firmemente que \u00e9l es la gu\u00eda del mundo, est\u00e1n sometidos a una guerra cultural. No protagonizamos la guerra; en todo caso, somos&#8230;<\/p>\n","protected":false},"author":2,"featured_media":36562,"comment_status":"closed","ping_status":"closed","sticky":false,"template":"","format":"standard","meta":{"_jetpack_memberships_contains_paid_content":false,"footnotes":""},"categories":[238,39],"tags":[246],"class_list":["post-36564","post","type-post","status-publish","format-standard","has-post-thumbnail","hentry","category-assemblea-oberta-cristiana-es","category-portada_news-es","tag-asamblea-cristiana"],"yoast_head":"<!-- This site is optimized with the Yoast SEO plugin v20.0 - https:\/\/yoast.com\/wordpress\/plugins\/seo\/ -->\n<title>Foro &quot;La necesaria tarea de construir una alternativa cultural cristiana&quot; - e-Cristians<\/title>\n<meta name=\"description\" content=\"La Iglesia, y con ella el pueblo de Dios y el cristianismo que no acepta que el mundo sea su gu\u00eda, sino que cree firmemente que \u00e9l\" \/>\n<meta name=\"robots\" content=\"index, follow, max-snippet:-1, max-image-preview:large, max-video-preview:-1\" \/>\n<link rel=\"canonical\" href=\"https:\/\/e-cristians.cat\/es\/foro-la-necesaria-tarea-de-construir-una-alternativa-cultural-cristiana\/\" \/>\n<meta property=\"og:locale\" content=\"es_ES\" \/>\n<meta property=\"og:type\" content=\"article\" \/>\n<meta property=\"og:title\" content=\"Foro &quot;La necesaria tarea de construir una alternativa cultural cristiana&quot; - e-Cristians\" \/>\n<meta property=\"og:description\" content=\"La Iglesia, y con ella el pueblo de Dios y el cristianismo que no acepta que el mundo sea su gu\u00eda, sino que cree firmemente que \u00e9l\" \/>\n<meta property=\"og:url\" content=\"https:\/\/e-cristians.cat\/es\/foro-la-necesaria-tarea-de-construir-una-alternativa-cultural-cristiana\/\" \/>\n<meta property=\"og:site_name\" content=\"e-Cristians\" \/>\n<meta property=\"article:published_time\" content=\"2021-12-13T12:34:18+00:00\" \/>\n<meta property=\"og:image\" content=\"https:\/\/e-cristians.cat\/wp-content\/uploads\/2021\/12\/Foro-soley.jpg\" \/>\n\t<meta property=\"og:image:width\" content=\"635\" \/>\n\t<meta property=\"og:image:height\" content=\"357\" \/>\n\t<meta property=\"og:image:type\" content=\"image\/jpeg\" \/>\n<meta name=\"author\" content=\"e-Cristians\" \/>\n<meta name=\"twitter:card\" content=\"summary_large_image\" \/>\n<meta name=\"twitter:label1\" content=\"Escrito por\" \/>\n\t<meta name=\"twitter:data1\" content=\"e-Cristians\" \/>\n\t<meta name=\"twitter:label2\" content=\"Tiempo de lectura\" \/>\n\t<meta name=\"twitter:data2\" content=\"4 minutos\" \/>\n<script type=\"application\/ld+json\" class=\"yoast-schema-graph\">{\"@context\":\"https:\/\/schema.org\",\"@graph\":[{\"@type\":\"WebPage\",\"@id\":\"https:\/\/e-cristians.cat\/es\/foro-la-necesaria-tarea-de-construir-una-alternativa-cultural-cristiana\/\",\"url\":\"https:\/\/e-cristians.cat\/es\/foro-la-necesaria-tarea-de-construir-una-alternativa-cultural-cristiana\/\",\"name\":\"Foro \\\"La necesaria tarea de construir una alternativa cultural cristiana\\\" - e-Cristians\",\"isPartOf\":{\"@id\":\"https:\/\/e-cristians.cat\/#website\"},\"datePublished\":\"2021-12-13T12:34:18+00:00\",\"dateModified\":\"2021-12-13T12:34:18+00:00\",\"author\":{\"@id\":\"https:\/\/e-cristians.cat\/#\/schema\/person\/f0ec475338e49aaef9c9dc9d9f162861\"},\"description\":\"La Iglesia, y con ella el pueblo de Dios y el cristianismo que no acepta que el mundo sea su gu\u00eda, sino que cree firmemente que \u00e9l\",\"breadcrumb\":{\"@id\":\"https:\/\/e-cristians.cat\/es\/foro-la-necesaria-tarea-de-construir-una-alternativa-cultural-cristiana\/#breadcrumb\"},\"inLanguage\":\"es\",\"potentialAction\":[{\"@type\":\"ReadAction\",\"target\":[\"https:\/\/e-cristians.cat\/es\/foro-la-necesaria-tarea-de-construir-una-alternativa-cultural-cristiana\/\"]}]},{\"@type\":\"BreadcrumbList\",\"@id\":\"https:\/\/e-cristians.cat\/es\/foro-la-necesaria-tarea-de-construir-una-alternativa-cultural-cristiana\/#breadcrumb\",\"itemListElement\":[{\"@type\":\"ListItem\",\"position\":1,\"name\":\"Inici\",\"item\":\"https:\/\/e-cristians.cat\/es\/\"},{\"@type\":\"ListItem\",\"position\":2,\"name\":\"Foro &#8220;La necesaria tarea de construir una alternativa cultural cristiana&#8221;\"}]},{\"@type\":\"WebSite\",\"@id\":\"https:\/\/e-cristians.cat\/#website\",\"url\":\"https:\/\/e-cristians.cat\/\",\"name\":\"e-Cristians\",\"description\":\"\",\"potentialAction\":[{\"@type\":\"SearchAction\",\"target\":{\"@type\":\"EntryPoint\",\"urlTemplate\":\"https:\/\/e-cristians.cat\/?s={search_term_string}\"},\"query-input\":\"required name=search_term_string\"}],\"inLanguage\":\"es\"},{\"@type\":\"Person\",\"@id\":\"https:\/\/e-cristians.cat\/#\/schema\/person\/f0ec475338e49aaef9c9dc9d9f162861\",\"name\":\"e-Cristians\",\"image\":{\"@type\":\"ImageObject\",\"inLanguage\":\"es\",\"@id\":\"https:\/\/e-cristians.cat\/#\/schema\/person\/image\/\",\"url\":\"https:\/\/secure.gravatar.com\/avatar\/14bc9e5b0ca69070f1075ad3efcb33c4?s=96&d=mm&r=g\",\"contentUrl\":\"https:\/\/secure.gravatar.com\/avatar\/14bc9e5b0ca69070f1075ad3efcb33c4?s=96&d=mm&r=g\",\"caption\":\"e-Cristians\"}}]}<\/script>\n<!-- \/ Yoast SEO plugin. -->","yoast_head_json":{"title":"Foro \"La necesaria tarea de construir una alternativa cultural cristiana\" - e-Cristians","description":"La Iglesia, y con ella el pueblo de Dios y el cristianismo que no acepta que el mundo sea su gu\u00eda, sino que cree firmemente que \u00e9l","robots":{"index":"index","follow":"follow","max-snippet":"max-snippet:-1","max-image-preview":"max-image-preview:large","max-video-preview":"max-video-preview:-1"},"canonical":"https:\/\/e-cristians.cat\/es\/foro-la-necesaria-tarea-de-construir-una-alternativa-cultural-cristiana\/","og_locale":"es_ES","og_type":"article","og_title":"Foro \"La necesaria tarea de construir una alternativa cultural cristiana\" - e-Cristians","og_description":"La Iglesia, y con ella el pueblo de Dios y el cristianismo que no acepta que el mundo sea su gu\u00eda, sino que cree firmemente que \u00e9l","og_url":"https:\/\/e-cristians.cat\/es\/foro-la-necesaria-tarea-de-construir-una-alternativa-cultural-cristiana\/","og_site_name":"e-Cristians","article_published_time":"2021-12-13T12:34:18+00:00","og_image":[{"width":635,"height":357,"url":"https:\/\/e-cristians.cat\/wp-content\/uploads\/2021\/12\/Foro-soley.jpg","type":"image\/jpeg"}],"author":"e-Cristians","twitter_card":"summary_large_image","twitter_misc":{"Escrito por":"e-Cristians","Tiempo de lectura":"4 minutos"},"schema":{"@context":"https:\/\/schema.org","@graph":[{"@type":"WebPage","@id":"https:\/\/e-cristians.cat\/es\/foro-la-necesaria-tarea-de-construir-una-alternativa-cultural-cristiana\/","url":"https:\/\/e-cristians.cat\/es\/foro-la-necesaria-tarea-de-construir-una-alternativa-cultural-cristiana\/","name":"Foro \"La necesaria tarea de construir una alternativa cultural cristiana\" - e-Cristians","isPartOf":{"@id":"https:\/\/e-cristians.cat\/#website"},"datePublished":"2021-12-13T12:34:18+00:00","dateModified":"2021-12-13T12:34:18+00:00","author":{"@id":"https:\/\/e-cristians.cat\/#\/schema\/person\/f0ec475338e49aaef9c9dc9d9f162861"},"description":"La Iglesia, y con ella el pueblo de Dios y el cristianismo que no acepta que el mundo sea su gu\u00eda, sino que cree firmemente que \u00e9l","breadcrumb":{"@id":"https:\/\/e-cristians.cat\/es\/foro-la-necesaria-tarea-de-construir-una-alternativa-cultural-cristiana\/#breadcrumb"},"inLanguage":"es","potentialAction":[{"@type":"ReadAction","target":["https:\/\/e-cristians.cat\/es\/foro-la-necesaria-tarea-de-construir-una-alternativa-cultural-cristiana\/"]}]},{"@type":"BreadcrumbList","@id":"https:\/\/e-cristians.cat\/es\/foro-la-necesaria-tarea-de-construir-una-alternativa-cultural-cristiana\/#breadcrumb","itemListElement":[{"@type":"ListItem","position":1,"name":"Inici","item":"https:\/\/e-cristians.cat\/es\/"},{"@type":"ListItem","position":2,"name":"Foro &#8220;La necesaria tarea de construir una alternativa cultural cristiana&#8221;"}]},{"@type":"WebSite","@id":"https:\/\/e-cristians.cat\/#website","url":"https:\/\/e-cristians.cat\/","name":"e-Cristians","description":"","potentialAction":[{"@type":"SearchAction","target":{"@type":"EntryPoint","urlTemplate":"https:\/\/e-cristians.cat\/?s={search_term_string}"},"query-input":"required name=search_term_string"}],"inLanguage":"es"},{"@type":"Person","@id":"https:\/\/e-cristians.cat\/#\/schema\/person\/f0ec475338e49aaef9c9dc9d9f162861","name":"e-Cristians","image":{"@type":"ImageObject","inLanguage":"es","@id":"https:\/\/e-cristians.cat\/#\/schema\/person\/image\/","url":"https:\/\/secure.gravatar.com\/avatar\/14bc9e5b0ca69070f1075ad3efcb33c4?s=96&d=mm&r=g","contentUrl":"https:\/\/secure.gravatar.com\/avatar\/14bc9e5b0ca69070f1075ad3efcb33c4?s=96&d=mm&r=g","caption":"e-Cristians"}}]}},"jetpack_sharing_enabled":true,"jetpack_featured_media_url":"https:\/\/e-cristians.cat\/wp-content\/uploads\/2021\/12\/Foro-soley.jpg","_links":{"self":[{"href":"https:\/\/e-cristians.cat\/es\/wp-json\/wp\/v2\/posts\/36564"}],"collection":[{"href":"https:\/\/e-cristians.cat\/es\/wp-json\/wp\/v2\/posts"}],"about":[{"href":"https:\/\/e-cristians.cat\/es\/wp-json\/wp\/v2\/types\/post"}],"author":[{"embeddable":true,"href":"https:\/\/e-cristians.cat\/es\/wp-json\/wp\/v2\/users\/2"}],"replies":[{"embeddable":true,"href":"https:\/\/e-cristians.cat\/es\/wp-json\/wp\/v2\/comments?post=36564"}],"version-history":[{"count":1,"href":"https:\/\/e-cristians.cat\/es\/wp-json\/wp\/v2\/posts\/36564\/revisions"}],"predecessor-version":[{"id":36566,"href":"https:\/\/e-cristians.cat\/es\/wp-json\/wp\/v2\/posts\/36564\/revisions\/36566"}],"wp:featuredmedia":[{"embeddable":true,"href":"https:\/\/e-cristians.cat\/es\/wp-json\/wp\/v2\/media\/36562"}],"wp:attachment":[{"href":"https:\/\/e-cristians.cat\/es\/wp-json\/wp\/v2\/media?parent=36564"}],"wp:term":[{"taxonomy":"category","embeddable":true,"href":"https:\/\/e-cristians.cat\/es\/wp-json\/wp\/v2\/categories?post=36564"},{"taxonomy":"post_tag","embeddable":true,"href":"https:\/\/e-cristians.cat\/es\/wp-json\/wp\/v2\/tags?post=36564"}],"curies":[{"name":"wp","href":"https:\/\/api.w.org\/{rel}","templated":true}]}}