{"id":36824,"date":"2021-12-12T12:46:51","date_gmt":"2021-12-12T11:46:51","guid":{"rendered":"https:\/\/e-cristians.cat\/?p=36824"},"modified":"2021-12-16T17:07:14","modified_gmt":"2021-12-16T16:07:14","slug":"charla-keep-calm-deu-existeix","status":"publish","type":"post","link":"https:\/\/e-cristians.cat\/es\/charla-keep-calm-deu-existeix\/","title":{"rendered":"Charla \u00abKeep Calm! D\u00e9u existeix\u00bb"},"content":{"rendered":"<p>Con motivo motiu del <strong>20 aniversario del PREC<\/strong>, un antiguo guionista del Pol\u00f2nia i de Buenafuente, y converso, <strong>Oriol Jara<\/strong>, explicar\u00e1 de forma concreta y a la vez profunda <strong>c\u00f3mo hablar de Dios a ni\u00f1os y j\u00f3venes.<\/strong><\/p>\n<p>D\u00eda: S\u00e1bado, <strong>18 de diciembre <\/strong>de 2021<\/p>\n<p>Hora:<strong>18:30h.<\/strong> (Eucarist\u00eda a las 20h.)<\/p>\n<p>Lugar: <strong>Parroquia Sant Josep Oriol<\/strong>\u00a0(c\/ Diputaci\u00f3, 149, Bcn, Metro L1-Urgell)<\/p>\n<p>Puedes hacer la <strong>inscripcin\u00f3 gratuita<\/strong> mediante este enlace, con el fin de controlar el aforo: <a href=\"https:\/\/docs.google.com\/forms\/d\/e\/1FAIpQLSfOYfJt2yO-9DR1iaguW2U2yQ2vkaWE0P8wd2ncXfbCOGcBmg\/viewform\">https:\/\/docs.google.com\/forms\/d\/e\/1FAIpQLSfOYfJt2yO-9DR1iaguW2U2yQ2vkaWE0P8wd2ncXfbCOGcBmg\/viewform<\/a><\/p>\n<p>Colaboran: Federaci\u00f3n de Cristianos de Catalunya, e-Cristians y SM.<\/p>\n<p><a href=\"https:\/\/docs.google.com\/forms\/d\/e\/1FAIpQLSfOYfJt2yO-9DR1iaguW2U2yQ2vkaWE0P8wd2ncXfbCOGcBmg\/viewform\" target=\"_blank\" rel=\"noopener\"><img decoding=\"async\" class=\"wp-image-36821 aligncenter lazyload\" data-src=\"https:\/\/e-cristians.cat\/wp-content\/uploads\/2021\/12\/Cartel_20_aniv-212x300.jpg\" alt=\"\" width=\"320\" height=\"453\" data-srcset=\"https:\/\/e-cristians.cat\/wp-content\/uploads\/2021\/12\/Cartel_20_aniv-212x300.jpg 212w, https:\/\/e-cristians.cat\/wp-content\/uploads\/2021\/12\/Cartel_20_aniv-600x849.jpg 600w, https:\/\/e-cristians.cat\/wp-content\/uploads\/2021\/12\/Cartel_20_aniv-724x1024.jpg 724w, https:\/\/e-cristians.cat\/wp-content\/uploads\/2021\/12\/Cartel_20_aniv-150x212.jpg 150w, https:\/\/e-cristians.cat\/wp-content\/uploads\/2021\/12\/Cartel_20_aniv.jpg 740w\" data-sizes=\"(max-width: 320px) 100vw, 320px\" src=\"data:image\/svg+xml;base64,PHN2ZyB3aWR0aD0iMSIgaGVpZ2h0PSIxIiB4bWxucz0iaHR0cDovL3d3dy53My5vcmcvMjAwMC9zdmciPjwvc3ZnPg==\" style=\"--smush-placeholder-width: 320px; --smush-placeholder-aspect-ratio: 320\/453;\" \/><\/a><\/p>\n<p>&nbsp;<\/p>\n","protected":false},"excerpt":{"rendered":"<p>Con motivo motiu del 20 aniversario del PREC, un antiguo guionista del Pol\u00f2nia i de Buenafuente, y converso, Oriol Jara, explicar\u00e1 de forma concreta y a la vez profunda c\u00f3mo hablar de Dios a ni\u00f1os y j\u00f3venes. D\u00eda: S\u00e1bado, 18 de diciembre de 2021 Hora:18:30h. (Eucarist\u00eda a las 20h.) Lugar: Parroquia Sant Josep Oriol\u00a0(c\/ Diputaci\u00f3,&#8230;<\/p>\n","protected":false},"author":2,"featured_media":36830,"comment_status":"closed","ping_status":"closed","sticky":false,"template":"","format":"standard","meta":{"_jetpack_memberships_contains_paid_content":false,"footnotes":""},"categories":[33,39],"tags":[],"class_list":["post-36824","post","type-post","status-publish","format-standard","has-post-thumbnail","hentry","category-altres-entitats-informacions-agenda-i-documents-es","category-portada_news-es"],"yoast_head":"<!-- This site is optimized with the Yoast SEO plugin v20.0 - https:\/\/yoast.com\/wordpress\/plugins\/seo\/ -->\n<title>Charla &quot;Keep Calm! D\u00e9u existeix&quot; - e-Cristians<\/title>\n<meta name=\"robots\" content=\"noindex, nofollow\" \/>\n<meta property=\"og:locale\" content=\"es_ES\" \/>\n<meta property=\"og:type\" content=\"article\" \/>\n<meta property=\"og:title\" content=\"Charla &quot;Keep Calm! D\u00e9u existeix&quot; - e-Cristians\" \/>\n<meta property=\"og:description\" content=\"Con motivo motiu del 20 aniversario del PREC, un antiguo guionista del Pol\u00f2nia i de Buenafuente, y converso, Oriol Jara, explicar\u00e1 de forma concreta y a la vez profunda c\u00f3mo hablar de Dios a ni\u00f1os y j\u00f3venes. D\u00eda: S\u00e1bado, 18 de diciembre de 2021 Hora:18:30h. (Eucarist\u00eda a las 20h.) Lugar: Parroquia Sant Josep Oriol\u00a0(c\/ Diputaci\u00f3,...\" \/>\n<meta property=\"og:url\" content=\"https:\/\/e-cristians.cat\/es\/charla-keep-calm-deu-existeix\/\" \/>\n<meta property=\"og:site_name\" content=\"e-Cristians\" \/>\n<meta property=\"article:published_time\" content=\"2021-12-12T11:46:51+00:00\" \/>\n<meta property=\"article:modified_time\" content=\"2021-12-16T16:07:14+00:00\" \/>\n<meta property=\"og:image\" content=\"https:\/\/e-cristians.cat\/wp-content\/uploads\/2021\/12\/Sense-titol-1.jpg\" \/>\n\t<meta property=\"og:image:width\" content=\"784\" \/>\n\t<meta property=\"og:image:height\" content=\"763\" \/>\n\t<meta property=\"og:image:type\" content=\"image\/jpeg\" \/>\n<meta name=\"author\" content=\"e-Cristians\" \/>\n<meta name=\"twitter:card\" content=\"summary_large_image\" \/>\n<meta name=\"twitter:label1\" content=\"Escrito por\" \/>\n\t<meta name=\"twitter:data1\" content=\"e-Cristians\" \/>\n\t<meta name=\"twitter:label2\" content=\"Tiempo de lectura\" \/>\n\t<meta name=\"twitter:data2\" content=\"1 minuto\" \/>\n<script type=\"application\/ld+json\" class=\"yoast-schema-graph\">{\"@context\":\"https:\/\/schema.org\",\"@graph\":[{\"@type\":\"WebPage\",\"@id\":\"https:\/\/e-cristians.cat\/es\/charla-keep-calm-deu-existeix\/\",\"url\":\"https:\/\/e-cristians.cat\/es\/charla-keep-calm-deu-existeix\/\",\"name\":\"Charla \\\"Keep Calm! D\u00e9u existeix\\\" - e-Cristians\",\"isPartOf\":{\"@id\":\"https:\/\/e-cristians.cat\/#website\"},\"datePublished\":\"2021-12-12T11:46:51+00:00\",\"dateModified\":\"2021-12-16T16:07:14+00:00\",\"author\":{\"@id\":\"https:\/\/e-cristians.cat\/#\/schema\/person\/f0ec475338e49aaef9c9dc9d9f162861\"},\"breadcrumb\":{\"@id\":\"https:\/\/e-cristians.cat\/es\/charla-keep-calm-deu-existeix\/#breadcrumb\"},\"inLanguage\":\"es\",\"potentialAction\":[{\"@type\":\"ReadAction\",\"target\":[\"https:\/\/e-cristians.cat\/es\/charla-keep-calm-deu-existeix\/\"]}]},{\"@type\":\"BreadcrumbList\",\"@id\":\"https:\/\/e-cristians.cat\/es\/charla-keep-calm-deu-existeix\/#breadcrumb\",\"itemListElement\":[{\"@type\":\"ListItem\",\"position\":1,\"name\":\"Inici\",\"item\":\"https:\/\/e-cristians.cat\/es\/\"},{\"@type\":\"ListItem\",\"position\":2,\"name\":\"Charla &#8220;Keep Calm! D\u00e9u existeix&#8221;\"}]},{\"@type\":\"WebSite\",\"@id\":\"https:\/\/e-cristians.cat\/#website\",\"url\":\"https:\/\/e-cristians.cat\/\",\"name\":\"e-Cristians\",\"description\":\"\",\"potentialAction\":[{\"@type\":\"SearchAction\",\"target\":{\"@type\":\"EntryPoint\",\"urlTemplate\":\"https:\/\/e-cristians.cat\/?s={search_term_string}\"},\"query-input\":\"required name=search_term_string\"}],\"inLanguage\":\"es\"},{\"@type\":\"Person\",\"@id\":\"https:\/\/e-cristians.cat\/#\/schema\/person\/f0ec475338e49aaef9c9dc9d9f162861\",\"name\":\"e-Cristians\",\"image\":{\"@type\":\"ImageObject\",\"inLanguage\":\"es\",\"@id\":\"https:\/\/e-cristians.cat\/#\/schema\/person\/image\/\",\"url\":\"https:\/\/secure.gravatar.com\/avatar\/14bc9e5b0ca69070f1075ad3efcb33c4?s=96&d=mm&r=g\",\"contentUrl\":\"https:\/\/secure.gravatar.com\/avatar\/14bc9e5b0ca69070f1075ad3efcb33c4?s=96&d=mm&r=g\",\"caption\":\"e-Cristians\"}}]}<\/script>\n<!-- \/ Yoast SEO plugin. -->","yoast_head_json":{"title":"Charla \"Keep Calm! D\u00e9u existeix\" - e-Cristians","robots":{"index":"noindex","follow":"nofollow"},"og_locale":"es_ES","og_type":"article","og_title":"Charla \"Keep Calm! D\u00e9u existeix\" - e-Cristians","og_description":"Con motivo motiu del 20 aniversario del PREC, un antiguo guionista del Pol\u00f2nia i de Buenafuente, y converso, Oriol Jara, explicar\u00e1 de forma concreta y a la vez profunda c\u00f3mo hablar de Dios a ni\u00f1os y j\u00f3venes. D\u00eda: S\u00e1bado, 18 de diciembre de 2021 Hora:18:30h. (Eucarist\u00eda a las 20h.) Lugar: Parroquia Sant Josep Oriol\u00a0(c\/ Diputaci\u00f3,...","og_url":"https:\/\/e-cristians.cat\/es\/charla-keep-calm-deu-existeix\/","og_site_name":"e-Cristians","article_published_time":"2021-12-12T11:46:51+00:00","article_modified_time":"2021-12-16T16:07:14+00:00","og_image":[{"width":784,"height":763,"url":"https:\/\/e-cristians.cat\/wp-content\/uploads\/2021\/12\/Sense-titol-1.jpg","type":"image\/jpeg"}],"author":"e-Cristians","twitter_card":"summary_large_image","twitter_misc":{"Escrito por":"e-Cristians","Tiempo de lectura":"1 minuto"},"schema":{"@context":"https:\/\/schema.org","@graph":[{"@type":"WebPage","@id":"https:\/\/e-cristians.cat\/es\/charla-keep-calm-deu-existeix\/","url":"https:\/\/e-cristians.cat\/es\/charla-keep-calm-deu-existeix\/","name":"Charla \"Keep Calm! D\u00e9u existeix\" - e-Cristians","isPartOf":{"@id":"https:\/\/e-cristians.cat\/#website"},"datePublished":"2021-12-12T11:46:51+00:00","dateModified":"2021-12-16T16:07:14+00:00","author":{"@id":"https:\/\/e-cristians.cat\/#\/schema\/person\/f0ec475338e49aaef9c9dc9d9f162861"},"breadcrumb":{"@id":"https:\/\/e-cristians.cat\/es\/charla-keep-calm-deu-existeix\/#breadcrumb"},"inLanguage":"es","potentialAction":[{"@type":"ReadAction","target":["https:\/\/e-cristians.cat\/es\/charla-keep-calm-deu-existeix\/"]}]},{"@type":"BreadcrumbList","@id":"https:\/\/e-cristians.cat\/es\/charla-keep-calm-deu-existeix\/#breadcrumb","itemListElement":[{"@type":"ListItem","position":1,"name":"Inici","item":"https:\/\/e-cristians.cat\/es\/"},{"@type":"ListItem","position":2,"name":"Charla &#8220;Keep Calm! D\u00e9u existeix&#8221;"}]},{"@type":"WebSite","@id":"https:\/\/e-cristians.cat\/#website","url":"https:\/\/e-cristians.cat\/","name":"e-Cristians","description":"","potentialAction":[{"@type":"SearchAction","target":{"@type":"EntryPoint","urlTemplate":"https:\/\/e-cristians.cat\/?s={search_term_string}"},"query-input":"required name=search_term_string"}],"inLanguage":"es"},{"@type":"Person","@id":"https:\/\/e-cristians.cat\/#\/schema\/person\/f0ec475338e49aaef9c9dc9d9f162861","name":"e-Cristians","image":{"@type":"ImageObject","inLanguage":"es","@id":"https:\/\/e-cristians.cat\/#\/schema\/person\/image\/","url":"https:\/\/secure.gravatar.com\/avatar\/14bc9e5b0ca69070f1075ad3efcb33c4?s=96&d=mm&r=g","contentUrl":"https:\/\/secure.gravatar.com\/avatar\/14bc9e5b0ca69070f1075ad3efcb33c4?s=96&d=mm&r=g","caption":"e-Cristians"}}]}},"jetpack_sharing_enabled":true,"jetpack_featured_media_url":"https:\/\/e-cristians.cat\/wp-content\/uploads\/2021\/12\/Sense-titol-1.jpg","_links":{"self":[{"href":"https:\/\/e-cristians.cat\/es\/wp-json\/wp\/v2\/posts\/36824"}],"collection":[{"href":"https:\/\/e-cristians.cat\/es\/wp-json\/wp\/v2\/posts"}],"about":[{"href":"https:\/\/e-cristians.cat\/es\/wp-json\/wp\/v2\/types\/post"}],"author":[{"embeddable":true,"href":"https:\/\/e-cristians.cat\/es\/wp-json\/wp\/v2\/users\/2"}],"replies":[{"embeddable":true,"href":"https:\/\/e-cristians.cat\/es\/wp-json\/wp\/v2\/comments?post=36824"}],"version-history":[{"count":5,"href":"https:\/\/e-cristians.cat\/es\/wp-json\/wp\/v2\/posts\/36824\/revisions"}],"predecessor-version":[{"id":36833,"href":"https:\/\/e-cristians.cat\/es\/wp-json\/wp\/v2\/posts\/36824\/revisions\/36833"}],"wp:featuredmedia":[{"embeddable":true,"href":"https:\/\/e-cristians.cat\/es\/wp-json\/wp\/v2\/media\/36830"}],"wp:attachment":[{"href":"https:\/\/e-cristians.cat\/es\/wp-json\/wp\/v2\/media?parent=36824"}],"wp:term":[{"taxonomy":"category","embeddable":true,"href":"https:\/\/e-cristians.cat\/es\/wp-json\/wp\/v2\/categories?post=36824"},{"taxonomy":"post_tag","embeddable":true,"href":"https:\/\/e-cristians.cat\/es\/wp-json\/wp\/v2\/tags?post=36824"}],"curies":[{"name":"wp","href":"https:\/\/api.w.org\/{rel}","templated":true}]}}