{"id":37403,"date":"2021-12-27T16:43:42","date_gmt":"2021-12-27T15:43:42","guid":{"rendered":"https:\/\/e-cristians.cat\/?p=37403"},"modified":"2021-12-22T17:16:46","modified_gmt":"2021-12-22T16:16:46","slug":"video-de-josep-miro-i-ardevol-en-la-asamblea-de-e-cristians-es-hora-de-levantarse","status":"publish","type":"post","link":"https:\/\/e-cristians.cat\/es\/video-de-josep-miro-i-ardevol-en-la-asamblea-de-e-cristians-es-hora-de-levantarse\/","title":{"rendered":"V\u00eddeo de Josep Mir\u00f3 i Ard\u00e8vol en la Asamblea de e-Cristians: \u00abEs hora de levantarse\u00bb"},"content":{"rendered":"<p><iframe title=\"Josep Mir\u00f3 i Ard\u00e8vol en la Asamblea de e-Cristians: \u00abEs hora de levantarse\u00bb\" width=\"640\" height=\"360\" data-src=\"https:\/\/www.youtube.com\/embed\/4jyOq5PBBxk?feature=oembed\" frameborder=\"0\" allow=\"accelerometer; autoplay; clipboard-write; encrypted-media; gyroscope; picture-in-picture\" allowfullscreen src=\"data:image\/svg+xml;base64,PHN2ZyB3aWR0aD0iMSIgaGVpZ2h0PSIxIiB4bWxucz0iaHR0cDovL3d3dy53My5vcmcvMjAwMC9zdmciPjwvc3ZnPg==\" class=\"lazyload\" data-load-mode=\"1\"><\/iframe><\/p>\n","protected":false},"excerpt":{"rendered":"https:\/\/youtu.be\/4jyOq5PBBxk","protected":false},"author":2,"featured_media":36856,"comment_status":"closed","ping_status":"closed","sticky":false,"template":"","format":"standard","meta":{"_jetpack_memberships_contains_paid_content":false,"footnotes":""},"categories":[238,39],"tags":[246],"class_list":["post-37403","post","type-post","status-publish","format-standard","has-post-thumbnail","hentry","category-assemblea-oberta-cristiana-es","category-portada_news-es","tag-asamblea-cristiana"],"yoast_head":"<!-- This site is optimized with the Yoast SEO plugin v20.0 - https:\/\/yoast.com\/wordpress\/plugins\/seo\/ -->\n<title>V\u00eddeo de Josep Mir\u00f3 i Ard\u00e8vol en la Asamblea de e-Cristians: \u00abEs hora de levantarse\u00bb - e-Cristians<\/title>\n<meta name=\"robots\" content=\"noindex, nofollow\" \/>\n<meta property=\"og:locale\" content=\"es_ES\" \/>\n<meta property=\"og:type\" content=\"article\" \/>\n<meta property=\"og:title\" content=\"V\u00eddeo de Josep Mir\u00f3 i Ard\u00e8vol en la Asamblea de e-Cristians: \u00abEs hora de levantarse\u00bb - e-Cristians\" \/>\n<meta property=\"og:url\" content=\"https:\/\/e-cristians.cat\/?p=37405\" \/>\n<meta property=\"og:site_name\" content=\"e-Cristians\" \/>\n<meta property=\"article:published_time\" content=\"2021-12-27T15:43:42+00:00\" \/>\n<meta property=\"article:modified_time\" content=\"2021-12-22T16:16:46+00:00\" \/>\n<meta property=\"og:image\" content=\"https:\/\/e-cristians.cat\/wp-content\/uploads\/2021\/12\/Sr.-Miro-Assemblea.jpg\" \/>\n\t<meta property=\"og:image:width\" content=\"634\" \/>\n\t<meta property=\"og:image:height\" content=\"354\" \/>\n\t<meta property=\"og:image:type\" content=\"image\/jpeg\" \/>\n<meta name=\"author\" content=\"e-Cristians\" \/>\n<meta name=\"twitter:card\" content=\"summary_large_image\" \/>\n<meta name=\"twitter:label1\" content=\"Escrito por\" \/>\n\t<meta name=\"twitter:data1\" content=\"e-Cristians\" \/>\n<script type=\"application\/ld+json\" class=\"yoast-schema-graph\">{\"@context\":\"https:\/\/schema.org\",\"@graph\":[{\"@type\":\"WebPage\",\"@id\":\"https:\/\/e-cristians.cat\/?p=37405\",\"url\":\"https:\/\/e-cristians.cat\/?p=37405\",\"name\":\"V\u00eddeo de Josep Mir\u00f3 i Ard\u00e8vol en la Asamblea de e-Cristians: \u00abEs hora de levantarse\u00bb - e-Cristians\",\"isPartOf\":{\"@id\":\"https:\/\/e-cristians.cat\/#website\"},\"datePublished\":\"2021-12-27T15:43:42+00:00\",\"dateModified\":\"2021-12-22T16:16:46+00:00\",\"author\":{\"@id\":\"https:\/\/e-cristians.cat\/#\/schema\/person\/f0ec475338e49aaef9c9dc9d9f162861\"},\"breadcrumb\":{\"@id\":\"https:\/\/e-cristians.cat\/?p=37405#breadcrumb\"},\"inLanguage\":\"es\",\"potentialAction\":[{\"@type\":\"ReadAction\",\"target\":[\"https:\/\/e-cristians.cat\/?p=37405\"]}]},{\"@type\":\"BreadcrumbList\",\"@id\":\"https:\/\/e-cristians.cat\/?p=37405#breadcrumb\",\"itemListElement\":[{\"@type\":\"ListItem\",\"position\":1,\"name\":\"Inici\",\"item\":\"https:\/\/e-cristians.cat\/es\/\"},{\"@type\":\"ListItem\",\"position\":2,\"name\":\"V\u00eddeo de Josep Mir\u00f3 i Ard\u00e8vol en la Asamblea de e-Cristians: \u00abEs hora de levantarse\u00bb\"}]},{\"@type\":\"WebSite\",\"@id\":\"https:\/\/e-cristians.cat\/#website\",\"url\":\"https:\/\/e-cristians.cat\/\",\"name\":\"e-Cristians\",\"description\":\"\",\"potentialAction\":[{\"@type\":\"SearchAction\",\"target\":{\"@type\":\"EntryPoint\",\"urlTemplate\":\"https:\/\/e-cristians.cat\/?s={search_term_string}\"},\"query-input\":\"required name=search_term_string\"}],\"inLanguage\":\"es\"},{\"@type\":\"Person\",\"@id\":\"https:\/\/e-cristians.cat\/#\/schema\/person\/f0ec475338e49aaef9c9dc9d9f162861\",\"name\":\"e-Cristians\",\"image\":{\"@type\":\"ImageObject\",\"inLanguage\":\"es\",\"@id\":\"https:\/\/e-cristians.cat\/#\/schema\/person\/image\/\",\"url\":\"https:\/\/secure.gravatar.com\/avatar\/14bc9e5b0ca69070f1075ad3efcb33c4?s=96&d=mm&r=g\",\"contentUrl\":\"https:\/\/secure.gravatar.com\/avatar\/14bc9e5b0ca69070f1075ad3efcb33c4?s=96&d=mm&r=g\",\"caption\":\"e-Cristians\"}}]}<\/script>\n<!-- \/ Yoast SEO plugin. -->","yoast_head_json":{"title":"V\u00eddeo de Josep Mir\u00f3 i Ard\u00e8vol en la Asamblea de e-Cristians: \u00abEs hora de levantarse\u00bb - e-Cristians","robots":{"index":"noindex","follow":"nofollow"},"og_locale":"es_ES","og_type":"article","og_title":"V\u00eddeo de Josep Mir\u00f3 i Ard\u00e8vol en la Asamblea de e-Cristians: \u00abEs hora de levantarse\u00bb - e-Cristians","og_url":"https:\/\/e-cristians.cat\/?p=37405","og_site_name":"e-Cristians","article_published_time":"2021-12-27T15:43:42+00:00","article_modified_time":"2021-12-22T16:16:46+00:00","og_image":[{"width":634,"height":354,"url":"https:\/\/e-cristians.cat\/wp-content\/uploads\/2021\/12\/Sr.-Miro-Assemblea.jpg","type":"image\/jpeg"}],"author":"e-Cristians","twitter_card":"summary_large_image","twitter_misc":{"Escrito por":"e-Cristians"},"schema":{"@context":"https:\/\/schema.org","@graph":[{"@type":"WebPage","@id":"https:\/\/e-cristians.cat\/?p=37405","url":"https:\/\/e-cristians.cat\/?p=37405","name":"V\u00eddeo de Josep Mir\u00f3 i Ard\u00e8vol en la Asamblea de e-Cristians: \u00abEs hora de levantarse\u00bb - e-Cristians","isPartOf":{"@id":"https:\/\/e-cristians.cat\/#website"},"datePublished":"2021-12-27T15:43:42+00:00","dateModified":"2021-12-22T16:16:46+00:00","author":{"@id":"https:\/\/e-cristians.cat\/#\/schema\/person\/f0ec475338e49aaef9c9dc9d9f162861"},"breadcrumb":{"@id":"https:\/\/e-cristians.cat\/?p=37405#breadcrumb"},"inLanguage":"es","potentialAction":[{"@type":"ReadAction","target":["https:\/\/e-cristians.cat\/?p=37405"]}]},{"@type":"BreadcrumbList","@id":"https:\/\/e-cristians.cat\/?p=37405#breadcrumb","itemListElement":[{"@type":"ListItem","position":1,"name":"Inici","item":"https:\/\/e-cristians.cat\/es\/"},{"@type":"ListItem","position":2,"name":"V\u00eddeo de Josep Mir\u00f3 i Ard\u00e8vol en la Asamblea de e-Cristians: \u00abEs hora de levantarse\u00bb"}]},{"@type":"WebSite","@id":"https:\/\/e-cristians.cat\/#website","url":"https:\/\/e-cristians.cat\/","name":"e-Cristians","description":"","potentialAction":[{"@type":"SearchAction","target":{"@type":"EntryPoint","urlTemplate":"https:\/\/e-cristians.cat\/?s={search_term_string}"},"query-input":"required name=search_term_string"}],"inLanguage":"es"},{"@type":"Person","@id":"https:\/\/e-cristians.cat\/#\/schema\/person\/f0ec475338e49aaef9c9dc9d9f162861","name":"e-Cristians","image":{"@type":"ImageObject","inLanguage":"es","@id":"https:\/\/e-cristians.cat\/#\/schema\/person\/image\/","url":"https:\/\/secure.gravatar.com\/avatar\/14bc9e5b0ca69070f1075ad3efcb33c4?s=96&d=mm&r=g","contentUrl":"https:\/\/secure.gravatar.com\/avatar\/14bc9e5b0ca69070f1075ad3efcb33c4?s=96&d=mm&r=g","caption":"e-Cristians"}}]}},"jetpack_sharing_enabled":true,"jetpack_featured_media_url":"https:\/\/e-cristians.cat\/wp-content\/uploads\/2021\/12\/Sr.-Miro-Assemblea.jpg","_links":{"self":[{"href":"https:\/\/e-cristians.cat\/es\/wp-json\/wp\/v2\/posts\/37403"}],"collection":[{"href":"https:\/\/e-cristians.cat\/es\/wp-json\/wp\/v2\/posts"}],"about":[{"href":"https:\/\/e-cristians.cat\/es\/wp-json\/wp\/v2\/types\/post"}],"author":[{"embeddable":true,"href":"https:\/\/e-cristians.cat\/es\/wp-json\/wp\/v2\/users\/2"}],"replies":[{"embeddable":true,"href":"https:\/\/e-cristians.cat\/es\/wp-json\/wp\/v2\/comments?post=37403"}],"version-history":[{"count":1,"href":"https:\/\/e-cristians.cat\/es\/wp-json\/wp\/v2\/posts\/37403\/revisions"}],"predecessor-version":[{"id":37404,"href":"https:\/\/e-cristians.cat\/es\/wp-json\/wp\/v2\/posts\/37403\/revisions\/37404"}],"wp:featuredmedia":[{"embeddable":true,"href":"https:\/\/e-cristians.cat\/es\/wp-json\/wp\/v2\/media\/36856"}],"wp:attachment":[{"href":"https:\/\/e-cristians.cat\/es\/wp-json\/wp\/v2\/media?parent=37403"}],"wp:term":[{"taxonomy":"category","embeddable":true,"href":"https:\/\/e-cristians.cat\/es\/wp-json\/wp\/v2\/categories?post=37403"},{"taxonomy":"post_tag","embeddable":true,"href":"https:\/\/e-cristians.cat\/es\/wp-json\/wp\/v2\/tags?post=37403"}],"curies":[{"name":"wp","href":"https:\/\/api.w.org\/{rel}","templated":true}]}}