{"id":3799,"date":"2021-02-19T09:00:00","date_gmt":"2021-02-19T08:00:00","guid":{"rendered":"https:\/\/e-cristians.cat\/?p=3799"},"modified":"2021-02-19T12:26:19","modified_gmt":"2021-02-19T11:26:19","slug":"defendamos-nuestro-derecho-a-una-asistencia-medica-acorde-con-el-codigo-deontologico-mundial","status":"publish","type":"post","link":"https:\/\/e-cristians.cat\/es\/defendamos-nuestro-derecho-a-una-asistencia-medica-acorde-con-el-codigo-deontologico-mundial\/","title":{"rendered":"Defendamos nuestro derecho a una asistencia m\u00e9dica acorde con el c\u00f3digo deontol\u00f3gico mundial"},"content":{"rendered":"<p><em>ForumLibertas.com<\/em><\/p>\n<p>Si se legaliza la eutanasia en versi\u00f3n espa\u00f1ola, esta \u201cmuerte natural\u201d de acuerdo con la c\u00ednica calificaci\u00f3n de la propia ley, generar\u00e1\u00a0<strong>dos tipos de m\u00e9dicos<\/strong>\u00a0y de pr\u00e1ctica m\u00e9dica radicalmente distintas. La de aquellos que siguen el mandato de toda la vida, vigente en pr\u00e1cticamente todo el mundo, cuyos actos est\u00e1n dirigidos a cuidar la vida del paciente y a protegerlo del dolor, es decir los que siguen el\u00a0<strong>C\u00f3digo deontol\u00f3gico<\/strong> de tan delicada profesi\u00f3n, y la de aquellos otros que, en determinadas circunstancias establecidas por el estado, est\u00e1n dispuestos a matar al paciente. <a href=\"https:\/\/www.forumlibertas.com\/eutanasia-defendamos-nuestro-derecho-a-una-asistencia-medica-acorde-con-el-codigo-deontologico-mundial\/\" target=\"_blank\" rel=\"noopener\">Leer m\u00e1s.<\/a><\/p>\n","protected":false},"excerpt":{"rendered":"<p>ForumLibertas.com Si se legaliza la eutanasia en versi\u00f3n espa\u00f1ola, esta \u201cmuerte natural\u201d de acuerdo con la c\u00ednica calificaci\u00f3n de la propia ley, generar\u00e1\u00a0dos tipos de m\u00e9dicos\u00a0y de pr\u00e1ctica m\u00e9dica radicalmente distintas. La de aquellos que siguen el mandato de toda la vida, vigente en pr\u00e1cticamente todo el mundo, cuyos actos est\u00e1n dirigidos a cuidar la&#8230;<\/p>\n","protected":false},"author":2,"featured_media":3797,"comment_status":"closed","ping_status":"closed","sticky":false,"template":"","format":"standard","meta":{"_jetpack_memberships_contains_paid_content":false,"footnotes":""},"categories":[34,39],"tags":[],"class_list":["post-3799","post","type-post","status-publish","format-standard","has-post-thumbnail","hentry","category-editorials-i-blogs-de-forumlibertas-es","category-portada_news-es"],"yoast_head":"<!-- This site is optimized with the Yoast SEO plugin v20.0 - https:\/\/yoast.com\/wordpress\/plugins\/seo\/ -->\n<title>Defendamos nuestro derecho a una asistencia m\u00e9dica acorde con el c\u00f3digo deontol\u00f3gico mundial - e-Cristians<\/title>\n<meta name=\"robots\" content=\"noindex, nofollow\" \/>\n<meta property=\"og:locale\" content=\"es_ES\" \/>\n<meta property=\"og:type\" content=\"article\" \/>\n<meta property=\"og:title\" content=\"Defendamos nuestro derecho a una asistencia m\u00e9dica acorde con el c\u00f3digo deontol\u00f3gico mundial - e-Cristians\" \/>\n<meta property=\"og:description\" content=\"ForumLibertas.com Si se legaliza la eutanasia en versi\u00f3n espa\u00f1ola, esta \u201cmuerte natural\u201d de acuerdo con la c\u00ednica calificaci\u00f3n de la propia ley, generar\u00e1\u00a0dos tipos de m\u00e9dicos\u00a0y de pr\u00e1ctica m\u00e9dica radicalmente distintas. La de aquellos que siguen el mandato de toda la vida, vigente en pr\u00e1cticamente todo el mundo, cuyos actos est\u00e1n dirigidos a cuidar la...\" \/>\n<meta property=\"og:url\" content=\"https:\/\/e-cristians.cat\/es\/defendamos-nuestro-derecho-a-una-asistencia-medica-acorde-con-el-codigo-deontologico-mundial\/\" \/>\n<meta property=\"og:site_name\" content=\"e-Cristians\" \/>\n<meta property=\"article:published_time\" content=\"2021-02-19T08:00:00+00:00\" \/>\n<meta property=\"article:modified_time\" content=\"2021-02-19T11:26:19+00:00\" \/>\n<meta property=\"og:image\" content=\"https:\/\/e-cristians.cat\/wp-content\/uploads\/2021\/02\/eutanasia-600x337-1.jpeg\" \/>\n\t<meta property=\"og:image:width\" content=\"600\" \/>\n\t<meta property=\"og:image:height\" content=\"337\" \/>\n\t<meta property=\"og:image:type\" content=\"image\/jpeg\" \/>\n<meta name=\"author\" content=\"e-Cristians\" \/>\n<meta name=\"twitter:card\" content=\"summary_large_image\" \/>\n<meta name=\"twitter:label1\" content=\"Escrito por\" \/>\n\t<meta name=\"twitter:data1\" content=\"e-Cristians\" \/>\n\t<meta name=\"twitter:label2\" content=\"Tiempo de lectura\" \/>\n\t<meta name=\"twitter:data2\" content=\"1 minuto\" \/>\n<script type=\"application\/ld+json\" class=\"yoast-schema-graph\">{\"@context\":\"https:\/\/schema.org\",\"@graph\":[{\"@type\":\"WebPage\",\"@id\":\"https:\/\/e-cristians.cat\/es\/defendamos-nuestro-derecho-a-una-asistencia-medica-acorde-con-el-codigo-deontologico-mundial\/\",\"url\":\"https:\/\/e-cristians.cat\/es\/defendamos-nuestro-derecho-a-una-asistencia-medica-acorde-con-el-codigo-deontologico-mundial\/\",\"name\":\"Defendamos nuestro derecho a una asistencia m\u00e9dica acorde con el c\u00f3digo deontol\u00f3gico mundial - e-Cristians\",\"isPartOf\":{\"@id\":\"https:\/\/e-cristians.cat\/#website\"},\"datePublished\":\"2021-02-19T08:00:00+00:00\",\"dateModified\":\"2021-02-19T11:26:19+00:00\",\"author\":{\"@id\":\"https:\/\/e-cristians.cat\/#\/schema\/person\/f0ec475338e49aaef9c9dc9d9f162861\"},\"breadcrumb\":{\"@id\":\"https:\/\/e-cristians.cat\/es\/defendamos-nuestro-derecho-a-una-asistencia-medica-acorde-con-el-codigo-deontologico-mundial\/#breadcrumb\"},\"inLanguage\":\"es\",\"potentialAction\":[{\"@type\":\"ReadAction\",\"target\":[\"https:\/\/e-cristians.cat\/es\/defendamos-nuestro-derecho-a-una-asistencia-medica-acorde-con-el-codigo-deontologico-mundial\/\"]}]},{\"@type\":\"BreadcrumbList\",\"@id\":\"https:\/\/e-cristians.cat\/es\/defendamos-nuestro-derecho-a-una-asistencia-medica-acorde-con-el-codigo-deontologico-mundial\/#breadcrumb\",\"itemListElement\":[{\"@type\":\"ListItem\",\"position\":1,\"name\":\"Inici\",\"item\":\"https:\/\/e-cristians.cat\/es\/\"},{\"@type\":\"ListItem\",\"position\":2,\"name\":\"Defendamos nuestro derecho a una asistencia m\u00e9dica acorde con el c\u00f3digo deontol\u00f3gico mundial\"}]},{\"@type\":\"WebSite\",\"@id\":\"https:\/\/e-cristians.cat\/#website\",\"url\":\"https:\/\/e-cristians.cat\/\",\"name\":\"e-Cristians\",\"description\":\"\",\"potentialAction\":[{\"@type\":\"SearchAction\",\"target\":{\"@type\":\"EntryPoint\",\"urlTemplate\":\"https:\/\/e-cristians.cat\/?s={search_term_string}\"},\"query-input\":\"required name=search_term_string\"}],\"inLanguage\":\"es\"},{\"@type\":\"Person\",\"@id\":\"https:\/\/e-cristians.cat\/#\/schema\/person\/f0ec475338e49aaef9c9dc9d9f162861\",\"name\":\"e-Cristians\",\"image\":{\"@type\":\"ImageObject\",\"inLanguage\":\"es\",\"@id\":\"https:\/\/e-cristians.cat\/#\/schema\/person\/image\/\",\"url\":\"https:\/\/secure.gravatar.com\/avatar\/14bc9e5b0ca69070f1075ad3efcb33c4?s=96&d=mm&r=g\",\"contentUrl\":\"https:\/\/secure.gravatar.com\/avatar\/14bc9e5b0ca69070f1075ad3efcb33c4?s=96&d=mm&r=g\",\"caption\":\"e-Cristians\"}}]}<\/script>\n<!-- \/ Yoast SEO plugin. -->","yoast_head_json":{"title":"Defendamos nuestro derecho a una asistencia m\u00e9dica acorde con el c\u00f3digo deontol\u00f3gico mundial - e-Cristians","robots":{"index":"noindex","follow":"nofollow"},"og_locale":"es_ES","og_type":"article","og_title":"Defendamos nuestro derecho a una asistencia m\u00e9dica acorde con el c\u00f3digo deontol\u00f3gico mundial - e-Cristians","og_description":"ForumLibertas.com Si se legaliza la eutanasia en versi\u00f3n espa\u00f1ola, esta \u201cmuerte natural\u201d de acuerdo con la c\u00ednica calificaci\u00f3n de la propia ley, generar\u00e1\u00a0dos tipos de m\u00e9dicos\u00a0y de pr\u00e1ctica m\u00e9dica radicalmente distintas. La de aquellos que siguen el mandato de toda la vida, vigente en pr\u00e1cticamente todo el mundo, cuyos actos est\u00e1n dirigidos a cuidar la...","og_url":"https:\/\/e-cristians.cat\/es\/defendamos-nuestro-derecho-a-una-asistencia-medica-acorde-con-el-codigo-deontologico-mundial\/","og_site_name":"e-Cristians","article_published_time":"2021-02-19T08:00:00+00:00","article_modified_time":"2021-02-19T11:26:19+00:00","og_image":[{"width":600,"height":337,"url":"https:\/\/e-cristians.cat\/wp-content\/uploads\/2021\/02\/eutanasia-600x337-1.jpeg","type":"image\/jpeg"}],"author":"e-Cristians","twitter_card":"summary_large_image","twitter_misc":{"Escrito por":"e-Cristians","Tiempo de lectura":"1 minuto"},"schema":{"@context":"https:\/\/schema.org","@graph":[{"@type":"WebPage","@id":"https:\/\/e-cristians.cat\/es\/defendamos-nuestro-derecho-a-una-asistencia-medica-acorde-con-el-codigo-deontologico-mundial\/","url":"https:\/\/e-cristians.cat\/es\/defendamos-nuestro-derecho-a-una-asistencia-medica-acorde-con-el-codigo-deontologico-mundial\/","name":"Defendamos nuestro derecho a una asistencia m\u00e9dica acorde con el c\u00f3digo deontol\u00f3gico mundial - e-Cristians","isPartOf":{"@id":"https:\/\/e-cristians.cat\/#website"},"datePublished":"2021-02-19T08:00:00+00:00","dateModified":"2021-02-19T11:26:19+00:00","author":{"@id":"https:\/\/e-cristians.cat\/#\/schema\/person\/f0ec475338e49aaef9c9dc9d9f162861"},"breadcrumb":{"@id":"https:\/\/e-cristians.cat\/es\/defendamos-nuestro-derecho-a-una-asistencia-medica-acorde-con-el-codigo-deontologico-mundial\/#breadcrumb"},"inLanguage":"es","potentialAction":[{"@type":"ReadAction","target":["https:\/\/e-cristians.cat\/es\/defendamos-nuestro-derecho-a-una-asistencia-medica-acorde-con-el-codigo-deontologico-mundial\/"]}]},{"@type":"BreadcrumbList","@id":"https:\/\/e-cristians.cat\/es\/defendamos-nuestro-derecho-a-una-asistencia-medica-acorde-con-el-codigo-deontologico-mundial\/#breadcrumb","itemListElement":[{"@type":"ListItem","position":1,"name":"Inici","item":"https:\/\/e-cristians.cat\/es\/"},{"@type":"ListItem","position":2,"name":"Defendamos nuestro derecho a una asistencia m\u00e9dica acorde con el c\u00f3digo deontol\u00f3gico mundial"}]},{"@type":"WebSite","@id":"https:\/\/e-cristians.cat\/#website","url":"https:\/\/e-cristians.cat\/","name":"e-Cristians","description":"","potentialAction":[{"@type":"SearchAction","target":{"@type":"EntryPoint","urlTemplate":"https:\/\/e-cristians.cat\/?s={search_term_string}"},"query-input":"required name=search_term_string"}],"inLanguage":"es"},{"@type":"Person","@id":"https:\/\/e-cristians.cat\/#\/schema\/person\/f0ec475338e49aaef9c9dc9d9f162861","name":"e-Cristians","image":{"@type":"ImageObject","inLanguage":"es","@id":"https:\/\/e-cristians.cat\/#\/schema\/person\/image\/","url":"https:\/\/secure.gravatar.com\/avatar\/14bc9e5b0ca69070f1075ad3efcb33c4?s=96&d=mm&r=g","contentUrl":"https:\/\/secure.gravatar.com\/avatar\/14bc9e5b0ca69070f1075ad3efcb33c4?s=96&d=mm&r=g","caption":"e-Cristians"}}]}},"jetpack_sharing_enabled":true,"jetpack_featured_media_url":"https:\/\/e-cristians.cat\/wp-content\/uploads\/2021\/02\/eutanasia-600x337-1.jpeg","_links":{"self":[{"href":"https:\/\/e-cristians.cat\/es\/wp-json\/wp\/v2\/posts\/3799"}],"collection":[{"href":"https:\/\/e-cristians.cat\/es\/wp-json\/wp\/v2\/posts"}],"about":[{"href":"https:\/\/e-cristians.cat\/es\/wp-json\/wp\/v2\/types\/post"}],"author":[{"embeddable":true,"href":"https:\/\/e-cristians.cat\/es\/wp-json\/wp\/v2\/users\/2"}],"replies":[{"embeddable":true,"href":"https:\/\/e-cristians.cat\/es\/wp-json\/wp\/v2\/comments?post=3799"}],"version-history":[{"count":1,"href":"https:\/\/e-cristians.cat\/es\/wp-json\/wp\/v2\/posts\/3799\/revisions"}],"predecessor-version":[{"id":3800,"href":"https:\/\/e-cristians.cat\/es\/wp-json\/wp\/v2\/posts\/3799\/revisions\/3800"}],"wp:featuredmedia":[{"embeddable":true,"href":"https:\/\/e-cristians.cat\/es\/wp-json\/wp\/v2\/media\/3797"}],"wp:attachment":[{"href":"https:\/\/e-cristians.cat\/es\/wp-json\/wp\/v2\/media?parent=3799"}],"wp:term":[{"taxonomy":"category","embeddable":true,"href":"https:\/\/e-cristians.cat\/es\/wp-json\/wp\/v2\/categories?post=3799"},{"taxonomy":"post_tag","embeddable":true,"href":"https:\/\/e-cristians.cat\/es\/wp-json\/wp\/v2\/tags?post=3799"}],"curies":[{"name":"wp","href":"https:\/\/api.w.org\/{rel}","templated":true}]}}