{"id":38437,"date":"2022-01-13T16:46:23","date_gmt":"2022-01-13T15:46:23","guid":{"rendered":"https:\/\/e-cristians.cat\/?p=38437"},"modified":"2022-01-13T16:46:23","modified_gmt":"2022-01-13T15:46:23","slug":"conferencia-online-acompanar-a-las-familias-en-un-mundo-cambiante","status":"publish","type":"post","link":"https:\/\/e-cristians.cat\/es\/conferencia-online-acompanar-a-las-familias-en-un-mundo-cambiante\/","title":{"rendered":"Conferencia online \u00abAcompa\u00f1ar a las familias en un mundo cambiante\u00bb"},"content":{"rendered":"<p>La Plataforma por la Familia Catalunya-ONU, ofrece la conferencia online sobre <em><strong>\u00abAcompa\u00f1ar a las familias en un mundo cambiante\u00bb<\/strong><\/em>, que contar\u00e1 con la participaci\u00f3n de <strong>Montserrat Gas y de Pilar Laconte<\/strong>, del Instituto de Estudios Superiores de la Familia (UIC)<strong>.\u00a0 <\/strong>Presentar\u00e1 <strong>Daniel Arasa<\/strong>.<\/p>\n<p>Ser\u00e1 el lunes <strong>17 de enero a las 19h.<\/strong> y se podr\u00e1 seguir en directo a trav\u00e9s del siguiente enlace:\u00a0<a href=\"https:\/\/www.youtube.com\/watch?v=CIBwkg08QzA\" target=\"_blank\" rel=\"noopener\">https:\/\/www.youtube.com\/watch?v=CIBwkg08QzA<\/a><\/p>\n<p>Se podr\u00e1 intervenir y hacer preguntas por chat a las ponentes.<\/p>\n","protected":false},"excerpt":{"rendered":"<p>La Plataforma por la Familia Catalunya-ONU, ofrece la conferencia online sobre \u00abAcompa\u00f1ar a las familias en un mundo cambiante\u00bb, que contar\u00e1 con la participaci\u00f3n de Montserrat Gas y de Pilar Laconte, del Instituto de Estudios Superiores de la Familia (UIC).\u00a0 Presentar\u00e1 Daniel Arasa. Ser\u00e1 el lunes 17 de enero a las 19h. y se podr\u00e1&#8230;<\/p>\n","protected":false},"author":2,"featured_media":38438,"comment_status":"closed","ping_status":"closed","sticky":false,"template":"","format":"standard","meta":{"_jetpack_memberships_contains_paid_content":false,"footnotes":""},"categories":[33,39],"tags":[],"class_list":["post-38437","post","type-post","status-publish","format-standard","has-post-thumbnail","hentry","category-altres-entitats-informacions-agenda-i-documents-es","category-portada_news-es"],"yoast_head":"<!-- This site is optimized with the Yoast SEO plugin v20.0 - https:\/\/yoast.com\/wordpress\/plugins\/seo\/ -->\n<title>Conferencia online &quot;Acompa\u00f1ar a las familias en un mundo cambiante&quot; - e-Cristians<\/title>\n<meta name=\"robots\" content=\"noindex, nofollow\" \/>\n<meta property=\"og:locale\" content=\"es_ES\" \/>\n<meta property=\"og:type\" content=\"article\" \/>\n<meta property=\"og:title\" content=\"Conferencia online &quot;Acompa\u00f1ar a las familias en un mundo cambiante&quot; - e-Cristians\" \/>\n<meta property=\"og:description\" content=\"La Plataforma por la Familia Catalunya-ONU, ofrece la conferencia online sobre \u00abAcompa\u00f1ar a las familias en un mundo cambiante\u00bb, que contar\u00e1 con la participaci\u00f3n de Montserrat Gas y de Pilar Laconte, del Instituto de Estudios Superiores de la Familia (UIC).\u00a0 Presentar\u00e1 Daniel Arasa. Ser\u00e1 el lunes 17 de enero a las 19h. y se podr\u00e1...\" \/>\n<meta property=\"og:url\" content=\"https:\/\/e-cristians.cat\/es\/conferencia-online-acompanar-a-las-familias-en-un-mundo-cambiante\/\" \/>\n<meta property=\"og:site_name\" content=\"e-Cristians\" \/>\n<meta property=\"article:published_time\" content=\"2022-01-13T15:46:23+00:00\" \/>\n<meta property=\"og:image\" content=\"https:\/\/e-cristians.cat\/wp-content\/uploads\/2022\/01\/arasa.jpg\" \/>\n\t<meta property=\"og:image:width\" content=\"883\" \/>\n\t<meta property=\"og:image:height\" content=\"496\" \/>\n\t<meta property=\"og:image:type\" content=\"image\/jpeg\" \/>\n<meta name=\"author\" content=\"e-Cristians\" \/>\n<meta name=\"twitter:card\" content=\"summary_large_image\" \/>\n<meta name=\"twitter:label1\" content=\"Escrito por\" \/>\n\t<meta name=\"twitter:data1\" content=\"e-Cristians\" \/>\n\t<meta name=\"twitter:label2\" content=\"Tiempo de lectura\" \/>\n\t<meta name=\"twitter:data2\" content=\"1 minuto\" \/>\n<script type=\"application\/ld+json\" class=\"yoast-schema-graph\">{\"@context\":\"https:\/\/schema.org\",\"@graph\":[{\"@type\":\"WebPage\",\"@id\":\"https:\/\/e-cristians.cat\/es\/conferencia-online-acompanar-a-las-familias-en-un-mundo-cambiante\/\",\"url\":\"https:\/\/e-cristians.cat\/es\/conferencia-online-acompanar-a-las-familias-en-un-mundo-cambiante\/\",\"name\":\"Conferencia online \\\"Acompa\u00f1ar a las familias en un mundo cambiante\\\" - e-Cristians\",\"isPartOf\":{\"@id\":\"https:\/\/e-cristians.cat\/#website\"},\"datePublished\":\"2022-01-13T15:46:23+00:00\",\"dateModified\":\"2022-01-13T15:46:23+00:00\",\"author\":{\"@id\":\"https:\/\/e-cristians.cat\/#\/schema\/person\/f0ec475338e49aaef9c9dc9d9f162861\"},\"breadcrumb\":{\"@id\":\"https:\/\/e-cristians.cat\/es\/conferencia-online-acompanar-a-las-familias-en-un-mundo-cambiante\/#breadcrumb\"},\"inLanguage\":\"es\",\"potentialAction\":[{\"@type\":\"ReadAction\",\"target\":[\"https:\/\/e-cristians.cat\/es\/conferencia-online-acompanar-a-las-familias-en-un-mundo-cambiante\/\"]}]},{\"@type\":\"BreadcrumbList\",\"@id\":\"https:\/\/e-cristians.cat\/es\/conferencia-online-acompanar-a-las-familias-en-un-mundo-cambiante\/#breadcrumb\",\"itemListElement\":[{\"@type\":\"ListItem\",\"position\":1,\"name\":\"Inici\",\"item\":\"https:\/\/e-cristians.cat\/es\/\"},{\"@type\":\"ListItem\",\"position\":2,\"name\":\"Conferencia online &#8220;Acompa\u00f1ar a las familias en un mundo cambiante&#8221;\"}]},{\"@type\":\"WebSite\",\"@id\":\"https:\/\/e-cristians.cat\/#website\",\"url\":\"https:\/\/e-cristians.cat\/\",\"name\":\"e-Cristians\",\"description\":\"\",\"potentialAction\":[{\"@type\":\"SearchAction\",\"target\":{\"@type\":\"EntryPoint\",\"urlTemplate\":\"https:\/\/e-cristians.cat\/?s={search_term_string}\"},\"query-input\":\"required name=search_term_string\"}],\"inLanguage\":\"es\"},{\"@type\":\"Person\",\"@id\":\"https:\/\/e-cristians.cat\/#\/schema\/person\/f0ec475338e49aaef9c9dc9d9f162861\",\"name\":\"e-Cristians\",\"image\":{\"@type\":\"ImageObject\",\"inLanguage\":\"es\",\"@id\":\"https:\/\/e-cristians.cat\/#\/schema\/person\/image\/\",\"url\":\"https:\/\/secure.gravatar.com\/avatar\/14bc9e5b0ca69070f1075ad3efcb33c4?s=96&d=mm&r=g\",\"contentUrl\":\"https:\/\/secure.gravatar.com\/avatar\/14bc9e5b0ca69070f1075ad3efcb33c4?s=96&d=mm&r=g\",\"caption\":\"e-Cristians\"}}]}<\/script>\n<!-- \/ Yoast SEO plugin. -->","yoast_head_json":{"title":"Conferencia online \"Acompa\u00f1ar a las familias en un mundo cambiante\" - e-Cristians","robots":{"index":"noindex","follow":"nofollow"},"og_locale":"es_ES","og_type":"article","og_title":"Conferencia online \"Acompa\u00f1ar a las familias en un mundo cambiante\" - e-Cristians","og_description":"La Plataforma por la Familia Catalunya-ONU, ofrece la conferencia online sobre \u00abAcompa\u00f1ar a las familias en un mundo cambiante\u00bb, que contar\u00e1 con la participaci\u00f3n de Montserrat Gas y de Pilar Laconte, del Instituto de Estudios Superiores de la Familia (UIC).\u00a0 Presentar\u00e1 Daniel Arasa. Ser\u00e1 el lunes 17 de enero a las 19h. y se podr\u00e1...","og_url":"https:\/\/e-cristians.cat\/es\/conferencia-online-acompanar-a-las-familias-en-un-mundo-cambiante\/","og_site_name":"e-Cristians","article_published_time":"2022-01-13T15:46:23+00:00","og_image":[{"width":883,"height":496,"url":"https:\/\/e-cristians.cat\/wp-content\/uploads\/2022\/01\/arasa.jpg","type":"image\/jpeg"}],"author":"e-Cristians","twitter_card":"summary_large_image","twitter_misc":{"Escrito por":"e-Cristians","Tiempo de lectura":"1 minuto"},"schema":{"@context":"https:\/\/schema.org","@graph":[{"@type":"WebPage","@id":"https:\/\/e-cristians.cat\/es\/conferencia-online-acompanar-a-las-familias-en-un-mundo-cambiante\/","url":"https:\/\/e-cristians.cat\/es\/conferencia-online-acompanar-a-las-familias-en-un-mundo-cambiante\/","name":"Conferencia online \"Acompa\u00f1ar a las familias en un mundo cambiante\" - e-Cristians","isPartOf":{"@id":"https:\/\/e-cristians.cat\/#website"},"datePublished":"2022-01-13T15:46:23+00:00","dateModified":"2022-01-13T15:46:23+00:00","author":{"@id":"https:\/\/e-cristians.cat\/#\/schema\/person\/f0ec475338e49aaef9c9dc9d9f162861"},"breadcrumb":{"@id":"https:\/\/e-cristians.cat\/es\/conferencia-online-acompanar-a-las-familias-en-un-mundo-cambiante\/#breadcrumb"},"inLanguage":"es","potentialAction":[{"@type":"ReadAction","target":["https:\/\/e-cristians.cat\/es\/conferencia-online-acompanar-a-las-familias-en-un-mundo-cambiante\/"]}]},{"@type":"BreadcrumbList","@id":"https:\/\/e-cristians.cat\/es\/conferencia-online-acompanar-a-las-familias-en-un-mundo-cambiante\/#breadcrumb","itemListElement":[{"@type":"ListItem","position":1,"name":"Inici","item":"https:\/\/e-cristians.cat\/es\/"},{"@type":"ListItem","position":2,"name":"Conferencia online &#8220;Acompa\u00f1ar a las familias en un mundo cambiante&#8221;"}]},{"@type":"WebSite","@id":"https:\/\/e-cristians.cat\/#website","url":"https:\/\/e-cristians.cat\/","name":"e-Cristians","description":"","potentialAction":[{"@type":"SearchAction","target":{"@type":"EntryPoint","urlTemplate":"https:\/\/e-cristians.cat\/?s={search_term_string}"},"query-input":"required name=search_term_string"}],"inLanguage":"es"},{"@type":"Person","@id":"https:\/\/e-cristians.cat\/#\/schema\/person\/f0ec475338e49aaef9c9dc9d9f162861","name":"e-Cristians","image":{"@type":"ImageObject","inLanguage":"es","@id":"https:\/\/e-cristians.cat\/#\/schema\/person\/image\/","url":"https:\/\/secure.gravatar.com\/avatar\/14bc9e5b0ca69070f1075ad3efcb33c4?s=96&d=mm&r=g","contentUrl":"https:\/\/secure.gravatar.com\/avatar\/14bc9e5b0ca69070f1075ad3efcb33c4?s=96&d=mm&r=g","caption":"e-Cristians"}}]}},"jetpack_sharing_enabled":true,"jetpack_featured_media_url":"https:\/\/e-cristians.cat\/wp-content\/uploads\/2022\/01\/arasa.jpg","_links":{"self":[{"href":"https:\/\/e-cristians.cat\/es\/wp-json\/wp\/v2\/posts\/38437"}],"collection":[{"href":"https:\/\/e-cristians.cat\/es\/wp-json\/wp\/v2\/posts"}],"about":[{"href":"https:\/\/e-cristians.cat\/es\/wp-json\/wp\/v2\/types\/post"}],"author":[{"embeddable":true,"href":"https:\/\/e-cristians.cat\/es\/wp-json\/wp\/v2\/users\/2"}],"replies":[{"embeddable":true,"href":"https:\/\/e-cristians.cat\/es\/wp-json\/wp\/v2\/comments?post=38437"}],"version-history":[{"count":1,"href":"https:\/\/e-cristians.cat\/es\/wp-json\/wp\/v2\/posts\/38437\/revisions"}],"predecessor-version":[{"id":38440,"href":"https:\/\/e-cristians.cat\/es\/wp-json\/wp\/v2\/posts\/38437\/revisions\/38440"}],"wp:featuredmedia":[{"embeddable":true,"href":"https:\/\/e-cristians.cat\/es\/wp-json\/wp\/v2\/media\/38438"}],"wp:attachment":[{"href":"https:\/\/e-cristians.cat\/es\/wp-json\/wp\/v2\/media?parent=38437"}],"wp:term":[{"taxonomy":"category","embeddable":true,"href":"https:\/\/e-cristians.cat\/es\/wp-json\/wp\/v2\/categories?post=38437"},{"taxonomy":"post_tag","embeddable":true,"href":"https:\/\/e-cristians.cat\/es\/wp-json\/wp\/v2\/tags?post=38437"}],"curies":[{"name":"wp","href":"https:\/\/api.w.org\/{rel}","templated":true}]}}