{"id":38451,"date":"2022-01-13T17:11:32","date_gmt":"2022-01-13T16:11:32","guid":{"rendered":"https:\/\/e-cristians.cat\/?p=38451"},"modified":"2022-01-13T17:12:12","modified_gmt":"2022-01-13T16:12:12","slug":"libro-librar-la-batalla-cultural-de-la-cultura-pensada-a-la-cultura-vivida","status":"publish","type":"post","link":"https:\/\/e-cristians.cat\/es\/libro-librar-la-batalla-cultural-de-la-cultura-pensada-a-la-cultura-vivida\/","title":{"rendered":"Libro: \u201c\u00bfLibrar la batalla cultural? De la cultura pensada a la cultura vivida\u201d"},"content":{"rendered":"<p>\u00bfLibrar la batalla cultural? De la cultura pensada a la cultura vivida \u00bfEstamos haciendo un llamamiento a las armas? Estamos provocando, de eso no hay duda, con una captatio inicial al m\u00e1s puro estilo socr\u00e1tico, ducho en el arte de hacer (buenas) preguntas. No se asusten. Estamos, en cualquier caso, abogando por el uso de unas armas pac\u00edficas, propias de cualquier batalla cultural que tenga como horizonte el bien com\u00fan. Batalla cultural no es propaganda pol\u00edtica, ni tiene solo, ni principalmente, que ver con las cuitas pol\u00edticas del horizonte estrecho que conforman los partidos y sus programas electorales. La batalla cultural tiene que ver con la sana confrontaci\u00f3n de ideas que ha de darse en el espacio p\u00fablico y tambi\u00e9n, por supuesto, con la degradaci\u00f3n de ese espacio por quienes no reparan en medios para conseguir sus fines, a la hora de que su relato predomine en ese cotizado espacio.<\/p>\n<div id=\"autores_61e04a6e3b0c3\" class=\"autor_libro\"><span class=\"autor_libro__label\">Autor:\u00a0<\/span><a class=\"autor-item primary_autor\" href=\"https:\/\/www.ceuediciones.es\/autor\/catela-marcos-isidro\/\">Catela Marcos, Isidro (ed.);\u00a0<\/a><a class=\"autor-item \" href=\"https:\/\/www.ceuediciones.es\/autor\/domingo-moratalla-agustin\/\">Domingo Moratalla, Agust\u00edn (ed.);\u00a0<\/a><a class=\"autor-item \" href=\"https:\/\/www.ceuediciones.es\/autor\/lostao-crespo-fernando\/\">Lostao Crespo, Fernando (ed.);\u00a0<\/a><a class=\"autor-item \" href=\"https:\/\/www.ceuediciones.es\/autor\/velasco-quintana-pablo-h\/\">Velasco Quintana, Pablo H. (ed.);<\/a><\/div>\n<div class=\"isbn\">ISBN:\u00a09788418463860<\/div>\n<div class=\"product_attr\">N\u00famero de p\u00e1ginas:\u00a0297<\/div>\n<div class=\"product_attr\">A\u00f1o de publicaci\u00f3n:\u00a02021<\/div>\n<div class=\"autor_libro\">Colecci\u00f3n:\u00a0<a href=\"https:\/\/www.ceuediciones.es\/coleccion\/fundacion-cultural-angel-herrera-oria\/\" rel=\"tag\">Fundaci\u00f3n Cultural \u00c1ngel Herrera Oria<\/a><\/div>\n<div><\/div>\n<div><\/div>\n<div><strong>Listado de autores:<\/strong>\u00a0Cayetana \u00c1lvarez de Toledo,\u00a0Luis J. Arg\u00fcello, Agust\u00edn Domingo Moratalla, Jos\u00e9 Francisco Serrano Oceja, Fernando Garc\u00eda de Cort\u00e1zar, Mario Garc\u00e9s Sant Agust\u00ed, Miguel \u00c1ngel Quintana Paz,\u00a0Pau H. Velasco Quintana,\u00a0Cristina Casab\u00f3n,\u00a0Esperan\u00e7a Ruiz,\u00a0Mariona G\u00fampert,\u00a0M\u00aa Teresa Compte Grau,\u00a0Juan Arana Ca\u00f1edo-Arg\u00fcelles,\u00a0Josep Mir\u00f3 i Ard\u00e8vol, Fernando Prado Ayuso,\u00a0Francisco J. Contreras, M\u00aa del Carmen Herrando<\/div>\n","protected":false},"excerpt":{"rendered":"<p>\u00bfLibrar la batalla cultural? De la cultura pensada a la cultura vivida \u00bfEstamos haciendo un llamamiento a las armas? Estamos provocando, de eso no hay duda, con una captatio inicial al m\u00e1s puro estilo socr\u00e1tico, ducho en el arte de hacer (buenas) preguntas. No se asusten. Estamos, en cualquier caso, abogando por el uso de&#8230;<\/p>\n","protected":false},"author":2,"featured_media":38452,"comment_status":"closed","ping_status":"closed","sticky":false,"template":"","format":"standard","meta":{"_jetpack_memberships_contains_paid_content":false,"footnotes":""},"categories":[33,39],"tags":[],"class_list":["post-38451","post","type-post","status-publish","format-standard","has-post-thumbnail","hentry","category-altres-entitats-informacions-agenda-i-documents-es","category-portada_news-es"],"yoast_head":"<!-- This site is optimized with the Yoast SEO plugin v20.0 - https:\/\/yoast.com\/wordpress\/plugins\/seo\/ -->\n<title>Libro: \u201c\u00bfLibrar la batalla cultural? De la cultura pensada a la cultura vivida\u201d - e-Cristians<\/title>\n<meta name=\"robots\" content=\"noindex, nofollow\" \/>\n<meta property=\"og:locale\" content=\"es_ES\" \/>\n<meta property=\"og:type\" content=\"article\" \/>\n<meta property=\"og:title\" content=\"Libro: \u201c\u00bfLibrar la batalla cultural? De la cultura pensada a la cultura vivida\u201d - e-Cristians\" \/>\n<meta property=\"og:description\" content=\"\u00bfLibrar la batalla cultural? De la cultura pensada a la cultura vivida \u00bfEstamos haciendo un llamamiento a las armas? Estamos provocando, de eso no hay duda, con una captatio inicial al m\u00e1s puro estilo socr\u00e1tico, ducho en el arte de hacer (buenas) preguntas. No se asusten. Estamos, en cualquier caso, abogando por el uso de...\" \/>\n<meta property=\"og:url\" content=\"https:\/\/e-cristians.cat\/es\/libro-librar-la-batalla-cultural-de-la-cultura-pensada-a-la-cultura-vivida\/\" \/>\n<meta property=\"og:site_name\" content=\"e-Cristians\" \/>\n<meta property=\"article:published_time\" content=\"2022-01-13T16:11:32+00:00\" \/>\n<meta property=\"article:modified_time\" content=\"2022-01-13T16:12:12+00:00\" \/>\n<meta property=\"og:image\" content=\"https:\/\/e-cristians.cat\/wp-content\/uploads\/2022\/01\/batalla-1.jpg\" \/>\n\t<meta property=\"og:image:width\" content=\"300\" \/>\n\t<meta property=\"og:image:height\" content=\"440\" \/>\n\t<meta property=\"og:image:type\" content=\"image\/jpeg\" \/>\n<meta name=\"author\" content=\"e-Cristians\" \/>\n<meta name=\"twitter:card\" content=\"summary_large_image\" \/>\n<meta name=\"twitter:label1\" content=\"Escrito por\" \/>\n\t<meta name=\"twitter:data1\" content=\"e-Cristians\" \/>\n\t<meta name=\"twitter:label2\" content=\"Tiempo de lectura\" \/>\n\t<meta name=\"twitter:data2\" content=\"1 minuto\" \/>\n<script type=\"application\/ld+json\" class=\"yoast-schema-graph\">{\"@context\":\"https:\/\/schema.org\",\"@graph\":[{\"@type\":\"WebPage\",\"@id\":\"https:\/\/e-cristians.cat\/es\/libro-librar-la-batalla-cultural-de-la-cultura-pensada-a-la-cultura-vivida\/\",\"url\":\"https:\/\/e-cristians.cat\/es\/libro-librar-la-batalla-cultural-de-la-cultura-pensada-a-la-cultura-vivida\/\",\"name\":\"Libro: \u201c\u00bfLibrar la batalla cultural? De la cultura pensada a la cultura vivida\u201d - e-Cristians\",\"isPartOf\":{\"@id\":\"https:\/\/e-cristians.cat\/#website\"},\"datePublished\":\"2022-01-13T16:11:32+00:00\",\"dateModified\":\"2022-01-13T16:12:12+00:00\",\"author\":{\"@id\":\"https:\/\/e-cristians.cat\/#\/schema\/person\/f0ec475338e49aaef9c9dc9d9f162861\"},\"breadcrumb\":{\"@id\":\"https:\/\/e-cristians.cat\/es\/libro-librar-la-batalla-cultural-de-la-cultura-pensada-a-la-cultura-vivida\/#breadcrumb\"},\"inLanguage\":\"es\",\"potentialAction\":[{\"@type\":\"ReadAction\",\"target\":[\"https:\/\/e-cristians.cat\/es\/libro-librar-la-batalla-cultural-de-la-cultura-pensada-a-la-cultura-vivida\/\"]}]},{\"@type\":\"BreadcrumbList\",\"@id\":\"https:\/\/e-cristians.cat\/es\/libro-librar-la-batalla-cultural-de-la-cultura-pensada-a-la-cultura-vivida\/#breadcrumb\",\"itemListElement\":[{\"@type\":\"ListItem\",\"position\":1,\"name\":\"Inici\",\"item\":\"https:\/\/e-cristians.cat\/es\/\"},{\"@type\":\"ListItem\",\"position\":2,\"name\":\"Libro: \u201c\u00bfLibrar la batalla cultural? De la cultura pensada a la cultura vivida\u201d\"}]},{\"@type\":\"WebSite\",\"@id\":\"https:\/\/e-cristians.cat\/#website\",\"url\":\"https:\/\/e-cristians.cat\/\",\"name\":\"e-Cristians\",\"description\":\"\",\"potentialAction\":[{\"@type\":\"SearchAction\",\"target\":{\"@type\":\"EntryPoint\",\"urlTemplate\":\"https:\/\/e-cristians.cat\/?s={search_term_string}\"},\"query-input\":\"required name=search_term_string\"}],\"inLanguage\":\"es\"},{\"@type\":\"Person\",\"@id\":\"https:\/\/e-cristians.cat\/#\/schema\/person\/f0ec475338e49aaef9c9dc9d9f162861\",\"name\":\"e-Cristians\",\"image\":{\"@type\":\"ImageObject\",\"inLanguage\":\"es\",\"@id\":\"https:\/\/e-cristians.cat\/#\/schema\/person\/image\/\",\"url\":\"https:\/\/secure.gravatar.com\/avatar\/14bc9e5b0ca69070f1075ad3efcb33c4?s=96&d=mm&r=g\",\"contentUrl\":\"https:\/\/secure.gravatar.com\/avatar\/14bc9e5b0ca69070f1075ad3efcb33c4?s=96&d=mm&r=g\",\"caption\":\"e-Cristians\"}}]}<\/script>\n<!-- \/ Yoast SEO plugin. -->","yoast_head_json":{"title":"Libro: \u201c\u00bfLibrar la batalla cultural? De la cultura pensada a la cultura vivida\u201d - e-Cristians","robots":{"index":"noindex","follow":"nofollow"},"og_locale":"es_ES","og_type":"article","og_title":"Libro: \u201c\u00bfLibrar la batalla cultural? De la cultura pensada a la cultura vivida\u201d - e-Cristians","og_description":"\u00bfLibrar la batalla cultural? De la cultura pensada a la cultura vivida \u00bfEstamos haciendo un llamamiento a las armas? Estamos provocando, de eso no hay duda, con una captatio inicial al m\u00e1s puro estilo socr\u00e1tico, ducho en el arte de hacer (buenas) preguntas. No se asusten. Estamos, en cualquier caso, abogando por el uso de...","og_url":"https:\/\/e-cristians.cat\/es\/libro-librar-la-batalla-cultural-de-la-cultura-pensada-a-la-cultura-vivida\/","og_site_name":"e-Cristians","article_published_time":"2022-01-13T16:11:32+00:00","article_modified_time":"2022-01-13T16:12:12+00:00","og_image":[{"width":300,"height":440,"url":"https:\/\/e-cristians.cat\/wp-content\/uploads\/2022\/01\/batalla-1.jpg","type":"image\/jpeg"}],"author":"e-Cristians","twitter_card":"summary_large_image","twitter_misc":{"Escrito por":"e-Cristians","Tiempo de lectura":"1 minuto"},"schema":{"@context":"https:\/\/schema.org","@graph":[{"@type":"WebPage","@id":"https:\/\/e-cristians.cat\/es\/libro-librar-la-batalla-cultural-de-la-cultura-pensada-a-la-cultura-vivida\/","url":"https:\/\/e-cristians.cat\/es\/libro-librar-la-batalla-cultural-de-la-cultura-pensada-a-la-cultura-vivida\/","name":"Libro: \u201c\u00bfLibrar la batalla cultural? De la cultura pensada a la cultura vivida\u201d - e-Cristians","isPartOf":{"@id":"https:\/\/e-cristians.cat\/#website"},"datePublished":"2022-01-13T16:11:32+00:00","dateModified":"2022-01-13T16:12:12+00:00","author":{"@id":"https:\/\/e-cristians.cat\/#\/schema\/person\/f0ec475338e49aaef9c9dc9d9f162861"},"breadcrumb":{"@id":"https:\/\/e-cristians.cat\/es\/libro-librar-la-batalla-cultural-de-la-cultura-pensada-a-la-cultura-vivida\/#breadcrumb"},"inLanguage":"es","potentialAction":[{"@type":"ReadAction","target":["https:\/\/e-cristians.cat\/es\/libro-librar-la-batalla-cultural-de-la-cultura-pensada-a-la-cultura-vivida\/"]}]},{"@type":"BreadcrumbList","@id":"https:\/\/e-cristians.cat\/es\/libro-librar-la-batalla-cultural-de-la-cultura-pensada-a-la-cultura-vivida\/#breadcrumb","itemListElement":[{"@type":"ListItem","position":1,"name":"Inici","item":"https:\/\/e-cristians.cat\/es\/"},{"@type":"ListItem","position":2,"name":"Libro: \u201c\u00bfLibrar la batalla cultural? De la cultura pensada a la cultura vivida\u201d"}]},{"@type":"WebSite","@id":"https:\/\/e-cristians.cat\/#website","url":"https:\/\/e-cristians.cat\/","name":"e-Cristians","description":"","potentialAction":[{"@type":"SearchAction","target":{"@type":"EntryPoint","urlTemplate":"https:\/\/e-cristians.cat\/?s={search_term_string}"},"query-input":"required name=search_term_string"}],"inLanguage":"es"},{"@type":"Person","@id":"https:\/\/e-cristians.cat\/#\/schema\/person\/f0ec475338e49aaef9c9dc9d9f162861","name":"e-Cristians","image":{"@type":"ImageObject","inLanguage":"es","@id":"https:\/\/e-cristians.cat\/#\/schema\/person\/image\/","url":"https:\/\/secure.gravatar.com\/avatar\/14bc9e5b0ca69070f1075ad3efcb33c4?s=96&d=mm&r=g","contentUrl":"https:\/\/secure.gravatar.com\/avatar\/14bc9e5b0ca69070f1075ad3efcb33c4?s=96&d=mm&r=g","caption":"e-Cristians"}}]}},"jetpack_sharing_enabled":true,"jetpack_featured_media_url":"https:\/\/e-cristians.cat\/wp-content\/uploads\/2022\/01\/batalla-1.jpg","_links":{"self":[{"href":"https:\/\/e-cristians.cat\/es\/wp-json\/wp\/v2\/posts\/38451"}],"collection":[{"href":"https:\/\/e-cristians.cat\/es\/wp-json\/wp\/v2\/posts"}],"about":[{"href":"https:\/\/e-cristians.cat\/es\/wp-json\/wp\/v2\/types\/post"}],"author":[{"embeddable":true,"href":"https:\/\/e-cristians.cat\/es\/wp-json\/wp\/v2\/users\/2"}],"replies":[{"embeddable":true,"href":"https:\/\/e-cristians.cat\/es\/wp-json\/wp\/v2\/comments?post=38451"}],"version-history":[{"count":1,"href":"https:\/\/e-cristians.cat\/es\/wp-json\/wp\/v2\/posts\/38451\/revisions"}],"predecessor-version":[{"id":38454,"href":"https:\/\/e-cristians.cat\/es\/wp-json\/wp\/v2\/posts\/38451\/revisions\/38454"}],"wp:featuredmedia":[{"embeddable":true,"href":"https:\/\/e-cristians.cat\/es\/wp-json\/wp\/v2\/media\/38452"}],"wp:attachment":[{"href":"https:\/\/e-cristians.cat\/es\/wp-json\/wp\/v2\/media?parent=38451"}],"wp:term":[{"taxonomy":"category","embeddable":true,"href":"https:\/\/e-cristians.cat\/es\/wp-json\/wp\/v2\/categories?post=38451"},{"taxonomy":"post_tag","embeddable":true,"href":"https:\/\/e-cristians.cat\/es\/wp-json\/wp\/v2\/tags?post=38451"}],"curies":[{"name":"wp","href":"https:\/\/api.w.org\/{rel}","templated":true}]}}