{"id":38466,"date":"2022-01-11T17:25:06","date_gmt":"2022-01-11T16:25:06","guid":{"rendered":"https:\/\/e-cristians.cat\/?p=38466"},"modified":"2022-01-13T17:34:19","modified_gmt":"2022-01-13T16:34:19","slug":"el-gran-mensaje-de-navidad-de-un-politico-es-posible","status":"publish","type":"post","link":"https:\/\/e-cristians.cat\/es\/el-gran-mensaje-de-navidad-de-un-politico-es-posible\/","title":{"rendered":"El gran mensaje de Navidad de un pol\u00edtico, \u00bfes posible?"},"content":{"rendered":"<p>\u00bfPuede un pol\u00edtico lanzar un buen mensaje de Navidad?\u00a0<strong>La verdad es que felicitar o no estas fiestas se ha convertido tristemente en un posicionamiento ideol\u00f3gico por parte de la pol\u00edtica<\/strong>\u00a0y hasta, recientemente, la\u00a0<a href=\"https:\/\/www.forumlibertas.com\/comision-europea\/\" target=\"_blank\" rel=\"noopener\">noticia<\/a>\u00a0de que la Comisi\u00f3n Europea caus\u00f3 pol\u00e9mica por su recomendaci\u00f3n de no felicitarla.<\/p>\n<p>Al margen de las simpat\u00edas y antipat\u00edas pol\u00edticas al margen el pol\u00edtico galo\u00a0<a href=\"https:\/\/es.wikipedia.org\/wiki\/%C3%89ric_Zemmour\" target=\"_blank\" rel=\"noopener\">\u00c9ric Zemmour<\/a>\u00a0ha hecho un gran mensaje de Navidad, en clave francesa, pero magn\u00edfico en todos los sentidos, como se puede ver a continuaci\u00f3n:<\/p>\n<p><iframe title=\"\u00c9ric Zemmour : Joyeux No\u00ebl !\" width=\"640\" height=\"360\" data-src=\"https:\/\/www.youtube.com\/embed\/hfJyAHnbI8E?feature=oembed\" frameborder=\"0\" allow=\"accelerometer; autoplay; clipboard-write; encrypted-media; gyroscope; picture-in-picture\" allowfullscreen src=\"data:image\/svg+xml;base64,PHN2ZyB3aWR0aD0iMSIgaGVpZ2h0PSIxIiB4bWxucz0iaHR0cDovL3d3dy53My5vcmcvMjAwMC9zdmciPjwvc3ZnPg==\" class=\"lazyload\" data-load-mode=\"1\"><\/iframe><\/p>\n<p><strong>Zemmour, hasta donde sabemos, ni es cat\u00f3lico, ni cristiano.<\/strong>\u00a0No obstante, es inteligente y sabe proyectar el sentido cristiano y todo lo que ha aportado a la Civilizaci\u00f3n occidental. Una cuesti\u00f3n que obliga a reflexionar sobre los mensajes que han lanzado los pol\u00edticos espa\u00f1oles.<\/p>\n<p>En ese sentido, ya destac\u00f3 el a\u00f1o 2020 el\u00a0<a href=\"https:\/\/www.forumlibertas.com\/ayuso-protagoniza-un-discurso-de-navidad-cristianamente-impecable\/\" target=\"_blank\" rel=\"noopener\">mensaje<\/a>\u00a0de la\u00a0<a href=\"https:\/\/www.forumlibertas.com\/margarita-robles\/\" target=\"_blank\" rel=\"noopener noreferrer\">presidenta<\/a>\u00a0de la Comunidad de Madrid, Isabel D\u00edaz Ayuso, que sorprendi\u00f3 con su mensaje de Navidad a los madrile\u00f1os\u00a0<strong>protagonizando un discurso s\u00f3lido, ofreciendo una interpretaci\u00f3n de la Navidad cristianamente impecable y como no se recordaba en mucho tiempo<\/strong>.<\/p>\n<p>En un momento en el que el mensaje democristiano est\u00e1 hondamente desplazado de la vida p\u00fablica es destacable que pol\u00edticos de primera l\u00ednea reivindiquen las ra\u00edces cristianas del pa\u00eds y celebren la raz\u00f3n concreta y real por la que la Navidad existe: el nacimiento de Jesucristo, y el bien que ello ha hecho.<\/p>\n","protected":false},"excerpt":{"rendered":"<p>\u00bfPuede un pol\u00edtico lanzar un buen mensaje de Navidad?\u00a0La verdad es que felicitar o no estas fiestas se ha convertido tristemente en un posicionamiento ideol\u00f3gico por parte de la pol\u00edtica\u00a0y hasta, recientemente, la\u00a0noticia\u00a0de que la Comisi\u00f3n Europea caus\u00f3 pol\u00e9mica por su recomendaci\u00f3n de no felicitarla. Al margen de las simpat\u00edas y antipat\u00edas pol\u00edticas al margen&#8230;<\/p>\n","protected":false},"author":2,"featured_media":38468,"comment_status":"closed","ping_status":"closed","sticky":false,"template":"","format":"standard","meta":{"_jetpack_memberships_contains_paid_content":false,"footnotes":""},"categories":[33,39],"tags":[],"class_list":["post-38466","post","type-post","status-publish","format-standard","has-post-thumbnail","hentry","category-altres-entitats-informacions-agenda-i-documents-es","category-portada_news-es"],"yoast_head":"<!-- This site is optimized with the Yoast SEO plugin v20.0 - https:\/\/yoast.com\/wordpress\/plugins\/seo\/ -->\n<title>El gran mensaje de Navidad de un pol\u00edtico, \u00bfes posible? - e-Cristians<\/title>\n<meta name=\"robots\" content=\"noindex, nofollow\" \/>\n<meta property=\"og:locale\" content=\"es_ES\" \/>\n<meta property=\"og:type\" content=\"article\" \/>\n<meta property=\"og:title\" content=\"El gran mensaje de Navidad de un pol\u00edtico, \u00bfes posible? - e-Cristians\" \/>\n<meta property=\"og:description\" content=\"\u00bfPuede un pol\u00edtico lanzar un buen mensaje de Navidad?\u00a0La verdad es que felicitar o no estas fiestas se ha convertido tristemente en un posicionamiento ideol\u00f3gico por parte de la pol\u00edtica\u00a0y hasta, recientemente, la\u00a0noticia\u00a0de que la Comisi\u00f3n Europea caus\u00f3 pol\u00e9mica por su recomendaci\u00f3n de no felicitarla. Al margen de las simpat\u00edas y antipat\u00edas pol\u00edticas al margen...\" \/>\n<meta property=\"og:url\" content=\"https:\/\/e-cristians.cat\/es\/el-gran-mensaje-de-navidad-de-un-politico-es-posible\/\" \/>\n<meta property=\"og:site_name\" content=\"e-Cristians\" \/>\n<meta property=\"article:published_time\" content=\"2022-01-11T16:25:06+00:00\" \/>\n<meta property=\"article:modified_time\" content=\"2022-01-13T16:34:19+00:00\" \/>\n<meta property=\"og:image\" content=\"https:\/\/e-cristians.cat\/wp-content\/uploads\/2022\/01\/Captura-2-600x337-1.png\" \/>\n\t<meta property=\"og:image:width\" content=\"600\" \/>\n\t<meta property=\"og:image:height\" content=\"337\" \/>\n\t<meta property=\"og:image:type\" content=\"image\/png\" \/>\n<meta name=\"author\" content=\"e-Cristians\" \/>\n<meta name=\"twitter:card\" content=\"summary_large_image\" \/>\n<meta name=\"twitter:label1\" content=\"Escrito por\" \/>\n\t<meta name=\"twitter:data1\" content=\"e-Cristians\" \/>\n\t<meta name=\"twitter:label2\" content=\"Tiempo de lectura\" \/>\n\t<meta name=\"twitter:data2\" content=\"1 minuto\" \/>\n<script type=\"application\/ld+json\" class=\"yoast-schema-graph\">{\"@context\":\"https:\/\/schema.org\",\"@graph\":[{\"@type\":\"WebPage\",\"@id\":\"https:\/\/e-cristians.cat\/es\/el-gran-mensaje-de-navidad-de-un-politico-es-posible\/\",\"url\":\"https:\/\/e-cristians.cat\/es\/el-gran-mensaje-de-navidad-de-un-politico-es-posible\/\",\"name\":\"El gran mensaje de Navidad de un pol\u00edtico, \u00bfes posible? - e-Cristians\",\"isPartOf\":{\"@id\":\"https:\/\/e-cristians.cat\/#website\"},\"datePublished\":\"2022-01-11T16:25:06+00:00\",\"dateModified\":\"2022-01-13T16:34:19+00:00\",\"author\":{\"@id\":\"https:\/\/e-cristians.cat\/#\/schema\/person\/f0ec475338e49aaef9c9dc9d9f162861\"},\"breadcrumb\":{\"@id\":\"https:\/\/e-cristians.cat\/es\/el-gran-mensaje-de-navidad-de-un-politico-es-posible\/#breadcrumb\"},\"inLanguage\":\"es\",\"potentialAction\":[{\"@type\":\"ReadAction\",\"target\":[\"https:\/\/e-cristians.cat\/es\/el-gran-mensaje-de-navidad-de-un-politico-es-posible\/\"]}]},{\"@type\":\"BreadcrumbList\",\"@id\":\"https:\/\/e-cristians.cat\/es\/el-gran-mensaje-de-navidad-de-un-politico-es-posible\/#breadcrumb\",\"itemListElement\":[{\"@type\":\"ListItem\",\"position\":1,\"name\":\"Inici\",\"item\":\"https:\/\/e-cristians.cat\/es\/\"},{\"@type\":\"ListItem\",\"position\":2,\"name\":\"El gran mensaje de Navidad de un pol\u00edtico, \u00bfes posible?\"}]},{\"@type\":\"WebSite\",\"@id\":\"https:\/\/e-cristians.cat\/#website\",\"url\":\"https:\/\/e-cristians.cat\/\",\"name\":\"e-Cristians\",\"description\":\"\",\"potentialAction\":[{\"@type\":\"SearchAction\",\"target\":{\"@type\":\"EntryPoint\",\"urlTemplate\":\"https:\/\/e-cristians.cat\/?s={search_term_string}\"},\"query-input\":\"required name=search_term_string\"}],\"inLanguage\":\"es\"},{\"@type\":\"Person\",\"@id\":\"https:\/\/e-cristians.cat\/#\/schema\/person\/f0ec475338e49aaef9c9dc9d9f162861\",\"name\":\"e-Cristians\",\"image\":{\"@type\":\"ImageObject\",\"inLanguage\":\"es\",\"@id\":\"https:\/\/e-cristians.cat\/#\/schema\/person\/image\/\",\"url\":\"https:\/\/secure.gravatar.com\/avatar\/14bc9e5b0ca69070f1075ad3efcb33c4?s=96&d=mm&r=g\",\"contentUrl\":\"https:\/\/secure.gravatar.com\/avatar\/14bc9e5b0ca69070f1075ad3efcb33c4?s=96&d=mm&r=g\",\"caption\":\"e-Cristians\"}}]}<\/script>\n<!-- \/ Yoast SEO plugin. -->","yoast_head_json":{"title":"El gran mensaje de Navidad de un pol\u00edtico, \u00bfes posible? - e-Cristians","robots":{"index":"noindex","follow":"nofollow"},"og_locale":"es_ES","og_type":"article","og_title":"El gran mensaje de Navidad de un pol\u00edtico, \u00bfes posible? - e-Cristians","og_description":"\u00bfPuede un pol\u00edtico lanzar un buen mensaje de Navidad?\u00a0La verdad es que felicitar o no estas fiestas se ha convertido tristemente en un posicionamiento ideol\u00f3gico por parte de la pol\u00edtica\u00a0y hasta, recientemente, la\u00a0noticia\u00a0de que la Comisi\u00f3n Europea caus\u00f3 pol\u00e9mica por su recomendaci\u00f3n de no felicitarla. Al margen de las simpat\u00edas y antipat\u00edas pol\u00edticas al margen...","og_url":"https:\/\/e-cristians.cat\/es\/el-gran-mensaje-de-navidad-de-un-politico-es-posible\/","og_site_name":"e-Cristians","article_published_time":"2022-01-11T16:25:06+00:00","article_modified_time":"2022-01-13T16:34:19+00:00","og_image":[{"width":600,"height":337,"url":"https:\/\/e-cristians.cat\/wp-content\/uploads\/2022\/01\/Captura-2-600x337-1.png","type":"image\/png"}],"author":"e-Cristians","twitter_card":"summary_large_image","twitter_misc":{"Escrito por":"e-Cristians","Tiempo de lectura":"1 minuto"},"schema":{"@context":"https:\/\/schema.org","@graph":[{"@type":"WebPage","@id":"https:\/\/e-cristians.cat\/es\/el-gran-mensaje-de-navidad-de-un-politico-es-posible\/","url":"https:\/\/e-cristians.cat\/es\/el-gran-mensaje-de-navidad-de-un-politico-es-posible\/","name":"El gran mensaje de Navidad de un pol\u00edtico, \u00bfes posible? - e-Cristians","isPartOf":{"@id":"https:\/\/e-cristians.cat\/#website"},"datePublished":"2022-01-11T16:25:06+00:00","dateModified":"2022-01-13T16:34:19+00:00","author":{"@id":"https:\/\/e-cristians.cat\/#\/schema\/person\/f0ec475338e49aaef9c9dc9d9f162861"},"breadcrumb":{"@id":"https:\/\/e-cristians.cat\/es\/el-gran-mensaje-de-navidad-de-un-politico-es-posible\/#breadcrumb"},"inLanguage":"es","potentialAction":[{"@type":"ReadAction","target":["https:\/\/e-cristians.cat\/es\/el-gran-mensaje-de-navidad-de-un-politico-es-posible\/"]}]},{"@type":"BreadcrumbList","@id":"https:\/\/e-cristians.cat\/es\/el-gran-mensaje-de-navidad-de-un-politico-es-posible\/#breadcrumb","itemListElement":[{"@type":"ListItem","position":1,"name":"Inici","item":"https:\/\/e-cristians.cat\/es\/"},{"@type":"ListItem","position":2,"name":"El gran mensaje de Navidad de un pol\u00edtico, \u00bfes posible?"}]},{"@type":"WebSite","@id":"https:\/\/e-cristians.cat\/#website","url":"https:\/\/e-cristians.cat\/","name":"e-Cristians","description":"","potentialAction":[{"@type":"SearchAction","target":{"@type":"EntryPoint","urlTemplate":"https:\/\/e-cristians.cat\/?s={search_term_string}"},"query-input":"required name=search_term_string"}],"inLanguage":"es"},{"@type":"Person","@id":"https:\/\/e-cristians.cat\/#\/schema\/person\/f0ec475338e49aaef9c9dc9d9f162861","name":"e-Cristians","image":{"@type":"ImageObject","inLanguage":"es","@id":"https:\/\/e-cristians.cat\/#\/schema\/person\/image\/","url":"https:\/\/secure.gravatar.com\/avatar\/14bc9e5b0ca69070f1075ad3efcb33c4?s=96&d=mm&r=g","contentUrl":"https:\/\/secure.gravatar.com\/avatar\/14bc9e5b0ca69070f1075ad3efcb33c4?s=96&d=mm&r=g","caption":"e-Cristians"}}]}},"jetpack_sharing_enabled":true,"jetpack_featured_media_url":"https:\/\/e-cristians.cat\/wp-content\/uploads\/2022\/01\/Captura-2-600x337-1.png","_links":{"self":[{"href":"https:\/\/e-cristians.cat\/es\/wp-json\/wp\/v2\/posts\/38466"}],"collection":[{"href":"https:\/\/e-cristians.cat\/es\/wp-json\/wp\/v2\/posts"}],"about":[{"href":"https:\/\/e-cristians.cat\/es\/wp-json\/wp\/v2\/types\/post"}],"author":[{"embeddable":true,"href":"https:\/\/e-cristians.cat\/es\/wp-json\/wp\/v2\/users\/2"}],"replies":[{"embeddable":true,"href":"https:\/\/e-cristians.cat\/es\/wp-json\/wp\/v2\/comments?post=38466"}],"version-history":[{"count":2,"href":"https:\/\/e-cristians.cat\/es\/wp-json\/wp\/v2\/posts\/38466\/revisions"}],"predecessor-version":[{"id":38471,"href":"https:\/\/e-cristians.cat\/es\/wp-json\/wp\/v2\/posts\/38466\/revisions\/38471"}],"wp:featuredmedia":[{"embeddable":true,"href":"https:\/\/e-cristians.cat\/es\/wp-json\/wp\/v2\/media\/38468"}],"wp:attachment":[{"href":"https:\/\/e-cristians.cat\/es\/wp-json\/wp\/v2\/media?parent=38466"}],"wp:term":[{"taxonomy":"category","embeddable":true,"href":"https:\/\/e-cristians.cat\/es\/wp-json\/wp\/v2\/categories?post=38466"},{"taxonomy":"post_tag","embeddable":true,"href":"https:\/\/e-cristians.cat\/es\/wp-json\/wp\/v2\/tags?post=38466"}],"curies":[{"name":"wp","href":"https:\/\/api.w.org\/{rel}","templated":true}]}}