{"id":38698,"date":"2022-01-20T16:21:12","date_gmt":"2022-01-20T15:21:12","guid":{"rendered":"https:\/\/e-cristians.cat\/?p=38698"},"modified":"2022-01-20T16:22:24","modified_gmt":"2022-01-20T15:22:24","slug":"la-libreria-balmes-celebra-su-centenario","status":"publish","type":"post","link":"https:\/\/e-cristians.cat\/es\/la-libreria-balmes-celebra-su-centenario\/","title":{"rendered":"La librer\u00eda Balmes celebra su centenario"},"content":{"rendered":"<p>La librer\u00eda Balmes ha cumplido 100 a\u00f1os. Son 100 a\u00f1os de actividad ininterrumpida en favor de la cultura cat\u00f3lica, que les ha aportado el premio de librer\u00eda del a\u00f1o (2021) de la Federaci\u00f3n de Gremios de Editores de Espa\u00f1a.<\/p>\n<p>Con motivo de este <strong>centenario<\/strong>, han organizado un <strong>acto conmemorativo<\/strong> que tendr\u00e1 lugar, si Dios quiere, el 1 de febrero a las 19:30 h. en el sal\u00f3n de actos de la Balmesiana. El t\u00edtulo del mismo es <em><strong>\u00bfSe puede educar sin lectura?<\/strong><\/em> y por el tema y por los ponentes puede ser un acto de gran inter\u00e9s para el mundo de la cultura, de la educaci\u00f3n y de la sociedad en general. Los ponentes ser\u00e1n:<\/p>\n<ul>\n<li><strong>Patricia Tixis<\/strong>, presidente del Gremio de Editores de Catalu\u00f1a<\/li>\n<li><strong>Inger Enkvist<\/strong>, catedr\u00e1tica em\u00e9rita de la Universidad de Lunds (Suecia)<\/li>\n<li><strong>Catherine L&#8217;Ecuyer<\/strong>, doctora en Educaci\u00f3n y Psicolog\u00eda<\/li>\n<\/ul>\n<p>D\u00eda: Martes, <strong>1 de febrero<\/strong> de 2022<\/p>\n<p>Hora: <strong>19:30 h.<\/strong><\/p>\n<p>Lugar: <strong>Sal\u00f3n de actos de la Balmesiana<\/strong> (c\/ Duran i Bas, 9, Bcn)<\/p>\n<p>Dada la situaci\u00f3n sanitaria, es necesario <strong>confirmar<\/strong> la asistencia: balmeslibreria@balmeslibreria.com<\/p>\n","protected":false},"excerpt":{"rendered":"<p>La librer\u00eda Balmes ha cumplido 100 a\u00f1os. Son 100 a\u00f1os de actividad ininterrumpida en favor de la cultura cat\u00f3lica, que les ha aportado el premio de librer\u00eda del a\u00f1o (2021) de la Federaci\u00f3n de Gremios de Editores de Espa\u00f1a. Con motivo de este centenario, han organizado un acto conmemorativo que tendr\u00e1 lugar, si Dios quiere,&#8230;<\/p>\n","protected":false},"author":2,"featured_media":38699,"comment_status":"closed","ping_status":"closed","sticky":false,"template":"","format":"standard","meta":{"_jetpack_memberships_contains_paid_content":false,"footnotes":""},"categories":[33,39],"tags":[],"class_list":["post-38698","post","type-post","status-publish","format-standard","has-post-thumbnail","hentry","category-altres-entitats-informacions-agenda-i-documents-es","category-portada_news-es"],"yoast_head":"<!-- This site is optimized with the Yoast SEO plugin v20.0 - https:\/\/yoast.com\/wordpress\/plugins\/seo\/ -->\n<title>La librer\u00eda Balmes celebra su centenario - e-Cristians<\/title>\n<meta name=\"robots\" content=\"noindex, nofollow\" \/>\n<meta property=\"og:locale\" content=\"es_ES\" \/>\n<meta property=\"og:type\" content=\"article\" \/>\n<meta property=\"og:title\" content=\"La librer\u00eda Balmes celebra su centenario - e-Cristians\" \/>\n<meta property=\"og:description\" content=\"La librer\u00eda Balmes ha cumplido 100 a\u00f1os. Son 100 a\u00f1os de actividad ininterrumpida en favor de la cultura cat\u00f3lica, que les ha aportado el premio de librer\u00eda del a\u00f1o (2021) de la Federaci\u00f3n de Gremios de Editores de Espa\u00f1a. Con motivo de este centenario, han organizado un acto conmemorativo que tendr\u00e1 lugar, si Dios quiere,...\" \/>\n<meta property=\"og:url\" content=\"https:\/\/e-cristians.cat\/es\/la-libreria-balmes-celebra-su-centenario\/\" \/>\n<meta property=\"og:site_name\" content=\"e-Cristians\" \/>\n<meta property=\"article:published_time\" content=\"2022-01-20T15:21:12+00:00\" \/>\n<meta property=\"article:modified_time\" content=\"2022-01-20T15:22:24+00:00\" \/>\n<meta property=\"og:image\" content=\"https:\/\/e-cristians.cat\/wp-content\/uploads\/2022\/01\/Invitacion_Balmes_1.02.2022_caste.jpg\" \/>\n\t<meta property=\"og:image:width\" content=\"2480\" \/>\n\t<meta property=\"og:image:height\" content=\"1181\" \/>\n\t<meta property=\"og:image:type\" content=\"image\/jpeg\" \/>\n<meta name=\"author\" content=\"e-Cristians\" \/>\n<meta name=\"twitter:card\" content=\"summary_large_image\" \/>\n<meta name=\"twitter:label1\" content=\"Escrito por\" \/>\n\t<meta name=\"twitter:data1\" content=\"e-Cristians\" \/>\n\t<meta name=\"twitter:label2\" content=\"Tiempo de lectura\" \/>\n\t<meta name=\"twitter:data2\" content=\"1 minuto\" \/>\n<script type=\"application\/ld+json\" class=\"yoast-schema-graph\">{\"@context\":\"https:\/\/schema.org\",\"@graph\":[{\"@type\":\"WebPage\",\"@id\":\"https:\/\/e-cristians.cat\/es\/la-libreria-balmes-celebra-su-centenario\/\",\"url\":\"https:\/\/e-cristians.cat\/es\/la-libreria-balmes-celebra-su-centenario\/\",\"name\":\"La librer\u00eda Balmes celebra su centenario - e-Cristians\",\"isPartOf\":{\"@id\":\"https:\/\/e-cristians.cat\/#website\"},\"datePublished\":\"2022-01-20T15:21:12+00:00\",\"dateModified\":\"2022-01-20T15:22:24+00:00\",\"author\":{\"@id\":\"https:\/\/e-cristians.cat\/#\/schema\/person\/f0ec475338e49aaef9c9dc9d9f162861\"},\"breadcrumb\":{\"@id\":\"https:\/\/e-cristians.cat\/es\/la-libreria-balmes-celebra-su-centenario\/#breadcrumb\"},\"inLanguage\":\"es\",\"potentialAction\":[{\"@type\":\"ReadAction\",\"target\":[\"https:\/\/e-cristians.cat\/es\/la-libreria-balmes-celebra-su-centenario\/\"]}]},{\"@type\":\"BreadcrumbList\",\"@id\":\"https:\/\/e-cristians.cat\/es\/la-libreria-balmes-celebra-su-centenario\/#breadcrumb\",\"itemListElement\":[{\"@type\":\"ListItem\",\"position\":1,\"name\":\"Inici\",\"item\":\"https:\/\/e-cristians.cat\/es\/\"},{\"@type\":\"ListItem\",\"position\":2,\"name\":\"La librer\u00eda Balmes celebra su centenario\"}]},{\"@type\":\"WebSite\",\"@id\":\"https:\/\/e-cristians.cat\/#website\",\"url\":\"https:\/\/e-cristians.cat\/\",\"name\":\"e-Cristians\",\"description\":\"\",\"potentialAction\":[{\"@type\":\"SearchAction\",\"target\":{\"@type\":\"EntryPoint\",\"urlTemplate\":\"https:\/\/e-cristians.cat\/?s={search_term_string}\"},\"query-input\":\"required name=search_term_string\"}],\"inLanguage\":\"es\"},{\"@type\":\"Person\",\"@id\":\"https:\/\/e-cristians.cat\/#\/schema\/person\/f0ec475338e49aaef9c9dc9d9f162861\",\"name\":\"e-Cristians\",\"image\":{\"@type\":\"ImageObject\",\"inLanguage\":\"es\",\"@id\":\"https:\/\/e-cristians.cat\/#\/schema\/person\/image\/\",\"url\":\"https:\/\/secure.gravatar.com\/avatar\/14bc9e5b0ca69070f1075ad3efcb33c4?s=96&d=mm&r=g\",\"contentUrl\":\"https:\/\/secure.gravatar.com\/avatar\/14bc9e5b0ca69070f1075ad3efcb33c4?s=96&d=mm&r=g\",\"caption\":\"e-Cristians\"}}]}<\/script>\n<!-- \/ Yoast SEO plugin. -->","yoast_head_json":{"title":"La librer\u00eda Balmes celebra su centenario - e-Cristians","robots":{"index":"noindex","follow":"nofollow"},"og_locale":"es_ES","og_type":"article","og_title":"La librer\u00eda Balmes celebra su centenario - e-Cristians","og_description":"La librer\u00eda Balmes ha cumplido 100 a\u00f1os. Son 100 a\u00f1os de actividad ininterrumpida en favor de la cultura cat\u00f3lica, que les ha aportado el premio de librer\u00eda del a\u00f1o (2021) de la Federaci\u00f3n de Gremios de Editores de Espa\u00f1a. Con motivo de este centenario, han organizado un acto conmemorativo que tendr\u00e1 lugar, si Dios quiere,...","og_url":"https:\/\/e-cristians.cat\/es\/la-libreria-balmes-celebra-su-centenario\/","og_site_name":"e-Cristians","article_published_time":"2022-01-20T15:21:12+00:00","article_modified_time":"2022-01-20T15:22:24+00:00","og_image":[{"width":2480,"height":1181,"url":"https:\/\/e-cristians.cat\/wp-content\/uploads\/2022\/01\/Invitacion_Balmes_1.02.2022_caste.jpg","type":"image\/jpeg"}],"author":"e-Cristians","twitter_card":"summary_large_image","twitter_misc":{"Escrito por":"e-Cristians","Tiempo de lectura":"1 minuto"},"schema":{"@context":"https:\/\/schema.org","@graph":[{"@type":"WebPage","@id":"https:\/\/e-cristians.cat\/es\/la-libreria-balmes-celebra-su-centenario\/","url":"https:\/\/e-cristians.cat\/es\/la-libreria-balmes-celebra-su-centenario\/","name":"La librer\u00eda Balmes celebra su centenario - e-Cristians","isPartOf":{"@id":"https:\/\/e-cristians.cat\/#website"},"datePublished":"2022-01-20T15:21:12+00:00","dateModified":"2022-01-20T15:22:24+00:00","author":{"@id":"https:\/\/e-cristians.cat\/#\/schema\/person\/f0ec475338e49aaef9c9dc9d9f162861"},"breadcrumb":{"@id":"https:\/\/e-cristians.cat\/es\/la-libreria-balmes-celebra-su-centenario\/#breadcrumb"},"inLanguage":"es","potentialAction":[{"@type":"ReadAction","target":["https:\/\/e-cristians.cat\/es\/la-libreria-balmes-celebra-su-centenario\/"]}]},{"@type":"BreadcrumbList","@id":"https:\/\/e-cristians.cat\/es\/la-libreria-balmes-celebra-su-centenario\/#breadcrumb","itemListElement":[{"@type":"ListItem","position":1,"name":"Inici","item":"https:\/\/e-cristians.cat\/es\/"},{"@type":"ListItem","position":2,"name":"La librer\u00eda Balmes celebra su centenario"}]},{"@type":"WebSite","@id":"https:\/\/e-cristians.cat\/#website","url":"https:\/\/e-cristians.cat\/","name":"e-Cristians","description":"","potentialAction":[{"@type":"SearchAction","target":{"@type":"EntryPoint","urlTemplate":"https:\/\/e-cristians.cat\/?s={search_term_string}"},"query-input":"required name=search_term_string"}],"inLanguage":"es"},{"@type":"Person","@id":"https:\/\/e-cristians.cat\/#\/schema\/person\/f0ec475338e49aaef9c9dc9d9f162861","name":"e-Cristians","image":{"@type":"ImageObject","inLanguage":"es","@id":"https:\/\/e-cristians.cat\/#\/schema\/person\/image\/","url":"https:\/\/secure.gravatar.com\/avatar\/14bc9e5b0ca69070f1075ad3efcb33c4?s=96&d=mm&r=g","contentUrl":"https:\/\/secure.gravatar.com\/avatar\/14bc9e5b0ca69070f1075ad3efcb33c4?s=96&d=mm&r=g","caption":"e-Cristians"}}]}},"jetpack_sharing_enabled":true,"jetpack_featured_media_url":"https:\/\/e-cristians.cat\/wp-content\/uploads\/2022\/01\/Invitacion_Balmes_1.02.2022_caste.jpg","_links":{"self":[{"href":"https:\/\/e-cristians.cat\/es\/wp-json\/wp\/v2\/posts\/38698"}],"collection":[{"href":"https:\/\/e-cristians.cat\/es\/wp-json\/wp\/v2\/posts"}],"about":[{"href":"https:\/\/e-cristians.cat\/es\/wp-json\/wp\/v2\/types\/post"}],"author":[{"embeddable":true,"href":"https:\/\/e-cristians.cat\/es\/wp-json\/wp\/v2\/users\/2"}],"replies":[{"embeddable":true,"href":"https:\/\/e-cristians.cat\/es\/wp-json\/wp\/v2\/comments?post=38698"}],"version-history":[{"count":3,"href":"https:\/\/e-cristians.cat\/es\/wp-json\/wp\/v2\/posts\/38698\/revisions"}],"predecessor-version":[{"id":38703,"href":"https:\/\/e-cristians.cat\/es\/wp-json\/wp\/v2\/posts\/38698\/revisions\/38703"}],"wp:featuredmedia":[{"embeddable":true,"href":"https:\/\/e-cristians.cat\/es\/wp-json\/wp\/v2\/media\/38699"}],"wp:attachment":[{"href":"https:\/\/e-cristians.cat\/es\/wp-json\/wp\/v2\/media?parent=38698"}],"wp:term":[{"taxonomy":"category","embeddable":true,"href":"https:\/\/e-cristians.cat\/es\/wp-json\/wp\/v2\/categories?post=38698"},{"taxonomy":"post_tag","embeddable":true,"href":"https:\/\/e-cristians.cat\/es\/wp-json\/wp\/v2\/tags?post=38698"}],"curies":[{"name":"wp","href":"https:\/\/api.w.org\/{rel}","templated":true}]}}