{"id":38842,"date":"2022-01-24T15:28:36","date_gmt":"2022-01-24T14:28:36","guid":{"rendered":"https:\/\/e-cristians.cat\/?p=38842"},"modified":"2022-01-24T15:42:48","modified_gmt":"2022-01-24T14:42:48","slug":"ii-asamblea-virtual-de-forumlibertas-participa-en-la-construccion-de-la-alternativa-cultural-cristiana","status":"publish","type":"post","link":"https:\/\/e-cristians.cat\/es\/ii-asamblea-virtual-de-forumlibertas-participa-en-la-construccion-de-la-alternativa-cultural-cristiana\/","title":{"rendered":"II Asamblea virtual de ForumLibertas: participa en la construcci\u00f3n de la alternativa cultural cristiana"},"content":{"rendered":"<p>Tras el \u00e9xito de la\u00a0<a href=\"https:\/\/www.forumlibertas.com\/forumlibertas\/\" target=\"_blank\" rel=\"noopener\">I Asamblea de ForumLibertas<\/a> como herramienta para construir la alternativa cultural cristiana, el peri\u00f3dico digital ha convocado la <strong>II Asamblea virtual de ForumLibertas<\/strong>. Todos los que lo deseen pueden <a href=\"https:\/\/www.forumlibertas.com\/alternativa-cultural-cristiana-3\/\" target=\"_blank\" rel=\"noopener\"><strong>inscribirse aqu\u00ed.<\/strong><\/a><\/p>\n<p>ForumLibertas quiere contribuir, junto con sus lectores, a seguir creciendo como plataforma digital al servicio de la construcci\u00f3n en Espa\u00f1a e Hispanoam\u00e9rica de la Alternativa Cultural Cristiana.<\/p>\n<p>El encuentro virtual tendr\u00e1 lugar el <strong>pr\u00f3ximo lunes, 31 de enero a las 19h. (hora espa\u00f1ola), para finalizar como m\u00e1ximo a las 21h.<\/strong><\/p>\n<p>Los temas a tratar en esa segunda edici\u00f3n ser\u00e1n cinco. Primeramente se har\u00e1 un an\u00e1lisis de la situaci\u00f3n desde el punto de vista de la construcci\u00f3n de la alternativa cultural, \u00abcon una atenci\u00f3n especial a la legislaci\u00f3n aprobada, o en tr\u00e1mite, frontalmente contraria a la concepci\u00f3n cristiana\u00bb, seg\u00fan apunta el propio Josep Mir\u00f3 i Ard\u00e8vol, editor de ForumLibertas y presidente de e-Cristians.<\/p>\n<p>Un segundo punto a tratar ser\u00e1 la novedad de la constituci\u00f3n de\u00a0<a href=\"https:\/\/xn--neosespaa-s6a.es\/\" target=\"_blank\" rel=\"noopener\">NEOS<\/a>\u00a0como respuesta cultural especifica, y la iniciativa de encuentro europeo. Le seguir\u00e1 un tercer tema: la necesaria reflexi\u00f3n sobre la realizaci\u00f3n de un evento virtual de \u00e1mbito hispanoamericano.<\/p>\n<p>En la recta final del encuentro, en un segundo bloque,<strong>\u00a0se abordar\u00e1n \u00a0cuestiones de orden pr\u00e1ctico, centrado en la construcci\u00f3n de la comunidad de Forum Libertas Alternativa Cultural Cristiana<\/strong>: novedades (nuevo perfil de encuesta, c\u00f3mic, colaboraciones de contenidos, de redes y difusi\u00f3n en general, de suscriptores de apoyo y la participaci\u00f3n en todo ello a trav\u00e9s del Grupo de Trabajo).<\/p>\n<p>Como cierre, se abordar\u00e1n dos asuntos m\u00e1s: las Iniciativas Legislativas Populares y hay dos de concretas encima de la mesa y el diagn\u00f3stico y agenda p\u00fablica de legislaci\u00f3n y de pol\u00edticas p\u00fablicas para Espa\u00f1a, al tiempo que abrimos cap\u00edtulo en relaci\u00f3n con iniciativas semejantes en pa\u00edses hispanoamericanos.<\/p>\n<p>Un espacio de reflexi\u00f3n en valores y utilidad p\u00fablica para construir la necesaria alternativa cultural cristiana.<\/p>\n","protected":false},"excerpt":{"rendered":"<p>Tras el \u00e9xito de la\u00a0I Asamblea de ForumLibertas como herramienta para construir la alternativa cultural cristiana, el peri\u00f3dico digital ha convocado la II Asamblea virtual de ForumLibertas. Todos los que lo deseen pueden inscribirse aqu\u00ed. ForumLibertas quiere contribuir, junto con sus lectores, a seguir creciendo como plataforma digital al servicio de la construcci\u00f3n en Espa\u00f1a&#8230;<\/p>\n","protected":false},"author":2,"featured_media":38843,"comment_status":"closed","ping_status":"closed","sticky":false,"template":"","format":"standard","meta":{"_jetpack_memberships_contains_paid_content":false,"footnotes":""},"categories":[33,39],"tags":[251],"class_list":["post-38842","post","type-post","status-publish","format-standard","has-post-thumbnail","hentry","category-altres-entitats-informacions-agenda-i-documents-es","category-portada_news-es","tag-forumlibertas"],"yoast_head":"<!-- This site is optimized with the Yoast SEO plugin v20.0 - https:\/\/yoast.com\/wordpress\/plugins\/seo\/ -->\n<title>II Asamblea virtual de ForumLibertas: participa en la construcci\u00f3n de la alternativa cultural cristiana - e-Cristians<\/title>\n<meta name=\"robots\" content=\"noindex, nofollow\" \/>\n<meta property=\"og:locale\" content=\"es_ES\" \/>\n<meta property=\"og:type\" content=\"article\" \/>\n<meta property=\"og:title\" content=\"II Asamblea virtual de ForumLibertas: participa en la construcci\u00f3n de la alternativa cultural cristiana - e-Cristians\" \/>\n<meta property=\"og:description\" content=\"Tras el \u00e9xito de la\u00a0I Asamblea de ForumLibertas como herramienta para construir la alternativa cultural cristiana, el peri\u00f3dico digital ha convocado la II Asamblea virtual de ForumLibertas. Todos los que lo deseen pueden inscribirse aqu\u00ed. ForumLibertas quiere contribuir, junto con sus lectores, a seguir creciendo como plataforma digital al servicio de la construcci\u00f3n en Espa\u00f1a...\" \/>\n<meta property=\"og:url\" content=\"https:\/\/e-cristians.cat\/es\/ii-asamblea-virtual-de-forumlibertas-participa-en-la-construccion-de-la-alternativa-cultural-cristiana\/\" \/>\n<meta property=\"og:site_name\" content=\"e-Cristians\" \/>\n<meta property=\"article:published_time\" content=\"2022-01-24T14:28:36+00:00\" \/>\n<meta property=\"article:modified_time\" content=\"2022-01-24T14:42:48+00:00\" \/>\n<meta property=\"og:image\" content=\"https:\/\/e-cristians.cat\/wp-content\/uploads\/2022\/01\/Captura-5-600x337-1.png\" \/>\n\t<meta property=\"og:image:width\" content=\"600\" \/>\n\t<meta property=\"og:image:height\" content=\"337\" \/>\n\t<meta property=\"og:image:type\" content=\"image\/png\" \/>\n<meta name=\"author\" content=\"e-Cristians\" \/>\n<meta name=\"twitter:card\" content=\"summary_large_image\" \/>\n<meta name=\"twitter:label1\" content=\"Escrito por\" \/>\n\t<meta name=\"twitter:data1\" content=\"e-Cristians\" \/>\n\t<meta name=\"twitter:label2\" content=\"Tiempo de lectura\" \/>\n\t<meta name=\"twitter:data2\" content=\"2 minutos\" \/>\n<script type=\"application\/ld+json\" class=\"yoast-schema-graph\">{\"@context\":\"https:\/\/schema.org\",\"@graph\":[{\"@type\":\"WebPage\",\"@id\":\"https:\/\/e-cristians.cat\/es\/ii-asamblea-virtual-de-forumlibertas-participa-en-la-construccion-de-la-alternativa-cultural-cristiana\/\",\"url\":\"https:\/\/e-cristians.cat\/es\/ii-asamblea-virtual-de-forumlibertas-participa-en-la-construccion-de-la-alternativa-cultural-cristiana\/\",\"name\":\"II Asamblea virtual de ForumLibertas: participa en la construcci\u00f3n de la alternativa cultural cristiana - e-Cristians\",\"isPartOf\":{\"@id\":\"https:\/\/e-cristians.cat\/#website\"},\"datePublished\":\"2022-01-24T14:28:36+00:00\",\"dateModified\":\"2022-01-24T14:42:48+00:00\",\"author\":{\"@id\":\"https:\/\/e-cristians.cat\/#\/schema\/person\/f0ec475338e49aaef9c9dc9d9f162861\"},\"breadcrumb\":{\"@id\":\"https:\/\/e-cristians.cat\/es\/ii-asamblea-virtual-de-forumlibertas-participa-en-la-construccion-de-la-alternativa-cultural-cristiana\/#breadcrumb\"},\"inLanguage\":\"es\",\"potentialAction\":[{\"@type\":\"ReadAction\",\"target\":[\"https:\/\/e-cristians.cat\/es\/ii-asamblea-virtual-de-forumlibertas-participa-en-la-construccion-de-la-alternativa-cultural-cristiana\/\"]}]},{\"@type\":\"BreadcrumbList\",\"@id\":\"https:\/\/e-cristians.cat\/es\/ii-asamblea-virtual-de-forumlibertas-participa-en-la-construccion-de-la-alternativa-cultural-cristiana\/#breadcrumb\",\"itemListElement\":[{\"@type\":\"ListItem\",\"position\":1,\"name\":\"Inici\",\"item\":\"https:\/\/e-cristians.cat\/es\/\"},{\"@type\":\"ListItem\",\"position\":2,\"name\":\"II Asamblea virtual de ForumLibertas: participa en la construcci\u00f3n de la alternativa cultural cristiana\"}]},{\"@type\":\"WebSite\",\"@id\":\"https:\/\/e-cristians.cat\/#website\",\"url\":\"https:\/\/e-cristians.cat\/\",\"name\":\"e-Cristians\",\"description\":\"\",\"potentialAction\":[{\"@type\":\"SearchAction\",\"target\":{\"@type\":\"EntryPoint\",\"urlTemplate\":\"https:\/\/e-cristians.cat\/?s={search_term_string}\"},\"query-input\":\"required name=search_term_string\"}],\"inLanguage\":\"es\"},{\"@type\":\"Person\",\"@id\":\"https:\/\/e-cristians.cat\/#\/schema\/person\/f0ec475338e49aaef9c9dc9d9f162861\",\"name\":\"e-Cristians\",\"image\":{\"@type\":\"ImageObject\",\"inLanguage\":\"es\",\"@id\":\"https:\/\/e-cristians.cat\/#\/schema\/person\/image\/\",\"url\":\"https:\/\/secure.gravatar.com\/avatar\/14bc9e5b0ca69070f1075ad3efcb33c4?s=96&d=mm&r=g\",\"contentUrl\":\"https:\/\/secure.gravatar.com\/avatar\/14bc9e5b0ca69070f1075ad3efcb33c4?s=96&d=mm&r=g\",\"caption\":\"e-Cristians\"}}]}<\/script>\n<!-- \/ Yoast SEO plugin. -->","yoast_head_json":{"title":"II Asamblea virtual de ForumLibertas: participa en la construcci\u00f3n de la alternativa cultural cristiana - e-Cristians","robots":{"index":"noindex","follow":"nofollow"},"og_locale":"es_ES","og_type":"article","og_title":"II Asamblea virtual de ForumLibertas: participa en la construcci\u00f3n de la alternativa cultural cristiana - e-Cristians","og_description":"Tras el \u00e9xito de la\u00a0I Asamblea de ForumLibertas como herramienta para construir la alternativa cultural cristiana, el peri\u00f3dico digital ha convocado la II Asamblea virtual de ForumLibertas. Todos los que lo deseen pueden inscribirse aqu\u00ed. ForumLibertas quiere contribuir, junto con sus lectores, a seguir creciendo como plataforma digital al servicio de la construcci\u00f3n en Espa\u00f1a...","og_url":"https:\/\/e-cristians.cat\/es\/ii-asamblea-virtual-de-forumlibertas-participa-en-la-construccion-de-la-alternativa-cultural-cristiana\/","og_site_name":"e-Cristians","article_published_time":"2022-01-24T14:28:36+00:00","article_modified_time":"2022-01-24T14:42:48+00:00","og_image":[{"width":600,"height":337,"url":"https:\/\/e-cristians.cat\/wp-content\/uploads\/2022\/01\/Captura-5-600x337-1.png","type":"image\/png"}],"author":"e-Cristians","twitter_card":"summary_large_image","twitter_misc":{"Escrito por":"e-Cristians","Tiempo de lectura":"2 minutos"},"schema":{"@context":"https:\/\/schema.org","@graph":[{"@type":"WebPage","@id":"https:\/\/e-cristians.cat\/es\/ii-asamblea-virtual-de-forumlibertas-participa-en-la-construccion-de-la-alternativa-cultural-cristiana\/","url":"https:\/\/e-cristians.cat\/es\/ii-asamblea-virtual-de-forumlibertas-participa-en-la-construccion-de-la-alternativa-cultural-cristiana\/","name":"II Asamblea virtual de ForumLibertas: participa en la construcci\u00f3n de la alternativa cultural cristiana - e-Cristians","isPartOf":{"@id":"https:\/\/e-cristians.cat\/#website"},"datePublished":"2022-01-24T14:28:36+00:00","dateModified":"2022-01-24T14:42:48+00:00","author":{"@id":"https:\/\/e-cristians.cat\/#\/schema\/person\/f0ec475338e49aaef9c9dc9d9f162861"},"breadcrumb":{"@id":"https:\/\/e-cristians.cat\/es\/ii-asamblea-virtual-de-forumlibertas-participa-en-la-construccion-de-la-alternativa-cultural-cristiana\/#breadcrumb"},"inLanguage":"es","potentialAction":[{"@type":"ReadAction","target":["https:\/\/e-cristians.cat\/es\/ii-asamblea-virtual-de-forumlibertas-participa-en-la-construccion-de-la-alternativa-cultural-cristiana\/"]}]},{"@type":"BreadcrumbList","@id":"https:\/\/e-cristians.cat\/es\/ii-asamblea-virtual-de-forumlibertas-participa-en-la-construccion-de-la-alternativa-cultural-cristiana\/#breadcrumb","itemListElement":[{"@type":"ListItem","position":1,"name":"Inici","item":"https:\/\/e-cristians.cat\/es\/"},{"@type":"ListItem","position":2,"name":"II Asamblea virtual de ForumLibertas: participa en la construcci\u00f3n de la alternativa cultural cristiana"}]},{"@type":"WebSite","@id":"https:\/\/e-cristians.cat\/#website","url":"https:\/\/e-cristians.cat\/","name":"e-Cristians","description":"","potentialAction":[{"@type":"SearchAction","target":{"@type":"EntryPoint","urlTemplate":"https:\/\/e-cristians.cat\/?s={search_term_string}"},"query-input":"required name=search_term_string"}],"inLanguage":"es"},{"@type":"Person","@id":"https:\/\/e-cristians.cat\/#\/schema\/person\/f0ec475338e49aaef9c9dc9d9f162861","name":"e-Cristians","image":{"@type":"ImageObject","inLanguage":"es","@id":"https:\/\/e-cristians.cat\/#\/schema\/person\/image\/","url":"https:\/\/secure.gravatar.com\/avatar\/14bc9e5b0ca69070f1075ad3efcb33c4?s=96&d=mm&r=g","contentUrl":"https:\/\/secure.gravatar.com\/avatar\/14bc9e5b0ca69070f1075ad3efcb33c4?s=96&d=mm&r=g","caption":"e-Cristians"}}]}},"jetpack_sharing_enabled":true,"jetpack_featured_media_url":"https:\/\/e-cristians.cat\/wp-content\/uploads\/2022\/01\/Captura-5-600x337-1.png","_links":{"self":[{"href":"https:\/\/e-cristians.cat\/es\/wp-json\/wp\/v2\/posts\/38842"}],"collection":[{"href":"https:\/\/e-cristians.cat\/es\/wp-json\/wp\/v2\/posts"}],"about":[{"href":"https:\/\/e-cristians.cat\/es\/wp-json\/wp\/v2\/types\/post"}],"author":[{"embeddable":true,"href":"https:\/\/e-cristians.cat\/es\/wp-json\/wp\/v2\/users\/2"}],"replies":[{"embeddable":true,"href":"https:\/\/e-cristians.cat\/es\/wp-json\/wp\/v2\/comments?post=38842"}],"version-history":[{"count":7,"href":"https:\/\/e-cristians.cat\/es\/wp-json\/wp\/v2\/posts\/38842\/revisions"}],"predecessor-version":[{"id":38853,"href":"https:\/\/e-cristians.cat\/es\/wp-json\/wp\/v2\/posts\/38842\/revisions\/38853"}],"wp:featuredmedia":[{"embeddable":true,"href":"https:\/\/e-cristians.cat\/es\/wp-json\/wp\/v2\/media\/38843"}],"wp:attachment":[{"href":"https:\/\/e-cristians.cat\/es\/wp-json\/wp\/v2\/media?parent=38842"}],"wp:term":[{"taxonomy":"category","embeddable":true,"href":"https:\/\/e-cristians.cat\/es\/wp-json\/wp\/v2\/categories?post=38842"},{"taxonomy":"post_tag","embeddable":true,"href":"https:\/\/e-cristians.cat\/es\/wp-json\/wp\/v2\/tags?post=38842"}],"curies":[{"name":"wp","href":"https:\/\/api.w.org\/{rel}","templated":true}]}}