{"id":38994,"date":"2022-01-26T13:43:04","date_gmt":"2022-01-26T12:43:04","guid":{"rendered":"https:\/\/e-cristians.cat\/?p=38994"},"modified":"2022-01-26T14:01:53","modified_gmt":"2022-01-26T13:01:53","slug":"el-verdadero-manual-de-resistencia-contra-la-cultura-de-la-cancelacion","status":"publish","type":"post","link":"https:\/\/e-cristians.cat\/es\/el-verdadero-manual-de-resistencia-contra-la-cultura-de-la-cancelacion\/","title":{"rendered":"El verdadero manual de resistencia contra la cultura de la cancelaci\u00f3n"},"content":{"rendered":"<p>\u00bfC\u00f3mo hacer frente a la cultura de la cancelaci\u00f3n?\u00a0<strong>El nuevo libro digital y gratuito de Jordi Soley propone un aut\u00e9ntico manual de resistencia contra esa deriva ideol\u00f3gica totalitaria<\/strong>.<\/p>\n<p>Soley se suma a la campa\u00f1a\u00a0<a href=\"https:\/\/www.forumlibertas.com\/aborto-acdp\/\" target=\"_blank\" rel=\"noopener\">Cancelados<\/a>\u00a0de la ACdP para hacer su contribuci\u00f3n con este libro que se ofrece de manera gratuita\u00a0<a href=\"https:\/\/cancelados.es\/#libro\" target=\"_blank\" rel=\"noopener\">a trav\u00e9s de la web de la iniciativa<\/a> y que se titula <em>Manual para comprender y resistir a la cultura de la cancelaci\u00f3n<\/em>.<\/p>\n<p>\u00abQue el mundo est\u00e1 que da pena no lo duda nadie. Y aunque a veces nos da risa, hay que tom\u00e1rselo en serio\u00bb, afirma Cancelados y confiesan que por eso \u00abhemos escrito este libro\u00bb. \u00abPara que te r\u00edas y pienses\u00bb y explica que la situaci\u00f3n a la que ha llegado la sociedad \u00ab<strong>no ha sido por generaci\u00f3n espont\u00e1nea y Jorge Soley te lo cuenta en un libro delicioso que te arrancar\u00e1 muchas sonrisas y tambi\u00e9n te har\u00e1 comprender el mundo algo mejor\u00bb<\/strong>.<\/p>\n<div class=\"code-block code-block-4\">\n<div class=\"a-single a-7\">Soley es economista y escribe regularmente en diferentes medios. Es patrono de la Fundaci\u00f3n Pro Vida de Catalu\u00f1a, miembro de la Comisi\u00f3n Ejecutiva de e-Cristians y ha sido presidente de European Dignity Watch y fundador del Center for European Renewal. Ha publicado el libro <em>La historia de los Estados Unidos como jam\u00e1s te la hab\u00edan contado<\/em>.<\/div>\n<div><\/div>\n<div><\/div>\n<div class=\"a-single a-7\">El Papa Francisco critic\u00f3 el 10 de enero la llamada \u00abcultura de la cancelaci\u00f3n\u00bb que, seg\u00fan dijo en su <a href=\"https:\/\/www.forumlibertas.com\/cuerpo-diplomatico\/\" target=\"_blank\" rel=\"noopener\">discurso de inicio a\u00f1o al cuerpo diplom\u00e1tico<\/a>, \u00ab<strong>invade muchos \u00e1mbitos e instituciones p\u00fablicas\u00bb y obliga a \u00abrenegar\u00bb o \u00abrescribir la Historia\u00bb.<\/strong><\/div>\n<div><\/div>\n<\/div>\n<p>Francisco introdujo por primera vez en sus discursos el tema de la denominada \u00abcultura de la cancelaci\u00f3n\u00bb al hablar de que muchas agendas \u00abcada vez est\u00e1n m\u00e1s dictadas por un pensamiento que reniega los fundamentos naturales de la humanidad y las ra\u00edces culturales que constituyen la identidad de muchos pueblos\u00bb.<\/p>\n<div class=\"code-block code-block-5\">\n<div class=\"a-single a-7\">Y entonces lament\u00f3 que se extienda \u00abla cultura de la cancelaci\u00f3n, que invade muchos \u00e1mbitos e instituciones p\u00fablicas\u00bb y que \u00aben nombre de la protecci\u00f3n de las diversidades, termina por borrar el sentido de cada identidad, <strong>con el riesgo de acallar las posiciones que defienden una idea respetuosa y equilibrada de las diferentes sensibilidades\u00bb<\/strong>.<\/div>\n<div><\/div>\n<div><\/div>\n<div class=\"a-single a-7\">Advirti\u00f3 de lo que, a su parecer, es la elaboraci\u00f3n \u00abde un pensamiento \u00fanico obligado a renegar la historia o, peor a\u00fan, a reescribirla en base a categor\u00edas contempor\u00e1neas, mientras que toda situaci\u00f3n hist\u00f3rica debe interpretarse seg\u00fan la hermen\u00e9utica de la \u00e9poca\u00bb.<\/div>\n<\/div>\n<div><\/div>\n<p>La cultura de la cancelaci\u00f3n se ha cobrado sus v\u00edctimas. Recientemente\u00a0<a href=\"https:\/\/www.religionenlibertad.com\/personajes\/887226239\/alegato-jordan-peterson-dimision-tirania-woke-universidad.html\" target=\"_blank\" rel=\"noopener\">Religi\u00f3n en Libertad<\/a>\u00a0informaba de que\u00a0<b>Jordan Peterson<\/b>\u00a0ha dimitido como profesor numerario de Psicolog\u00eda en la Universidad de Toronto. A partir de ahora, sin haber cumplido a\u00fan los sesenta, ser\u00e1 profesor\u00a0<b>em\u00e9rito<\/b>, algo muy distinto a lo que \u00e9l esperaba para sus \u00faltimos a\u00f1os de docencia: \u00abEnse\u00f1ar e investigar a tiempo completo hasta que tuvieran que sacar mi esqueleto del despacho. <b>Amaba mi trabajo\u00bb<\/b>.<\/p>\n<p>Las razones de esta decisi\u00f3n las ha explicado \u00e9l mismo en un art\u00edculo en el\u00a0<a href=\"https:\/\/nationalpost.com\/opinion\/jordan-peterson-why-i-am-no-longer-a-tenured-professor-at-the-university-of-toronto?utm_source=newsletter&amp;utm_medium=email&amp;utm_campaign=catholic_news_benedict_xvi_cardinal_marx_faulted_in_munich_abuse_report_for_mishandling_cases&amp;utm_term=2022-01-20\" target=\"_blank\" rel=\"nofollow noopener\"><em>National Post<\/em><\/a>, una contundente denuncia de la sumisi\u00f3n administrativa del \u00e1mbito acad\u00e9mico a la\u00a0<a href=\"https:\/\/www.religionenlibertad.com\/secciones\/1\/287\/tag\/woke.html\" target=\"_blank\" rel=\"noopener\">ideolog\u00eda\u00a0<em>woke<\/em><\/a>, la cultura de la cancelaci\u00f3n y la correcci\u00f3n pol\u00edtica: \u00ab<b>La Diversidad, la Inclusividad y la Igualdad -la Trinidad de la izquierda radical- nos est\u00e1n destruyendo<\/b>\u2026 Ya basta. Basta. Basta\u00bb.<\/p>\n<p>Basta de la cultura de la cancelaci\u00f3n que desplaza el talento de personas que no piensan en\u00a0<em>mainstream<\/em>.<\/p>\n","protected":false},"excerpt":{"rendered":"<p>\u00bfC\u00f3mo hacer frente a la cultura de la cancelaci\u00f3n?\u00a0El nuevo libro digital y gratuito de Jordi Soley propone un aut\u00e9ntico manual de resistencia contra esa deriva ideol\u00f3gica totalitaria. Soley se suma a la campa\u00f1a\u00a0Cancelados\u00a0de la ACdP para hacer su contribuci\u00f3n con este libro que se ofrece de manera gratuita\u00a0a trav\u00e9s de la web de la&#8230;<\/p>\n","protected":false},"author":2,"featured_media":38995,"comment_status":"closed","ping_status":"closed","sticky":false,"template":"","format":"standard","meta":{"_jetpack_memberships_contains_paid_content":false,"footnotes":""},"categories":[33,39],"tags":[],"class_list":["post-38994","post","type-post","status-publish","format-standard","has-post-thumbnail","hentry","category-altres-entitats-informacions-agenda-i-documents-es","category-portada_news-es"],"yoast_head":"<!-- This site is optimized with the Yoast SEO plugin v20.0 - https:\/\/yoast.com\/wordpress\/plugins\/seo\/ -->\n<title>El verdadero manual de resistencia contra la cultura de la cancelaci\u00f3n - e-Cristians<\/title>\n<meta name=\"robots\" content=\"noindex, nofollow\" \/>\n<meta property=\"og:locale\" content=\"es_ES\" \/>\n<meta property=\"og:type\" content=\"article\" \/>\n<meta property=\"og:title\" content=\"El verdadero manual de resistencia contra la cultura de la cancelaci\u00f3n - e-Cristians\" \/>\n<meta property=\"og:description\" content=\"\u00bfC\u00f3mo hacer frente a la cultura de la cancelaci\u00f3n?\u00a0El nuevo libro digital y gratuito de Jordi Soley propone un aut\u00e9ntico manual de resistencia contra esa deriva ideol\u00f3gica totalitaria. Soley se suma a la campa\u00f1a\u00a0Cancelados\u00a0de la ACdP para hacer su contribuci\u00f3n con este libro que se ofrece de manera gratuita\u00a0a trav\u00e9s de la web de la...\" \/>\n<meta property=\"og:url\" content=\"https:\/\/e-cristians.cat\/es\/el-verdadero-manual-de-resistencia-contra-la-cultura-de-la-cancelacion\/\" \/>\n<meta property=\"og:site_name\" content=\"e-Cristians\" \/>\n<meta property=\"article:published_time\" content=\"2022-01-26T12:43:04+00:00\" \/>\n<meta property=\"article:modified_time\" content=\"2022-01-26T13:01:53+00:00\" \/>\n<meta property=\"og:image\" content=\"https:\/\/e-cristians.cat\/wp-content\/uploads\/2022\/01\/Captura-6.png\" \/>\n\t<meta property=\"og:image:width\" content=\"399\" \/>\n\t<meta property=\"og:image:height\" content=\"272\" \/>\n\t<meta property=\"og:image:type\" content=\"image\/png\" \/>\n<meta name=\"author\" content=\"e-Cristians\" \/>\n<meta name=\"twitter:card\" content=\"summary_large_image\" \/>\n<meta name=\"twitter:label1\" content=\"Escrito por\" \/>\n\t<meta name=\"twitter:data1\" content=\"e-Cristians\" \/>\n\t<meta name=\"twitter:label2\" content=\"Tiempo de lectura\" \/>\n\t<meta name=\"twitter:data2\" content=\"4 minutos\" \/>\n<script type=\"application\/ld+json\" class=\"yoast-schema-graph\">{\"@context\":\"https:\/\/schema.org\",\"@graph\":[{\"@type\":\"WebPage\",\"@id\":\"https:\/\/e-cristians.cat\/es\/el-verdadero-manual-de-resistencia-contra-la-cultura-de-la-cancelacion\/\",\"url\":\"https:\/\/e-cristians.cat\/es\/el-verdadero-manual-de-resistencia-contra-la-cultura-de-la-cancelacion\/\",\"name\":\"El verdadero manual de resistencia contra la cultura de la cancelaci\u00f3n - e-Cristians\",\"isPartOf\":{\"@id\":\"https:\/\/e-cristians.cat\/#website\"},\"datePublished\":\"2022-01-26T12:43:04+00:00\",\"dateModified\":\"2022-01-26T13:01:53+00:00\",\"author\":{\"@id\":\"https:\/\/e-cristians.cat\/#\/schema\/person\/f0ec475338e49aaef9c9dc9d9f162861\"},\"breadcrumb\":{\"@id\":\"https:\/\/e-cristians.cat\/es\/el-verdadero-manual-de-resistencia-contra-la-cultura-de-la-cancelacion\/#breadcrumb\"},\"inLanguage\":\"es\",\"potentialAction\":[{\"@type\":\"ReadAction\",\"target\":[\"https:\/\/e-cristians.cat\/es\/el-verdadero-manual-de-resistencia-contra-la-cultura-de-la-cancelacion\/\"]}]},{\"@type\":\"BreadcrumbList\",\"@id\":\"https:\/\/e-cristians.cat\/es\/el-verdadero-manual-de-resistencia-contra-la-cultura-de-la-cancelacion\/#breadcrumb\",\"itemListElement\":[{\"@type\":\"ListItem\",\"position\":1,\"name\":\"Inici\",\"item\":\"https:\/\/e-cristians.cat\/es\/\"},{\"@type\":\"ListItem\",\"position\":2,\"name\":\"El verdadero manual de resistencia contra la cultura de la cancelaci\u00f3n\"}]},{\"@type\":\"WebSite\",\"@id\":\"https:\/\/e-cristians.cat\/#website\",\"url\":\"https:\/\/e-cristians.cat\/\",\"name\":\"e-Cristians\",\"description\":\"\",\"potentialAction\":[{\"@type\":\"SearchAction\",\"target\":{\"@type\":\"EntryPoint\",\"urlTemplate\":\"https:\/\/e-cristians.cat\/?s={search_term_string}\"},\"query-input\":\"required name=search_term_string\"}],\"inLanguage\":\"es\"},{\"@type\":\"Person\",\"@id\":\"https:\/\/e-cristians.cat\/#\/schema\/person\/f0ec475338e49aaef9c9dc9d9f162861\",\"name\":\"e-Cristians\",\"image\":{\"@type\":\"ImageObject\",\"inLanguage\":\"es\",\"@id\":\"https:\/\/e-cristians.cat\/#\/schema\/person\/image\/\",\"url\":\"https:\/\/secure.gravatar.com\/avatar\/14bc9e5b0ca69070f1075ad3efcb33c4?s=96&d=mm&r=g\",\"contentUrl\":\"https:\/\/secure.gravatar.com\/avatar\/14bc9e5b0ca69070f1075ad3efcb33c4?s=96&d=mm&r=g\",\"caption\":\"e-Cristians\"}}]}<\/script>\n<!-- \/ Yoast SEO plugin. -->","yoast_head_json":{"title":"El verdadero manual de resistencia contra la cultura de la cancelaci\u00f3n - e-Cristians","robots":{"index":"noindex","follow":"nofollow"},"og_locale":"es_ES","og_type":"article","og_title":"El verdadero manual de resistencia contra la cultura de la cancelaci\u00f3n - e-Cristians","og_description":"\u00bfC\u00f3mo hacer frente a la cultura de la cancelaci\u00f3n?\u00a0El nuevo libro digital y gratuito de Jordi Soley propone un aut\u00e9ntico manual de resistencia contra esa deriva ideol\u00f3gica totalitaria. Soley se suma a la campa\u00f1a\u00a0Cancelados\u00a0de la ACdP para hacer su contribuci\u00f3n con este libro que se ofrece de manera gratuita\u00a0a trav\u00e9s de la web de la...","og_url":"https:\/\/e-cristians.cat\/es\/el-verdadero-manual-de-resistencia-contra-la-cultura-de-la-cancelacion\/","og_site_name":"e-Cristians","article_published_time":"2022-01-26T12:43:04+00:00","article_modified_time":"2022-01-26T13:01:53+00:00","og_image":[{"width":399,"height":272,"url":"https:\/\/e-cristians.cat\/wp-content\/uploads\/2022\/01\/Captura-6.png","type":"image\/png"}],"author":"e-Cristians","twitter_card":"summary_large_image","twitter_misc":{"Escrito por":"e-Cristians","Tiempo de lectura":"4 minutos"},"schema":{"@context":"https:\/\/schema.org","@graph":[{"@type":"WebPage","@id":"https:\/\/e-cristians.cat\/es\/el-verdadero-manual-de-resistencia-contra-la-cultura-de-la-cancelacion\/","url":"https:\/\/e-cristians.cat\/es\/el-verdadero-manual-de-resistencia-contra-la-cultura-de-la-cancelacion\/","name":"El verdadero manual de resistencia contra la cultura de la cancelaci\u00f3n - e-Cristians","isPartOf":{"@id":"https:\/\/e-cristians.cat\/#website"},"datePublished":"2022-01-26T12:43:04+00:00","dateModified":"2022-01-26T13:01:53+00:00","author":{"@id":"https:\/\/e-cristians.cat\/#\/schema\/person\/f0ec475338e49aaef9c9dc9d9f162861"},"breadcrumb":{"@id":"https:\/\/e-cristians.cat\/es\/el-verdadero-manual-de-resistencia-contra-la-cultura-de-la-cancelacion\/#breadcrumb"},"inLanguage":"es","potentialAction":[{"@type":"ReadAction","target":["https:\/\/e-cristians.cat\/es\/el-verdadero-manual-de-resistencia-contra-la-cultura-de-la-cancelacion\/"]}]},{"@type":"BreadcrumbList","@id":"https:\/\/e-cristians.cat\/es\/el-verdadero-manual-de-resistencia-contra-la-cultura-de-la-cancelacion\/#breadcrumb","itemListElement":[{"@type":"ListItem","position":1,"name":"Inici","item":"https:\/\/e-cristians.cat\/es\/"},{"@type":"ListItem","position":2,"name":"El verdadero manual de resistencia contra la cultura de la cancelaci\u00f3n"}]},{"@type":"WebSite","@id":"https:\/\/e-cristians.cat\/#website","url":"https:\/\/e-cristians.cat\/","name":"e-Cristians","description":"","potentialAction":[{"@type":"SearchAction","target":{"@type":"EntryPoint","urlTemplate":"https:\/\/e-cristians.cat\/?s={search_term_string}"},"query-input":"required name=search_term_string"}],"inLanguage":"es"},{"@type":"Person","@id":"https:\/\/e-cristians.cat\/#\/schema\/person\/f0ec475338e49aaef9c9dc9d9f162861","name":"e-Cristians","image":{"@type":"ImageObject","inLanguage":"es","@id":"https:\/\/e-cristians.cat\/#\/schema\/person\/image\/","url":"https:\/\/secure.gravatar.com\/avatar\/14bc9e5b0ca69070f1075ad3efcb33c4?s=96&d=mm&r=g","contentUrl":"https:\/\/secure.gravatar.com\/avatar\/14bc9e5b0ca69070f1075ad3efcb33c4?s=96&d=mm&r=g","caption":"e-Cristians"}}]}},"jetpack_sharing_enabled":true,"jetpack_featured_media_url":"https:\/\/e-cristians.cat\/wp-content\/uploads\/2022\/01\/Captura-6.png","_links":{"self":[{"href":"https:\/\/e-cristians.cat\/es\/wp-json\/wp\/v2\/posts\/38994"}],"collection":[{"href":"https:\/\/e-cristians.cat\/es\/wp-json\/wp\/v2\/posts"}],"about":[{"href":"https:\/\/e-cristians.cat\/es\/wp-json\/wp\/v2\/types\/post"}],"author":[{"embeddable":true,"href":"https:\/\/e-cristians.cat\/es\/wp-json\/wp\/v2\/users\/2"}],"replies":[{"embeddable":true,"href":"https:\/\/e-cristians.cat\/es\/wp-json\/wp\/v2\/comments?post=38994"}],"version-history":[{"count":7,"href":"https:\/\/e-cristians.cat\/es\/wp-json\/wp\/v2\/posts\/38994\/revisions"}],"predecessor-version":[{"id":38998,"href":"https:\/\/e-cristians.cat\/es\/wp-json\/wp\/v2\/posts\/38994\/revisions\/38998"}],"wp:featuredmedia":[{"embeddable":true,"href":"https:\/\/e-cristians.cat\/es\/wp-json\/wp\/v2\/media\/38995"}],"wp:attachment":[{"href":"https:\/\/e-cristians.cat\/es\/wp-json\/wp\/v2\/media?parent=38994"}],"wp:term":[{"taxonomy":"category","embeddable":true,"href":"https:\/\/e-cristians.cat\/es\/wp-json\/wp\/v2\/categories?post=38994"},{"taxonomy":"post_tag","embeddable":true,"href":"https:\/\/e-cristians.cat\/es\/wp-json\/wp\/v2\/tags?post=38994"}],"curies":[{"name":"wp","href":"https:\/\/api.w.org\/{rel}","templated":true}]}}