{"id":39583,"date":"2022-02-03T16:59:59","date_gmt":"2022-02-03T15:59:59","guid":{"rendered":"https:\/\/e-cristians.cat\/?p=39583"},"modified":"2022-02-07T16:33:08","modified_gmt":"2022-02-07T15:33:08","slug":"la-reforma-del-codigo-penal-llega-al-congreso-la-asamblea-de-asociaciones-por-la-vida-la-libertad-y-la-dignidad-protesta","status":"publish","type":"post","link":"https:\/\/e-cristians.cat\/es\/la-reforma-del-codigo-penal-llega-al-congreso-la-asamblea-de-asociaciones-por-la-vida-la-libertad-y-la-dignidad-protesta\/","title":{"rendered":"La reforma del C\u00f3digo Penal llega al Congreso, la Asamblea de Asociaciones por la Vida, la Libertad y la Dignidad, protesta"},"content":{"rendered":"<p class=\"paragraph\">El 3 de febrero empieza en el Congreso el tr\u00e1mite de aprobaci\u00f3n de la <a href=\"https:\/\/www.congreso.es\/public_oficiales\/L14\/CONG\/BOCG\/B\/BOCG-14-B-167-5.PDF#page=1\" target=\"_blank\" rel=\"noopener\">propuesta<\/a>\u00a0de reforma del C\u00f3digo Penal que\u00a0<strong>castigar\u00e1 con penas de c\u00e1rcel de entre tres meses y un a\u00f1o a las personas provida que acuden a las inmediaciones de las cl\u00ednicas abortivas para ayudar a las madres o para rezar.<\/strong><\/p>\n<p class=\"paragraph\">Es por eso, y para hacer llegar su disconformidad, que varias de las organizaciones que integran la\u00a0<a href=\"https:\/\/asambleaxlavida.org\/\" target=\"_blank\" rel=\"noopener\">Asamblea de Asociaciones por la Vida, la Libertad y la Dignidad<\/a>, van a estar presentes en el Senado como protesta.<\/p>\n<p>La iniciativa manifestar\u00e1 su oposici\u00f3n absoluta a la modificaci\u00f3n de la Ley Org\u00e1nica 10\/1995, de 23 de noviembre, del C\u00f3digo Penal, para penalizar el acoso en las mujeres que acuden a cl\u00ednicas para la interrupci\u00f3n voluntaria del embarazo, a trav\u00e9s de la que se plantea una grave restricci\u00f3n de las libertades y derechos fundamentales de todos los espa\u00f1oles.<\/p>\n<p>La estructura del acto empezar\u00e1 en la Sala Clara Campoamor del Senado de Espa\u00f1a con la bienvenida a las organizaciones civiles a cargo de los Grupos que participen (estar\u00e1n PP y Vox y UPN, que tiene un solo senador).<\/p>\n<p>Posteriormente habr\u00e1 una presentaci\u00f3n por parte de representante de la Asamblea por la Vida y Neos y las dem\u00e1s organizaciones que las integran a cargo de Mar\u00eda San Gil y de Jaime Mayor Oreja. Por parte de e-Cristians, impulsora de la Asamblea de Asociaciones, participar\u00e1 en el acto el miembro de la Comisi\u00f3n Ejecutiva, Pablo Gin\u00e9s.<\/p>\n<p>Posteriormente\u00a0<strong>explicar\u00e1n las acciones de los rescatadores Marta Velarde Mayol, de M\u00e1s Futuro y Rescatadores San Juan Pablo II<\/strong>. Acto seguido participar\u00e1 la Escuela de Rescatadores a cargo de Jes\u00fas Poveda.<\/p>\n<p>Finalmente, tras algunos testimonios habr\u00e1 una rueda de prensa con los todos los participantes en el Sal\u00f3n de los Pasos Perdidos.<\/p>\n<p>El a\u00f1adido de \u00faltima hora es fruto de una enmienda que present\u00f3 el PNV a la proposici\u00f3n de ley org\u00e1nica primigenia del PSOE, partido del que parti\u00f3 a mediados de a\u00f1o la iniciativa para introducir este tipo penal exprofeso contra los provida. Enmienda que los socialistas han aceptado.<\/p>\n<p>Los nacionalistas vascos argumentan que la persecuci\u00f3n penal debe ser de oficio, y no como delitos privados, porque \u00aben esto las mujeres tambi\u00e9n precisan acompa\u00f1amiento institucional\u00bb. Y a\u00f1aden que, de requerirse denuncia, \u00abmuchos delitos quedar\u00edan impunes porque ante todo las mujeres quieren preservar su intimidad\u00bb.<\/p>\n<p>De esta manera, y siguiendo el protocolo de la violencia de g\u00e9nero, bastar\u00e1 con que cualquier persona que afirme estar presenciando un delito a las puertas de una cl\u00ednica abortiva llame a la Polic\u00eda. Los agentes se personar\u00e1n y elaborar\u00e1n un escrito que remitir\u00e1n al juez (no hay detenciones salvo en los casos de violencia). El juez, a su vez, citar\u00e1 a las partes a un juicio sobre delitos leves.<\/p>\n<p>Hay una segunda homologaci\u00f3n con los casos de violencia de g\u00e9nero. El apartado 3 del nuevo art\u00edculo 172 quater del C\u00f3digo Penal abre la puerta a dictaminar \u00f3rdenes de alejamiento: \u00ab<strong>Atendidas la gravedad, las circunstancias personales del autor y las concurrentes en la realizaci\u00f3n del hecho, el tribunal podr\u00e1 imponer, adem\u00e1s, la prohibici\u00f3n de acudir a determinados lugares por tiempo de seis meses a tres a\u00f1os<\/strong>\u00bb.<\/p>\n","protected":false},"excerpt":{"rendered":"<p>El 3 de febrero empieza en el Congreso el tr\u00e1mite de aprobaci\u00f3n de la propuesta\u00a0de reforma del C\u00f3digo Penal que\u00a0castigar\u00e1 con penas de c\u00e1rcel de entre tres meses y un a\u00f1o a las personas provida que acuden a las inmediaciones de las cl\u00ednicas abortivas para ayudar a las madres o para rezar. Es por eso,&#8230;<\/p>\n","protected":false},"author":2,"featured_media":39588,"comment_status":"closed","ping_status":"closed","sticky":false,"template":"","format":"standard","meta":{"_jetpack_memberships_contains_paid_content":false,"footnotes":""},"categories":[26],"tags":[],"class_list":["post-39583","post","type-post","status-publish","format-standard","has-post-thumbnail","hentry","category-avortament-es"],"yoast_head":"<!-- This site is optimized with the Yoast SEO plugin v20.0 - https:\/\/yoast.com\/wordpress\/plugins\/seo\/ -->\n<title>La reforma del C\u00f3digo Penal llega al Congreso, la Asamblea de Asociaciones por la Vida, la Libertad y la Dignidad, protesta - e-Cristians<\/title>\n<meta name=\"description\" content=\"El 3 de febrero empieza en el Congreso el tr\u00e1mite de aprobaci\u00f3n de la propuesta\u00a0de reforma del C\u00f3digo Penal que\u00a0castigar\u00e1 con penas\" \/>\n<meta name=\"robots\" content=\"noindex, nofollow\" \/>\n<meta property=\"og:locale\" content=\"es_ES\" \/>\n<meta property=\"og:type\" content=\"article\" \/>\n<meta property=\"og:title\" content=\"La reforma del C\u00f3digo Penal llega al Congreso, la Asamblea de Asociaciones por la Vida, la Libertad y la Dignidad, protesta - e-Cristians\" \/>\n<meta property=\"og:description\" content=\"El 3 de febrero empieza en el Congreso el tr\u00e1mite de aprobaci\u00f3n de la propuesta\u00a0de reforma del C\u00f3digo Penal que\u00a0castigar\u00e1 con penas\" \/>\n<meta property=\"og:url\" content=\"https:\/\/e-cristians.cat\/es\/la-reforma-del-codigo-penal-llega-al-congreso-la-asamblea-de-asociaciones-por-la-vida-la-libertad-y-la-dignidad-protesta\/\" \/>\n<meta property=\"og:site_name\" content=\"e-Cristians\" \/>\n<meta property=\"article:published_time\" content=\"2022-02-03T15:59:59+00:00\" \/>\n<meta property=\"article:modified_time\" content=\"2022-02-07T15:33:08+00:00\" \/>\n<meta property=\"og:image\" content=\"https:\/\/e-cristians.cat\/wp-content\/uploads\/2022\/02\/58-600x337-1.jpg\" \/>\n\t<meta property=\"og:image:width\" content=\"600\" \/>\n\t<meta property=\"og:image:height\" content=\"337\" \/>\n\t<meta property=\"og:image:type\" content=\"image\/jpeg\" \/>\n<meta name=\"author\" content=\"e-Cristians\" \/>\n<meta name=\"twitter:card\" content=\"summary_large_image\" \/>\n<meta name=\"twitter:label1\" content=\"Escrito por\" \/>\n\t<meta name=\"twitter:data1\" content=\"e-Cristians\" \/>\n\t<meta name=\"twitter:label2\" content=\"Tiempo de lectura\" \/>\n\t<meta name=\"twitter:data2\" content=\"3 minutos\" \/>\n<script type=\"application\/ld+json\" class=\"yoast-schema-graph\">{\"@context\":\"https:\/\/schema.org\",\"@graph\":[{\"@type\":\"WebPage\",\"@id\":\"https:\/\/e-cristians.cat\/es\/la-reforma-del-codigo-penal-llega-al-congreso-la-asamblea-de-asociaciones-por-la-vida-la-libertad-y-la-dignidad-protesta\/\",\"url\":\"https:\/\/e-cristians.cat\/es\/la-reforma-del-codigo-penal-llega-al-congreso-la-asamblea-de-asociaciones-por-la-vida-la-libertad-y-la-dignidad-protesta\/\",\"name\":\"La reforma del C\u00f3digo Penal llega al Congreso, la Asamblea de Asociaciones por la Vida, la Libertad y la Dignidad, protesta - e-Cristians\",\"isPartOf\":{\"@id\":\"https:\/\/e-cristians.cat\/#website\"},\"datePublished\":\"2022-02-03T15:59:59+00:00\",\"dateModified\":\"2022-02-07T15:33:08+00:00\",\"author\":{\"@id\":\"https:\/\/e-cristians.cat\/#\/schema\/person\/f0ec475338e49aaef9c9dc9d9f162861\"},\"description\":\"El 3 de febrero empieza en el Congreso el tr\u00e1mite de aprobaci\u00f3n de la propuesta\u00a0de reforma del C\u00f3digo Penal que\u00a0castigar\u00e1 con penas\",\"breadcrumb\":{\"@id\":\"https:\/\/e-cristians.cat\/es\/la-reforma-del-codigo-penal-llega-al-congreso-la-asamblea-de-asociaciones-por-la-vida-la-libertad-y-la-dignidad-protesta\/#breadcrumb\"},\"inLanguage\":\"es\",\"potentialAction\":[{\"@type\":\"ReadAction\",\"target\":[\"https:\/\/e-cristians.cat\/es\/la-reforma-del-codigo-penal-llega-al-congreso-la-asamblea-de-asociaciones-por-la-vida-la-libertad-y-la-dignidad-protesta\/\"]}]},{\"@type\":\"BreadcrumbList\",\"@id\":\"https:\/\/e-cristians.cat\/es\/la-reforma-del-codigo-penal-llega-al-congreso-la-asamblea-de-asociaciones-por-la-vida-la-libertad-y-la-dignidad-protesta\/#breadcrumb\",\"itemListElement\":[{\"@type\":\"ListItem\",\"position\":1,\"name\":\"Inici\",\"item\":\"https:\/\/e-cristians.cat\/es\/\"},{\"@type\":\"ListItem\",\"position\":2,\"name\":\"La reforma del C\u00f3digo Penal llega al Congreso, la Asamblea de Asociaciones por la Vida, la Libertad y la Dignidad, protesta\"}]},{\"@type\":\"WebSite\",\"@id\":\"https:\/\/e-cristians.cat\/#website\",\"url\":\"https:\/\/e-cristians.cat\/\",\"name\":\"e-Cristians\",\"description\":\"\",\"potentialAction\":[{\"@type\":\"SearchAction\",\"target\":{\"@type\":\"EntryPoint\",\"urlTemplate\":\"https:\/\/e-cristians.cat\/?s={search_term_string}\"},\"query-input\":\"required name=search_term_string\"}],\"inLanguage\":\"es\"},{\"@type\":\"Person\",\"@id\":\"https:\/\/e-cristians.cat\/#\/schema\/person\/f0ec475338e49aaef9c9dc9d9f162861\",\"name\":\"e-Cristians\",\"image\":{\"@type\":\"ImageObject\",\"inLanguage\":\"es\",\"@id\":\"https:\/\/e-cristians.cat\/#\/schema\/person\/image\/\",\"url\":\"https:\/\/secure.gravatar.com\/avatar\/14bc9e5b0ca69070f1075ad3efcb33c4?s=96&d=mm&r=g\",\"contentUrl\":\"https:\/\/secure.gravatar.com\/avatar\/14bc9e5b0ca69070f1075ad3efcb33c4?s=96&d=mm&r=g\",\"caption\":\"e-Cristians\"}}]}<\/script>\n<!-- \/ Yoast SEO plugin. -->","yoast_head_json":{"title":"La reforma del C\u00f3digo Penal llega al Congreso, la Asamblea de Asociaciones por la Vida, la Libertad y la Dignidad, protesta - e-Cristians","description":"El 3 de febrero empieza en el Congreso el tr\u00e1mite de aprobaci\u00f3n de la propuesta\u00a0de reforma del C\u00f3digo Penal que\u00a0castigar\u00e1 con penas","robots":{"index":"noindex","follow":"nofollow"},"og_locale":"es_ES","og_type":"article","og_title":"La reforma del C\u00f3digo Penal llega al Congreso, la Asamblea de Asociaciones por la Vida, la Libertad y la Dignidad, protesta - e-Cristians","og_description":"El 3 de febrero empieza en el Congreso el tr\u00e1mite de aprobaci\u00f3n de la propuesta\u00a0de reforma del C\u00f3digo Penal que\u00a0castigar\u00e1 con penas","og_url":"https:\/\/e-cristians.cat\/es\/la-reforma-del-codigo-penal-llega-al-congreso-la-asamblea-de-asociaciones-por-la-vida-la-libertad-y-la-dignidad-protesta\/","og_site_name":"e-Cristians","article_published_time":"2022-02-03T15:59:59+00:00","article_modified_time":"2022-02-07T15:33:08+00:00","og_image":[{"width":600,"height":337,"url":"https:\/\/e-cristians.cat\/wp-content\/uploads\/2022\/02\/58-600x337-1.jpg","type":"image\/jpeg"}],"author":"e-Cristians","twitter_card":"summary_large_image","twitter_misc":{"Escrito por":"e-Cristians","Tiempo de lectura":"3 minutos"},"schema":{"@context":"https:\/\/schema.org","@graph":[{"@type":"WebPage","@id":"https:\/\/e-cristians.cat\/es\/la-reforma-del-codigo-penal-llega-al-congreso-la-asamblea-de-asociaciones-por-la-vida-la-libertad-y-la-dignidad-protesta\/","url":"https:\/\/e-cristians.cat\/es\/la-reforma-del-codigo-penal-llega-al-congreso-la-asamblea-de-asociaciones-por-la-vida-la-libertad-y-la-dignidad-protesta\/","name":"La reforma del C\u00f3digo Penal llega al Congreso, la Asamblea de Asociaciones por la Vida, la Libertad y la Dignidad, protesta - e-Cristians","isPartOf":{"@id":"https:\/\/e-cristians.cat\/#website"},"datePublished":"2022-02-03T15:59:59+00:00","dateModified":"2022-02-07T15:33:08+00:00","author":{"@id":"https:\/\/e-cristians.cat\/#\/schema\/person\/f0ec475338e49aaef9c9dc9d9f162861"},"description":"El 3 de febrero empieza en el Congreso el tr\u00e1mite de aprobaci\u00f3n de la propuesta\u00a0de reforma del C\u00f3digo Penal que\u00a0castigar\u00e1 con penas","breadcrumb":{"@id":"https:\/\/e-cristians.cat\/es\/la-reforma-del-codigo-penal-llega-al-congreso-la-asamblea-de-asociaciones-por-la-vida-la-libertad-y-la-dignidad-protesta\/#breadcrumb"},"inLanguage":"es","potentialAction":[{"@type":"ReadAction","target":["https:\/\/e-cristians.cat\/es\/la-reforma-del-codigo-penal-llega-al-congreso-la-asamblea-de-asociaciones-por-la-vida-la-libertad-y-la-dignidad-protesta\/"]}]},{"@type":"BreadcrumbList","@id":"https:\/\/e-cristians.cat\/es\/la-reforma-del-codigo-penal-llega-al-congreso-la-asamblea-de-asociaciones-por-la-vida-la-libertad-y-la-dignidad-protesta\/#breadcrumb","itemListElement":[{"@type":"ListItem","position":1,"name":"Inici","item":"https:\/\/e-cristians.cat\/es\/"},{"@type":"ListItem","position":2,"name":"La reforma del C\u00f3digo Penal llega al Congreso, la Asamblea de Asociaciones por la Vida, la Libertad y la Dignidad, protesta"}]},{"@type":"WebSite","@id":"https:\/\/e-cristians.cat\/#website","url":"https:\/\/e-cristians.cat\/","name":"e-Cristians","description":"","potentialAction":[{"@type":"SearchAction","target":{"@type":"EntryPoint","urlTemplate":"https:\/\/e-cristians.cat\/?s={search_term_string}"},"query-input":"required name=search_term_string"}],"inLanguage":"es"},{"@type":"Person","@id":"https:\/\/e-cristians.cat\/#\/schema\/person\/f0ec475338e49aaef9c9dc9d9f162861","name":"e-Cristians","image":{"@type":"ImageObject","inLanguage":"es","@id":"https:\/\/e-cristians.cat\/#\/schema\/person\/image\/","url":"https:\/\/secure.gravatar.com\/avatar\/14bc9e5b0ca69070f1075ad3efcb33c4?s=96&d=mm&r=g","contentUrl":"https:\/\/secure.gravatar.com\/avatar\/14bc9e5b0ca69070f1075ad3efcb33c4?s=96&d=mm&r=g","caption":"e-Cristians"}}]}},"jetpack_sharing_enabled":true,"jetpack_featured_media_url":"https:\/\/e-cristians.cat\/wp-content\/uploads\/2022\/02\/58-600x337-1.jpg","_links":{"self":[{"href":"https:\/\/e-cristians.cat\/es\/wp-json\/wp\/v2\/posts\/39583"}],"collection":[{"href":"https:\/\/e-cristians.cat\/es\/wp-json\/wp\/v2\/posts"}],"about":[{"href":"https:\/\/e-cristians.cat\/es\/wp-json\/wp\/v2\/types\/post"}],"author":[{"embeddable":true,"href":"https:\/\/e-cristians.cat\/es\/wp-json\/wp\/v2\/users\/2"}],"replies":[{"embeddable":true,"href":"https:\/\/e-cristians.cat\/es\/wp-json\/wp\/v2\/comments?post=39583"}],"version-history":[{"count":5,"href":"https:\/\/e-cristians.cat\/es\/wp-json\/wp\/v2\/posts\/39583\/revisions"}],"predecessor-version":[{"id":39825,"href":"https:\/\/e-cristians.cat\/es\/wp-json\/wp\/v2\/posts\/39583\/revisions\/39825"}],"wp:featuredmedia":[{"embeddable":true,"href":"https:\/\/e-cristians.cat\/es\/wp-json\/wp\/v2\/media\/39588"}],"wp:attachment":[{"href":"https:\/\/e-cristians.cat\/es\/wp-json\/wp\/v2\/media?parent=39583"}],"wp:term":[{"taxonomy":"category","embeddable":true,"href":"https:\/\/e-cristians.cat\/es\/wp-json\/wp\/v2\/categories?post=39583"},{"taxonomy":"post_tag","embeddable":true,"href":"https:\/\/e-cristians.cat\/es\/wp-json\/wp\/v2\/tags?post=39583"}],"curies":[{"name":"wp","href":"https:\/\/api.w.org\/{rel}","templated":true}]}}