{"id":39611,"date":"2022-02-03T17:51:41","date_gmt":"2022-02-03T16:51:41","guid":{"rendered":"https:\/\/e-cristians.cat\/?p=39611"},"modified":"2022-02-17T16:13:56","modified_gmt":"2022-02-17T15:13:56","slug":"carta-semanal-de-josep-miro-alcemonos","status":"publish","type":"post","link":"https:\/\/e-cristians.cat\/es\/carta-semanal-de-josep-miro-alcemonos\/","title":{"rendered":"\u00a1Alc\u00e9monos!!!"},"content":{"rendered":"<p>Apreciados amigos\/Apreciadas amigas:<\/p>\n<p>e-Cristians ha presentado un texto a los obispos sobre la <strong>sinodalidad<\/strong> como aportaci\u00f3n colectiva. Recordar\u00e9is que tiempo atr\u00e1s publicamos el borrador previo y os pedimos vuestras aportaciones. Todo este proceso ha culminado en el texto que pod\u00e9is encontrar <a href=\"https:\/\/e-cristians.cat\/es\/propuesta-sinodal-a-los-obispos\/\" target=\"_blank\" rel=\"noopener\"><strong>aqu\u00ed<\/strong><\/a>. Os recomiendo su lectura.<\/p>\n<p>El 31 de enero tuvo lugar la <a href=\"https:\/\/www.forumlibertas.com\/alternativa-cultural-cristiana-3\/\" target=\"_blank\" rel=\"noopener\"><strong>II Asamblea virtual de Forum Libertas Alternativa Cultural<\/strong><\/a> a la que muy posiblemente algunos de vosotros asisti\u00e9rais. Informamos sobre el progreso que la publicaci\u00f3n registra para adquirir un mayor potencial de difusi\u00f3n, presencia en redes y contenidos. Se trat\u00f3 tambi\u00e9n de poner en marcha de seguido de grupos de trabajo, en los que tambi\u00e9n hay aspectos que pueden coincidir con tareas de e-Cristians. Os informaremos sobre estos para que decid\u00e1is si dese\u00e1is incorporaros y colaborar en esta importante labor de construcci\u00f3n y difusi\u00f3n de la alternativa cultural.<\/p>\n<p>El 3 de febrero se aprobar\u00e1 en el Congreso de los Diputados, y se habr\u00eda realizado por la v\u00eda r\u00e1pida, la modificaci\u00f3n de la ley que regula el C\u00f3digo Penal para \u201c<strong>penalizar el acoso en las mujeres que acuden a las cl\u00ednicas por la interrupci\u00f3n voluntaria del embarazo<\/strong>\u201c. Naturalmente, a estas mujeres nadie les acosa, pero la ley una vez m\u00e1s hace trampa. En realidad lo que quiere es penalizar con penas de c\u00e1rcel incluso a aquellas personas que en las inmediaciones de estas cl\u00ednicas que hacen negocio con el homicidio de quien debe nacer, rezan o reparten folletos informativos. La ley previsiblemente ser\u00e1 recurrida en el Tribunal Constitucionales, porque significa una limitaci\u00f3n muy grave de los derechos fundamentales de las personas. No se puede confundir informar, si uno quiere ser informado, y rezar, con acoso. Mientras que los piquetes de huelga, que en determinadas ocasiones s\u00ed asedian a los trabajadores y tiendas para que no abran puertas, han sido totalmente despenalizados, ahora se quiere penalizar a la gente que reza en la calle. Es una norma m\u00e1s que pone de relieve la ola represiva que nos viene encima. Pod\u00e9is leer m\u00e1s informaci\u00f3n <a href=\"https:\/\/www.forumlibertas.com\/codigo-penal-2\/\" target=\"_blank\" rel=\"noopener\"><strong>aqu\u00ed<\/strong><\/a>.<\/p>\n<p>El mismo d\u00eda 3 habr\u00e1 en el Senado una <a href=\"https:\/\/e-cristians.cat\/es\/la-reforma-del-codigo-penal-llega-al-congreso-la-asamblea-de-asociaciones-por-la-vida-la-libertad-y-la-dignidad-protesta\/\" target=\"_blank\" rel=\"noopener\"><strong>reuni\u00f3n de una representaci\u00f3n de la Asamblea de Asociaciones por la Vida, la Libertad y la Dignidad<\/strong><\/a>, de la que es impulsora e-Cristians, para presentar a los senadores las objeciones a esta ley a fin de que exista una clara oposici\u00f3n en su tr\u00e1mite en el Senado. Por parte de e-Cristians participar\u00e1 en el acto el miembro de la Comisi\u00f3n Ejecutiva, Pablo Gin\u00e9s.<\/p>\n<p>Vale la pena recordar que el d\u00eda 1 de febrero se celebr\u00f3 un a<a href=\"https:\/\/e-cristians.cat\/es\/la-libreria-balmes-celebra-su-centenario\/\" target=\"_blank\" rel=\"noopener\">cto conmemorando el centenario de la librer\u00eda Balmes<\/a>. 100 a\u00f1os para una librer\u00eda es much\u00edsimo. Pr\u00e1cticamente, ninguna ha sobrevivido. Si esta librer\u00eda adem\u00e1s est\u00e1 especializada en producciones religiosas, el m\u00e9rito se multiplica todav\u00eda. Como presidente de e-Cristians me satisfizo asistir al acto para expresar mi apoyo a un trabajo tan inmenso y continuado. Es un ejemplo de persistencia y resistencia que hoy debemos tener m\u00e1s presente que nunca.<br \/>\nYa ha visto la nueva oleada de ataques de los medios oficiales, gobierno, Congreso y fiscal\u00eda contra la Iglesia. A menudo parece que varios sacerdotes, que para los cr\u00edticos son \u00abla Iglesia toda entera\u00bb, sean los \u00fanicos responsables de actos de pederastia, y que no se haya hecho presi\u00f3n para abordar aquellos casos a pesar de que la mayor\u00eda tienen 30, 40 y 50 a\u00f1os y m\u00e1s en el hombro. Se procede en t\u00e9rminos oficiales como si la pederastia no fuera una lacra mucho m\u00e1s extendida, much\u00edsimo m\u00e1s, en nuestra sociedad que en la Iglesia y que no hubiera foco, negocios, pr\u00e1cticas sistem\u00e1ticas, personalidades de relevancia social implicadas. Al respecto impera el silencio. Y esta realidad queda oculta frente al chivo expiatorio en el que se han convertido sacerdotes y obispos. Tambi\u00e9n en las inmatriculaciones existe un abuso de interpretaci\u00f3n o negativa y de hecho el gobierno, especialmente el presidente S\u00e1nchez y el ministro, han jugado con la escasa figura pol\u00edtica que tiene el actual presidente de la Conferencia Episcopal Espa\u00f1ola en prejuicio por la instituci\u00f3n. Sea cual sea la ola est\u00e1 aqu\u00ed. Como es tambi\u00e9n terrible la que se est\u00e1 produciendo en el \u00e1mbito de la ense\u00f1anza, en el que pr\u00e1cticamente todas las asignaturas no tienen otra visi\u00f3n que generar ideolog\u00eda favorable al gobierno establecido. Os recomiendo que le\u00e1is esta <a href=\"https:\/\/www.forumlibertas.com\/institucion-eclesial\/\" target=\"_blank\" rel=\"noopener\">editorial de ForumLibertas<\/a>, porque le puede ayudar a formarse la composici\u00f3n de sitio.<\/p>\n<p>La pregunta final es qu\u00e9 m\u00e1s necesitamos para reaccionar de forma mucho m\u00e1s activa. No vemos en el pueblo de Dios respuestas en n\u00famero y criterio suficientes al proceso de destrucci\u00f3n deliberado que se est\u00e1 produciendo. Por eso os llamo a que reaccion\u00e9is en nombre de lo que dec\u00eds creer, en nombre de la vida que es mejor vida, en nombre de la fe que afirm\u00e1is procesar, de la Iglesia a la que dec\u00eds pertenecer. Levantaos y dad respuesta. <strong><a href=\"https:\/\/e-cristians.cat\/es\/colabora\/\" target=\"_blank\" rel=\"noopener\">Venid y participad en la acci\u00f3n de e-Cristians<\/a><\/strong> y de las Asambleas Cristianas.<\/p>\n<p>Aqu\u00ed ten\u00e9is unos enlaces de inter\u00e9s que tambi\u00e9n ponen de relieve la actividad desplegada a lo largo de la semana pasada:<\/p>\n<ul>\n<li class=\"w-post-elm post_title usg_post_title_1 entry-title color_link_inherit\"><a href=\"https:\/\/e-cristians.cat\/es\/asamblea-de-asociaciones-por-la-vida-la-libertad-y-la-dignidad-ante-la-propuesta-del-presidente-macron-al-parlamento-europeo\/\">Asamblea de Asociaciones por la Vida, la Libertad y la Dignidad: Ante la propuesta del presidente Macron al Parlamento Europeo sobre el aborto<\/a><\/li>\n<li class=\"w-post-elm post_title usg_post_title_1 entry-title color_link_inherit\"><a href=\"https:\/\/e-cristians.cat\/es\/declaracion-de-e-cristians-ante-la-censura-a-la-campana-de-la-acdp\/\">Declaraci\u00f3n de e-Cristians: Ante la censura a la campa\u00f1a de la ACdP<\/a><\/li>\n<li class=\"w-post-elm post_title usg_post_title_1 entry-title color_link_inherit\"><a href=\"https:\/\/e-cristians.cat\/es\/llamamiento-urgente-a-rezar-por-la-situacion-en-ucrania\/\">Llamamiento urgente a rezar por la situaci\u00f3n en Ucrania<\/a><\/li>\n<li class=\"w-post-elm post_title usg_post_title_1 entry-title color_link_inherit\"><a href=\"https:\/\/e-cristians.cat\/es\/el-verdadero-manual-de-resistencia-contra-la-cultura-de-la-cancelacion\/\">El verdadero manual de resistencia contra la cultura de la cancelaci\u00f3n<\/a><\/li>\n<\/ul>\n<p>&nbsp;<\/p>\n","protected":false},"excerpt":{"rendered":"<p>Apreciados amigos\/Apreciadas amigas: e-Cristians ha presentado un texto a los obispos sobre la sinodalidad como aportaci\u00f3n colectiva. Recordar\u00e9is que tiempo atr\u00e1s publicamos el borrador previo y os pedimos vuestras aportaciones. Todo este proceso ha culminado en el texto que pod\u00e9is encontrar aqu\u00ed. Os recomiendo su lectura. El 31 de enero tuvo lugar la II Asamblea&#8230;<\/p>\n","protected":false},"author":2,"featured_media":39607,"comment_status":"closed","ping_status":"closed","sticky":false,"template":"","format":"standard","meta":{"_jetpack_memberships_contains_paid_content":false,"footnotes":""},"categories":[29],"tags":[],"class_list":["post-39611","post","type-post","status-publish","format-standard","has-post-thumbnail","hentry","category-carta-setmanal-de-josep-miro-i-ardevol-es"],"yoast_head":"<!-- This site is optimized with the Yoast SEO plugin v20.0 - https:\/\/yoast.com\/wordpress\/plugins\/seo\/ -->\n<title>\u00a1Alc\u00e9monos!!! - e-Cristians<\/title>\n<meta name=\"description\" content=\"e-Cristians ha presentado un texto a los obispos sobre la sinodalidad como aportaci\u00f3n colectiva. Recordar\u00e9is que tiempo atr\u00e1s\" \/>\n<meta name=\"robots\" content=\"index, follow, max-snippet:-1, max-image-preview:large, max-video-preview:-1\" \/>\n<link rel=\"canonical\" href=\"https:\/\/e-cristians.cat\/es\/carta-semanal-de-josep-miro-alcemonos\/\" \/>\n<meta property=\"og:locale\" content=\"es_ES\" \/>\n<meta property=\"og:type\" content=\"article\" \/>\n<meta property=\"og:title\" content=\"\u00a1Alc\u00e9monos!!! - e-Cristians\" \/>\n<meta property=\"og:description\" content=\"e-Cristians ha presentado un texto a los obispos sobre la sinodalidad como aportaci\u00f3n colectiva. Recordar\u00e9is que tiempo atr\u00e1s\" \/>\n<meta property=\"og:url\" content=\"https:\/\/e-cristians.cat\/es\/carta-semanal-de-josep-miro-alcemonos\/\" \/>\n<meta property=\"og:site_name\" content=\"e-Cristians\" \/>\n<meta property=\"article:published_time\" content=\"2022-02-03T16:51:41+00:00\" \/>\n<meta property=\"article:modified_time\" content=\"2022-02-17T15:13:56+00:00\" \/>\n<meta property=\"og:image\" content=\"https:\/\/e-cristians.cat\/wp-content\/uploads\/2022\/02\/pueblo-de-dios.jpg\" \/>\n\t<meta property=\"og:image:width\" content=\"560\" \/>\n\t<meta property=\"og:image:height\" content=\"280\" \/>\n\t<meta property=\"og:image:type\" content=\"image\/jpeg\" \/>\n<meta name=\"author\" content=\"e-Cristians\" \/>\n<meta name=\"twitter:card\" content=\"summary_large_image\" \/>\n<meta name=\"twitter:label1\" content=\"Escrito por\" \/>\n\t<meta name=\"twitter:data1\" content=\"e-Cristians\" \/>\n\t<meta name=\"twitter:label2\" content=\"Tiempo de lectura\" \/>\n\t<meta name=\"twitter:data2\" content=\"5 minutos\" \/>\n<script type=\"application\/ld+json\" class=\"yoast-schema-graph\">{\"@context\":\"https:\/\/schema.org\",\"@graph\":[{\"@type\":\"WebPage\",\"@id\":\"https:\/\/e-cristians.cat\/es\/carta-semanal-de-josep-miro-alcemonos\/\",\"url\":\"https:\/\/e-cristians.cat\/es\/carta-semanal-de-josep-miro-alcemonos\/\",\"name\":\"\u00a1Alc\u00e9monos!!! - e-Cristians\",\"isPartOf\":{\"@id\":\"https:\/\/e-cristians.cat\/#website\"},\"datePublished\":\"2022-02-03T16:51:41+00:00\",\"dateModified\":\"2022-02-17T15:13:56+00:00\",\"author\":{\"@id\":\"https:\/\/e-cristians.cat\/#\/schema\/person\/f0ec475338e49aaef9c9dc9d9f162861\"},\"description\":\"e-Cristians ha presentado un texto a los obispos sobre la sinodalidad como aportaci\u00f3n colectiva. Recordar\u00e9is que tiempo atr\u00e1s\",\"breadcrumb\":{\"@id\":\"https:\/\/e-cristians.cat\/es\/carta-semanal-de-josep-miro-alcemonos\/#breadcrumb\"},\"inLanguage\":\"es\",\"potentialAction\":[{\"@type\":\"ReadAction\",\"target\":[\"https:\/\/e-cristians.cat\/es\/carta-semanal-de-josep-miro-alcemonos\/\"]}]},{\"@type\":\"BreadcrumbList\",\"@id\":\"https:\/\/e-cristians.cat\/es\/carta-semanal-de-josep-miro-alcemonos\/#breadcrumb\",\"itemListElement\":[{\"@type\":\"ListItem\",\"position\":1,\"name\":\"Inici\",\"item\":\"https:\/\/e-cristians.cat\/es\/\"},{\"@type\":\"ListItem\",\"position\":2,\"name\":\"\u00a1Alc\u00e9monos!!!\"}]},{\"@type\":\"WebSite\",\"@id\":\"https:\/\/e-cristians.cat\/#website\",\"url\":\"https:\/\/e-cristians.cat\/\",\"name\":\"e-Cristians\",\"description\":\"\",\"potentialAction\":[{\"@type\":\"SearchAction\",\"target\":{\"@type\":\"EntryPoint\",\"urlTemplate\":\"https:\/\/e-cristians.cat\/?s={search_term_string}\"},\"query-input\":\"required name=search_term_string\"}],\"inLanguage\":\"es\"},{\"@type\":\"Person\",\"@id\":\"https:\/\/e-cristians.cat\/#\/schema\/person\/f0ec475338e49aaef9c9dc9d9f162861\",\"name\":\"e-Cristians\",\"image\":{\"@type\":\"ImageObject\",\"inLanguage\":\"es\",\"@id\":\"https:\/\/e-cristians.cat\/#\/schema\/person\/image\/\",\"url\":\"https:\/\/secure.gravatar.com\/avatar\/14bc9e5b0ca69070f1075ad3efcb33c4?s=96&d=mm&r=g\",\"contentUrl\":\"https:\/\/secure.gravatar.com\/avatar\/14bc9e5b0ca69070f1075ad3efcb33c4?s=96&d=mm&r=g\",\"caption\":\"e-Cristians\"}}]}<\/script>\n<!-- \/ Yoast SEO plugin. -->","yoast_head_json":{"title":"\u00a1Alc\u00e9monos!!! - e-Cristians","description":"e-Cristians ha presentado un texto a los obispos sobre la sinodalidad como aportaci\u00f3n colectiva. Recordar\u00e9is que tiempo atr\u00e1s","robots":{"index":"index","follow":"follow","max-snippet":"max-snippet:-1","max-image-preview":"max-image-preview:large","max-video-preview":"max-video-preview:-1"},"canonical":"https:\/\/e-cristians.cat\/es\/carta-semanal-de-josep-miro-alcemonos\/","og_locale":"es_ES","og_type":"article","og_title":"\u00a1Alc\u00e9monos!!! - e-Cristians","og_description":"e-Cristians ha presentado un texto a los obispos sobre la sinodalidad como aportaci\u00f3n colectiva. Recordar\u00e9is que tiempo atr\u00e1s","og_url":"https:\/\/e-cristians.cat\/es\/carta-semanal-de-josep-miro-alcemonos\/","og_site_name":"e-Cristians","article_published_time":"2022-02-03T16:51:41+00:00","article_modified_time":"2022-02-17T15:13:56+00:00","og_image":[{"width":560,"height":280,"url":"https:\/\/e-cristians.cat\/wp-content\/uploads\/2022\/02\/pueblo-de-dios.jpg","type":"image\/jpeg"}],"author":"e-Cristians","twitter_card":"summary_large_image","twitter_misc":{"Escrito por":"e-Cristians","Tiempo de lectura":"5 minutos"},"schema":{"@context":"https:\/\/schema.org","@graph":[{"@type":"WebPage","@id":"https:\/\/e-cristians.cat\/es\/carta-semanal-de-josep-miro-alcemonos\/","url":"https:\/\/e-cristians.cat\/es\/carta-semanal-de-josep-miro-alcemonos\/","name":"\u00a1Alc\u00e9monos!!! - e-Cristians","isPartOf":{"@id":"https:\/\/e-cristians.cat\/#website"},"datePublished":"2022-02-03T16:51:41+00:00","dateModified":"2022-02-17T15:13:56+00:00","author":{"@id":"https:\/\/e-cristians.cat\/#\/schema\/person\/f0ec475338e49aaef9c9dc9d9f162861"},"description":"e-Cristians ha presentado un texto a los obispos sobre la sinodalidad como aportaci\u00f3n colectiva. Recordar\u00e9is que tiempo atr\u00e1s","breadcrumb":{"@id":"https:\/\/e-cristians.cat\/es\/carta-semanal-de-josep-miro-alcemonos\/#breadcrumb"},"inLanguage":"es","potentialAction":[{"@type":"ReadAction","target":["https:\/\/e-cristians.cat\/es\/carta-semanal-de-josep-miro-alcemonos\/"]}]},{"@type":"BreadcrumbList","@id":"https:\/\/e-cristians.cat\/es\/carta-semanal-de-josep-miro-alcemonos\/#breadcrumb","itemListElement":[{"@type":"ListItem","position":1,"name":"Inici","item":"https:\/\/e-cristians.cat\/es\/"},{"@type":"ListItem","position":2,"name":"\u00a1Alc\u00e9monos!!!"}]},{"@type":"WebSite","@id":"https:\/\/e-cristians.cat\/#website","url":"https:\/\/e-cristians.cat\/","name":"e-Cristians","description":"","potentialAction":[{"@type":"SearchAction","target":{"@type":"EntryPoint","urlTemplate":"https:\/\/e-cristians.cat\/?s={search_term_string}"},"query-input":"required name=search_term_string"}],"inLanguage":"es"},{"@type":"Person","@id":"https:\/\/e-cristians.cat\/#\/schema\/person\/f0ec475338e49aaef9c9dc9d9f162861","name":"e-Cristians","image":{"@type":"ImageObject","inLanguage":"es","@id":"https:\/\/e-cristians.cat\/#\/schema\/person\/image\/","url":"https:\/\/secure.gravatar.com\/avatar\/14bc9e5b0ca69070f1075ad3efcb33c4?s=96&d=mm&r=g","contentUrl":"https:\/\/secure.gravatar.com\/avatar\/14bc9e5b0ca69070f1075ad3efcb33c4?s=96&d=mm&r=g","caption":"e-Cristians"}}]}},"jetpack_sharing_enabled":true,"jetpack_featured_media_url":"https:\/\/e-cristians.cat\/wp-content\/uploads\/2022\/02\/pueblo-de-dios.jpg","_links":{"self":[{"href":"https:\/\/e-cristians.cat\/es\/wp-json\/wp\/v2\/posts\/39611"}],"collection":[{"href":"https:\/\/e-cristians.cat\/es\/wp-json\/wp\/v2\/posts"}],"about":[{"href":"https:\/\/e-cristians.cat\/es\/wp-json\/wp\/v2\/types\/post"}],"author":[{"embeddable":true,"href":"https:\/\/e-cristians.cat\/es\/wp-json\/wp\/v2\/users\/2"}],"replies":[{"embeddable":true,"href":"https:\/\/e-cristians.cat\/es\/wp-json\/wp\/v2\/comments?post=39611"}],"version-history":[{"count":2,"href":"https:\/\/e-cristians.cat\/es\/wp-json\/wp\/v2\/posts\/39611\/revisions"}],"predecessor-version":[{"id":40629,"href":"https:\/\/e-cristians.cat\/es\/wp-json\/wp\/v2\/posts\/39611\/revisions\/40629"}],"wp:featuredmedia":[{"embeddable":true,"href":"https:\/\/e-cristians.cat\/es\/wp-json\/wp\/v2\/media\/39607"}],"wp:attachment":[{"href":"https:\/\/e-cristians.cat\/es\/wp-json\/wp\/v2\/media?parent=39611"}],"wp:term":[{"taxonomy":"category","embeddable":true,"href":"https:\/\/e-cristians.cat\/es\/wp-json\/wp\/v2\/categories?post=39611"},{"taxonomy":"post_tag","embeddable":true,"href":"https:\/\/e-cristians.cat\/es\/wp-json\/wp\/v2\/tags?post=39611"}],"curies":[{"name":"wp","href":"https:\/\/api.w.org\/{rel}","templated":true}]}}