{"id":40221,"date":"2022-02-11T13:07:23","date_gmt":"2022-02-11T12:07:23","guid":{"rendered":"https:\/\/e-cristians.cat\/?p=40221"},"modified":"2022-02-11T13:07:23","modified_gmt":"2022-02-11T12:07:23","slug":"macron-europa-y-el-aborto","status":"publish","type":"post","link":"https:\/\/e-cristians.cat\/es\/macron-europa-y-el-aborto\/","title":{"rendered":"Macron, Europa y el aborto"},"content":{"rendered":"<p><em>Josep Mir\u00f3 i Ard\u00e8vol<\/em><\/p>\n<p>En el momento de mayor riesgo de un absurdo enfrentamiento b\u00e9lico con Rusia, cuando las circunstancias requieren mayor unidad, Emmanuel Macron irrumpi\u00f3 en el Parlamento Europeo para propugnar que el aborto se incorpore a la Carta Europea de Derechos, que precisamente consagra en sus dos primeros art\u00edculos la inviolabilidad de la dignidad humana y el derecho a la vida. <a href=\"https:\/\/www.forumlibertas.com\/macron-europa-y-el-aborto\/\" target=\"_blank\" rel=\"noopener\">Leer m\u00e1s.<\/a><\/p>\n","protected":false},"excerpt":{"rendered":"<p>Josep Mir\u00f3 i Ard\u00e8vol En el momento de mayor riesgo de un absurdo enfrentamiento b\u00e9lico con Rusia, cuando las circunstancias requieren mayor unidad, Emmanuel Macron irrumpi\u00f3 en el Parlamento Europeo para propugnar que el aborto se incorpore a la Carta Europea de Derechos, que precisamente consagra en sus dos primeros art\u00edculos la inviolabilidad de la&#8230;<\/p>\n","protected":false},"author":2,"featured_media":40219,"comment_status":"closed","ping_status":"closed","sticky":false,"template":"","format":"standard","meta":{"_jetpack_memberships_contains_paid_content":false,"footnotes":""},"categories":[34,39],"tags":[],"class_list":["post-40221","post","type-post","status-publish","format-standard","has-post-thumbnail","hentry","category-editorials-i-blogs-de-forumlibertas-es","category-portada_news-es"],"yoast_head":"<!-- This site is optimized with the Yoast SEO plugin v20.0 - https:\/\/yoast.com\/wordpress\/plugins\/seo\/ -->\n<title>Macron, Europa y el aborto - e-Cristians<\/title>\n<meta name=\"robots\" content=\"noindex, nofollow\" \/>\n<meta property=\"og:locale\" content=\"es_ES\" \/>\n<meta property=\"og:type\" content=\"article\" \/>\n<meta property=\"og:title\" content=\"Macron, Europa y el aborto - e-Cristians\" \/>\n<meta property=\"og:description\" content=\"Josep Mir\u00f3 i Ard\u00e8vol En el momento de mayor riesgo de un absurdo enfrentamiento b\u00e9lico con Rusia, cuando las circunstancias requieren mayor unidad, Emmanuel Macron irrumpi\u00f3 en el Parlamento Europeo para propugnar que el aborto se incorpore a la Carta Europea de Derechos, que precisamente consagra en sus dos primeros art\u00edculos la inviolabilidad de la...\" \/>\n<meta property=\"og:url\" content=\"https:\/\/e-cristians.cat\/es\/macron-europa-y-el-aborto\/\" \/>\n<meta property=\"og:site_name\" content=\"e-Cristians\" \/>\n<meta property=\"article:published_time\" content=\"2022-02-11T12:07:23+00:00\" \/>\n<meta property=\"og:image\" content=\"https:\/\/e-cristians.cat\/wp-content\/uploads\/2022\/02\/emmanuel_macron_francia_reuters.png_554688468-600x337-1.png\" \/>\n\t<meta property=\"og:image:width\" content=\"600\" \/>\n\t<meta property=\"og:image:height\" content=\"337\" \/>\n\t<meta property=\"og:image:type\" content=\"image\/png\" \/>\n<meta name=\"author\" content=\"e-Cristians\" \/>\n<meta name=\"twitter:card\" content=\"summary_large_image\" \/>\n<meta name=\"twitter:label1\" content=\"Escrito por\" \/>\n\t<meta name=\"twitter:data1\" content=\"e-Cristians\" \/>\n<script type=\"application\/ld+json\" class=\"yoast-schema-graph\">{\"@context\":\"https:\/\/schema.org\",\"@graph\":[{\"@type\":\"WebPage\",\"@id\":\"https:\/\/e-cristians.cat\/es\/macron-europa-y-el-aborto\/\",\"url\":\"https:\/\/e-cristians.cat\/es\/macron-europa-y-el-aborto\/\",\"name\":\"Macron, Europa y el aborto - e-Cristians\",\"isPartOf\":{\"@id\":\"https:\/\/e-cristians.cat\/#website\"},\"datePublished\":\"2022-02-11T12:07:23+00:00\",\"dateModified\":\"2022-02-11T12:07:23+00:00\",\"author\":{\"@id\":\"https:\/\/e-cristians.cat\/#\/schema\/person\/f0ec475338e49aaef9c9dc9d9f162861\"},\"breadcrumb\":{\"@id\":\"https:\/\/e-cristians.cat\/es\/macron-europa-y-el-aborto\/#breadcrumb\"},\"inLanguage\":\"es\",\"potentialAction\":[{\"@type\":\"ReadAction\",\"target\":[\"https:\/\/e-cristians.cat\/es\/macron-europa-y-el-aborto\/\"]}]},{\"@type\":\"BreadcrumbList\",\"@id\":\"https:\/\/e-cristians.cat\/es\/macron-europa-y-el-aborto\/#breadcrumb\",\"itemListElement\":[{\"@type\":\"ListItem\",\"position\":1,\"name\":\"Inici\",\"item\":\"https:\/\/e-cristians.cat\/es\/\"},{\"@type\":\"ListItem\",\"position\":2,\"name\":\"Macron, Europa y el aborto\"}]},{\"@type\":\"WebSite\",\"@id\":\"https:\/\/e-cristians.cat\/#website\",\"url\":\"https:\/\/e-cristians.cat\/\",\"name\":\"e-Cristians\",\"description\":\"\",\"potentialAction\":[{\"@type\":\"SearchAction\",\"target\":{\"@type\":\"EntryPoint\",\"urlTemplate\":\"https:\/\/e-cristians.cat\/?s={search_term_string}\"},\"query-input\":\"required name=search_term_string\"}],\"inLanguage\":\"es\"},{\"@type\":\"Person\",\"@id\":\"https:\/\/e-cristians.cat\/#\/schema\/person\/f0ec475338e49aaef9c9dc9d9f162861\",\"name\":\"e-Cristians\",\"image\":{\"@type\":\"ImageObject\",\"inLanguage\":\"es\",\"@id\":\"https:\/\/e-cristians.cat\/#\/schema\/person\/image\/\",\"url\":\"https:\/\/secure.gravatar.com\/avatar\/14bc9e5b0ca69070f1075ad3efcb33c4?s=96&d=mm&r=g\",\"contentUrl\":\"https:\/\/secure.gravatar.com\/avatar\/14bc9e5b0ca69070f1075ad3efcb33c4?s=96&d=mm&r=g\",\"caption\":\"e-Cristians\"}}]}<\/script>\n<!-- \/ Yoast SEO plugin. -->","yoast_head_json":{"title":"Macron, Europa y el aborto - e-Cristians","robots":{"index":"noindex","follow":"nofollow"},"og_locale":"es_ES","og_type":"article","og_title":"Macron, Europa y el aborto - e-Cristians","og_description":"Josep Mir\u00f3 i Ard\u00e8vol En el momento de mayor riesgo de un absurdo enfrentamiento b\u00e9lico con Rusia, cuando las circunstancias requieren mayor unidad, Emmanuel Macron irrumpi\u00f3 en el Parlamento Europeo para propugnar que el aborto se incorpore a la Carta Europea de Derechos, que precisamente consagra en sus dos primeros art\u00edculos la inviolabilidad de la...","og_url":"https:\/\/e-cristians.cat\/es\/macron-europa-y-el-aborto\/","og_site_name":"e-Cristians","article_published_time":"2022-02-11T12:07:23+00:00","og_image":[{"width":600,"height":337,"url":"https:\/\/e-cristians.cat\/wp-content\/uploads\/2022\/02\/emmanuel_macron_francia_reuters.png_554688468-600x337-1.png","type":"image\/png"}],"author":"e-Cristians","twitter_card":"summary_large_image","twitter_misc":{"Escrito por":"e-Cristians"},"schema":{"@context":"https:\/\/schema.org","@graph":[{"@type":"WebPage","@id":"https:\/\/e-cristians.cat\/es\/macron-europa-y-el-aborto\/","url":"https:\/\/e-cristians.cat\/es\/macron-europa-y-el-aborto\/","name":"Macron, Europa y el aborto - e-Cristians","isPartOf":{"@id":"https:\/\/e-cristians.cat\/#website"},"datePublished":"2022-02-11T12:07:23+00:00","dateModified":"2022-02-11T12:07:23+00:00","author":{"@id":"https:\/\/e-cristians.cat\/#\/schema\/person\/f0ec475338e49aaef9c9dc9d9f162861"},"breadcrumb":{"@id":"https:\/\/e-cristians.cat\/es\/macron-europa-y-el-aborto\/#breadcrumb"},"inLanguage":"es","potentialAction":[{"@type":"ReadAction","target":["https:\/\/e-cristians.cat\/es\/macron-europa-y-el-aborto\/"]}]},{"@type":"BreadcrumbList","@id":"https:\/\/e-cristians.cat\/es\/macron-europa-y-el-aborto\/#breadcrumb","itemListElement":[{"@type":"ListItem","position":1,"name":"Inici","item":"https:\/\/e-cristians.cat\/es\/"},{"@type":"ListItem","position":2,"name":"Macron, Europa y el aborto"}]},{"@type":"WebSite","@id":"https:\/\/e-cristians.cat\/#website","url":"https:\/\/e-cristians.cat\/","name":"e-Cristians","description":"","potentialAction":[{"@type":"SearchAction","target":{"@type":"EntryPoint","urlTemplate":"https:\/\/e-cristians.cat\/?s={search_term_string}"},"query-input":"required name=search_term_string"}],"inLanguage":"es"},{"@type":"Person","@id":"https:\/\/e-cristians.cat\/#\/schema\/person\/f0ec475338e49aaef9c9dc9d9f162861","name":"e-Cristians","image":{"@type":"ImageObject","inLanguage":"es","@id":"https:\/\/e-cristians.cat\/#\/schema\/person\/image\/","url":"https:\/\/secure.gravatar.com\/avatar\/14bc9e5b0ca69070f1075ad3efcb33c4?s=96&d=mm&r=g","contentUrl":"https:\/\/secure.gravatar.com\/avatar\/14bc9e5b0ca69070f1075ad3efcb33c4?s=96&d=mm&r=g","caption":"e-Cristians"}}]}},"jetpack_sharing_enabled":true,"jetpack_featured_media_url":"https:\/\/e-cristians.cat\/wp-content\/uploads\/2022\/02\/emmanuel_macron_francia_reuters.png_554688468-600x337-1.png","_links":{"self":[{"href":"https:\/\/e-cristians.cat\/es\/wp-json\/wp\/v2\/posts\/40221"}],"collection":[{"href":"https:\/\/e-cristians.cat\/es\/wp-json\/wp\/v2\/posts"}],"about":[{"href":"https:\/\/e-cristians.cat\/es\/wp-json\/wp\/v2\/types\/post"}],"author":[{"embeddable":true,"href":"https:\/\/e-cristians.cat\/es\/wp-json\/wp\/v2\/users\/2"}],"replies":[{"embeddable":true,"href":"https:\/\/e-cristians.cat\/es\/wp-json\/wp\/v2\/comments?post=40221"}],"version-history":[{"count":1,"href":"https:\/\/e-cristians.cat\/es\/wp-json\/wp\/v2\/posts\/40221\/revisions"}],"predecessor-version":[{"id":40222,"href":"https:\/\/e-cristians.cat\/es\/wp-json\/wp\/v2\/posts\/40221\/revisions\/40222"}],"wp:featuredmedia":[{"embeddable":true,"href":"https:\/\/e-cristians.cat\/es\/wp-json\/wp\/v2\/media\/40219"}],"wp:attachment":[{"href":"https:\/\/e-cristians.cat\/es\/wp-json\/wp\/v2\/media?parent=40221"}],"wp:term":[{"taxonomy":"category","embeddable":true,"href":"https:\/\/e-cristians.cat\/es\/wp-json\/wp\/v2\/categories?post=40221"},{"taxonomy":"post_tag","embeddable":true,"href":"https:\/\/e-cristians.cat\/es\/wp-json\/wp\/v2\/tags?post=40221"}],"curies":[{"name":"wp","href":"https:\/\/api.w.org\/{rel}","templated":true}]}}