{"id":40384,"date":"2022-02-14T13:29:32","date_gmt":"2022-02-14T12:29:32","guid":{"rendered":"https:\/\/e-cristians.cat\/?p=40384"},"modified":"2022-02-14T13:43:28","modified_gmt":"2022-02-14T12:43:28","slug":"mons-antoni-vadell-i-ferrer-obispo-auxiliar-de-barcelona-descanse-en-paz","status":"publish","type":"post","link":"https:\/\/e-cristians.cat\/es\/mons-antoni-vadell-i-ferrer-obispo-auxiliar-de-barcelona-descanse-en-paz\/","title":{"rendered":"Mons. Antoni Vadell i Ferrer, obispo auxiliar de Barcelona, descanse en paz"},"content":{"rendered":"<p>Ha fallecido en la paz de Cristo en Barcelona, el d\u00eda 12 de febrero de 2022, Solemnidad de Santa Eulalia, confortado con los Sacramentos de la Iglesia y la Bendici\u00f3n Apost\u00f3lica (A.C.S.), a los 49 a\u00f1os de vida cristiana y cuaro a\u00f1os de ministerio episcopal.<\/p>\n<p>El Sr. Cardenal Arzobispo, el Sr. Cardenal Arzobispo em\u00e9rito, los Sres. Obispos auxiliares, los presb\u00edteros y los di\u00e1conos lo hacen saber a los fieles de la Iglesia para que lo encomienden a la misericordia del Se\u00f1or.<\/p>\n<p>El funeral de\u00a0<em>corpore in sepulto<\/em>\u00a0se celebrar\u00e1 el lunes, 14 de febrero, en el altar mayor de la Catedral de Barcelona. La capilla ardiente quedar\u00e1 instalada en la capilla del Santo Cristo de Lepanto de la Catedral de Barcelona, el domingo 13 de febrero, de las 12 hasta las 20 horas, y el lunes 14 de febrero, en el coro de la Catedral de Barcelona, de las 8.30 a las 11 horas.<\/p>\n<p>El martes 15 de febrero se celebrar\u00e1 el funeral de\u00a0<em>corpore in sepulto<\/em>\u00a0en la Catedral de Mallorca y, posteriormente, el f\u00e9retro ser\u00e1 trasladado en el Santuario de Nuestra Se\u00f1ora de Gracia, en Llucmajor, Mallorca, donde recibir\u00e1 sepultura en un acto familiar y privado.<\/p>\n<p><strong>Perfil biogr\u00e1fico<\/strong><\/p>\n<p>Naci\u00f3 en Llucmajor (Mallorca) el 17 de mayo de 1972. A los 14 a\u00f1os ingres\u00f3 en el Seminario Menor de Mallorca, pasando despu\u00e9s, en 1990, a cursar la filosof\u00eda y teolog\u00eda en el Seminario Mayor. Fue ordenado di\u00e1cono el 4 de octubre de 1997 en la Capilla del Seminario Nuevo de Mallorca, y sacerdote el 31 de mayo de 1998 en la parroquia del Beato Ramon Llull en Son Cotoner (Palma). Obtuvo la licenciatura en Teolog\u00eda, especialidad en Pastoral de la Juventud y Catequ\u00e9tica en el Pontificio Ateneo Salesiano (2006-2009).<\/p>\n<p>Su ministerio sacerdotal lo ha desarrollado en la di\u00f3cesis de Mallorca. Ha combinado la labor parroquial con la pastoral catequ\u00e9tica y educativa. Inici\u00f3 su actividad pastoral en la parroquia del Beato Ramon Llull en Son Cotoner (1998-2006) y posteriormente asumi\u00f3 la responsabilidad de rector del Seminario Menor de Mallorca (1999-2006). Ha sido profesor del Centro de Estudios Teol\u00f3gicos y del Instituto Superior de Ciencias Religiosas de Mallorca (ISUCIR), y ha sido profesor invitado en la Escuela Universitaria Alberta Gim\u00e9nez, de las Islas Baleares. Ha sido delegado diocesano de Pastoral Vocacional, y formador del Seminario Mayor de Mallorca (2002-2006); as\u00ed como tambi\u00e9n delegado diocesano de Pastoral Catequ\u00e9tica y Lit\u00fargica (2009-2013), vicario parroquial de las parroquias de Sant Josep Obrer y de Corpus Christi y responsable pastoral de los respectivos colegios parroquiales (2009-2014). Ha sido vicario episcopal para la Evangelizaci\u00f3n (2013-2017), rector de la Unidad Pastoral de la Mare de D\u00e9u de las parroquias de Santa Maria la Major, Sant Domingo y Crist Rei de Inca, de Sant Lloren\u00e7 de Selva, la Immaculada Concepci\u00f3 de Caimari, Sant Joan Baptista de Mancor, Santa Tecla de Biniamar y la Nativitat de la Mare de D\u00e9u de la Lloseta, y miembro del Colegio de Consultores (2014-2017) y miembro del Consejo Presbiteral al Obispado de Mallorca ( 2014-2017).<\/p>\n<p>El 19 de junio de 2017 se hizo p\u00fablico su nombramiento como obispo auxiliar de Barcelona. Recibi\u00f3 la ordenaci\u00f3n episcopal el 9 de setiembre de 2017 en la Bas\u00edlica de la Sagrada Familia de Barcelona.<\/p>\n<p>En el seno de la Conferencia Episcopal Tarraconense es Presidente del Secretariado Interdiocesano de Catequesis de Catalunya y Baleares (SIC).<\/p>\n","protected":false},"excerpt":{"rendered":"<p>Ha fallecido en la paz de Cristo en Barcelona, el d\u00eda 12 de febrero de 2022, Solemnidad de Santa Eulalia, confortado con los Sacramentos de la Iglesia y la Bendici\u00f3n Apost\u00f3lica (A.C.S.), a los 49 a\u00f1os de vida cristiana y cuaro a\u00f1os de ministerio episcopal. El Sr. Cardenal Arzobispo, el Sr. Cardenal Arzobispo em\u00e9rito, los&#8230;<\/p>\n","protected":false},"author":2,"featured_media":40382,"comment_status":"closed","ping_status":"closed","sticky":false,"template":"","format":"standard","meta":{"_jetpack_memberships_contains_paid_content":false,"footnotes":""},"categories":[33,39],"tags":[],"class_list":["post-40384","post","type-post","status-publish","format-standard","has-post-thumbnail","hentry","category-altres-entitats-informacions-agenda-i-documents-es","category-portada_news-es"],"yoast_head":"<!-- This site is optimized with the Yoast SEO plugin v20.0 - https:\/\/yoast.com\/wordpress\/plugins\/seo\/ -->\n<title>Mons. Antoni Vadell i Ferrer, obispo auxiliar de Barcelona, descanse en paz - e-Cristians<\/title>\n<meta name=\"robots\" content=\"noindex, nofollow\" \/>\n<meta property=\"og:locale\" content=\"es_ES\" \/>\n<meta property=\"og:type\" content=\"article\" \/>\n<meta property=\"og:title\" content=\"Mons. Antoni Vadell i Ferrer, obispo auxiliar de Barcelona, descanse en paz - e-Cristians\" \/>\n<meta property=\"og:description\" content=\"Ha fallecido en la paz de Cristo en Barcelona, el d\u00eda 12 de febrero de 2022, Solemnidad de Santa Eulalia, confortado con los Sacramentos de la Iglesia y la Bendici\u00f3n Apost\u00f3lica (A.C.S.), a los 49 a\u00f1os de vida cristiana y cuaro a\u00f1os de ministerio episcopal. El Sr. Cardenal Arzobispo, el Sr. Cardenal Arzobispo em\u00e9rito, los...\" \/>\n<meta property=\"og:url\" content=\"https:\/\/e-cristians.cat\/es\/mons-antoni-vadell-i-ferrer-obispo-auxiliar-de-barcelona-descanse-en-paz\/\" \/>\n<meta property=\"og:site_name\" content=\"e-Cristians\" \/>\n<meta property=\"article:published_time\" content=\"2022-02-14T12:29:32+00:00\" \/>\n<meta property=\"article:modified_time\" content=\"2022-02-14T12:43:28+00:00\" \/>\n<meta property=\"og:image\" content=\"https:\/\/e-cristians.cat\/wp-content\/uploads\/2022\/02\/500-Mercedaris-51-scaled-1.jpg\" \/>\n\t<meta property=\"og:image:width\" content=\"2560\" \/>\n\t<meta property=\"og:image:height\" content=\"1709\" \/>\n\t<meta property=\"og:image:type\" content=\"image\/jpeg\" \/>\n<meta name=\"author\" content=\"e-Cristians\" \/>\n<meta name=\"twitter:card\" content=\"summary_large_image\" \/>\n<meta name=\"twitter:label1\" content=\"Escrito por\" \/>\n\t<meta name=\"twitter:data1\" content=\"e-Cristians\" \/>\n\t<meta name=\"twitter:label2\" content=\"Tiempo de lectura\" \/>\n\t<meta name=\"twitter:data2\" content=\"3 minutos\" \/>\n<script type=\"application\/ld+json\" class=\"yoast-schema-graph\">{\"@context\":\"https:\/\/schema.org\",\"@graph\":[{\"@type\":\"WebPage\",\"@id\":\"https:\/\/e-cristians.cat\/es\/mons-antoni-vadell-i-ferrer-obispo-auxiliar-de-barcelona-descanse-en-paz\/\",\"url\":\"https:\/\/e-cristians.cat\/es\/mons-antoni-vadell-i-ferrer-obispo-auxiliar-de-barcelona-descanse-en-paz\/\",\"name\":\"Mons. Antoni Vadell i Ferrer, obispo auxiliar de Barcelona, descanse en paz - e-Cristians\",\"isPartOf\":{\"@id\":\"https:\/\/e-cristians.cat\/#website\"},\"datePublished\":\"2022-02-14T12:29:32+00:00\",\"dateModified\":\"2022-02-14T12:43:28+00:00\",\"author\":{\"@id\":\"https:\/\/e-cristians.cat\/#\/schema\/person\/f0ec475338e49aaef9c9dc9d9f162861\"},\"breadcrumb\":{\"@id\":\"https:\/\/e-cristians.cat\/es\/mons-antoni-vadell-i-ferrer-obispo-auxiliar-de-barcelona-descanse-en-paz\/#breadcrumb\"},\"inLanguage\":\"es\",\"potentialAction\":[{\"@type\":\"ReadAction\",\"target\":[\"https:\/\/e-cristians.cat\/es\/mons-antoni-vadell-i-ferrer-obispo-auxiliar-de-barcelona-descanse-en-paz\/\"]}]},{\"@type\":\"BreadcrumbList\",\"@id\":\"https:\/\/e-cristians.cat\/es\/mons-antoni-vadell-i-ferrer-obispo-auxiliar-de-barcelona-descanse-en-paz\/#breadcrumb\",\"itemListElement\":[{\"@type\":\"ListItem\",\"position\":1,\"name\":\"Inici\",\"item\":\"https:\/\/e-cristians.cat\/es\/\"},{\"@type\":\"ListItem\",\"position\":2,\"name\":\"Mons. Antoni Vadell i Ferrer, obispo auxiliar de Barcelona, descanse en paz\"}]},{\"@type\":\"WebSite\",\"@id\":\"https:\/\/e-cristians.cat\/#website\",\"url\":\"https:\/\/e-cristians.cat\/\",\"name\":\"e-Cristians\",\"description\":\"\",\"potentialAction\":[{\"@type\":\"SearchAction\",\"target\":{\"@type\":\"EntryPoint\",\"urlTemplate\":\"https:\/\/e-cristians.cat\/?s={search_term_string}\"},\"query-input\":\"required name=search_term_string\"}],\"inLanguage\":\"es\"},{\"@type\":\"Person\",\"@id\":\"https:\/\/e-cristians.cat\/#\/schema\/person\/f0ec475338e49aaef9c9dc9d9f162861\",\"name\":\"e-Cristians\",\"image\":{\"@type\":\"ImageObject\",\"inLanguage\":\"es\",\"@id\":\"https:\/\/e-cristians.cat\/#\/schema\/person\/image\/\",\"url\":\"https:\/\/secure.gravatar.com\/avatar\/14bc9e5b0ca69070f1075ad3efcb33c4?s=96&d=mm&r=g\",\"contentUrl\":\"https:\/\/secure.gravatar.com\/avatar\/14bc9e5b0ca69070f1075ad3efcb33c4?s=96&d=mm&r=g\",\"caption\":\"e-Cristians\"}}]}<\/script>\n<!-- \/ Yoast SEO plugin. -->","yoast_head_json":{"title":"Mons. Antoni Vadell i Ferrer, obispo auxiliar de Barcelona, descanse en paz - e-Cristians","robots":{"index":"noindex","follow":"nofollow"},"og_locale":"es_ES","og_type":"article","og_title":"Mons. Antoni Vadell i Ferrer, obispo auxiliar de Barcelona, descanse en paz - e-Cristians","og_description":"Ha fallecido en la paz de Cristo en Barcelona, el d\u00eda 12 de febrero de 2022, Solemnidad de Santa Eulalia, confortado con los Sacramentos de la Iglesia y la Bendici\u00f3n Apost\u00f3lica (A.C.S.), a los 49 a\u00f1os de vida cristiana y cuaro a\u00f1os de ministerio episcopal. El Sr. Cardenal Arzobispo, el Sr. Cardenal Arzobispo em\u00e9rito, los...","og_url":"https:\/\/e-cristians.cat\/es\/mons-antoni-vadell-i-ferrer-obispo-auxiliar-de-barcelona-descanse-en-paz\/","og_site_name":"e-Cristians","article_published_time":"2022-02-14T12:29:32+00:00","article_modified_time":"2022-02-14T12:43:28+00:00","og_image":[{"width":2560,"height":1709,"url":"https:\/\/e-cristians.cat\/wp-content\/uploads\/2022\/02\/500-Mercedaris-51-scaled-1.jpg","type":"image\/jpeg"}],"author":"e-Cristians","twitter_card":"summary_large_image","twitter_misc":{"Escrito por":"e-Cristians","Tiempo de lectura":"3 minutos"},"schema":{"@context":"https:\/\/schema.org","@graph":[{"@type":"WebPage","@id":"https:\/\/e-cristians.cat\/es\/mons-antoni-vadell-i-ferrer-obispo-auxiliar-de-barcelona-descanse-en-paz\/","url":"https:\/\/e-cristians.cat\/es\/mons-antoni-vadell-i-ferrer-obispo-auxiliar-de-barcelona-descanse-en-paz\/","name":"Mons. Antoni Vadell i Ferrer, obispo auxiliar de Barcelona, descanse en paz - e-Cristians","isPartOf":{"@id":"https:\/\/e-cristians.cat\/#website"},"datePublished":"2022-02-14T12:29:32+00:00","dateModified":"2022-02-14T12:43:28+00:00","author":{"@id":"https:\/\/e-cristians.cat\/#\/schema\/person\/f0ec475338e49aaef9c9dc9d9f162861"},"breadcrumb":{"@id":"https:\/\/e-cristians.cat\/es\/mons-antoni-vadell-i-ferrer-obispo-auxiliar-de-barcelona-descanse-en-paz\/#breadcrumb"},"inLanguage":"es","potentialAction":[{"@type":"ReadAction","target":["https:\/\/e-cristians.cat\/es\/mons-antoni-vadell-i-ferrer-obispo-auxiliar-de-barcelona-descanse-en-paz\/"]}]},{"@type":"BreadcrumbList","@id":"https:\/\/e-cristians.cat\/es\/mons-antoni-vadell-i-ferrer-obispo-auxiliar-de-barcelona-descanse-en-paz\/#breadcrumb","itemListElement":[{"@type":"ListItem","position":1,"name":"Inici","item":"https:\/\/e-cristians.cat\/es\/"},{"@type":"ListItem","position":2,"name":"Mons. Antoni Vadell i Ferrer, obispo auxiliar de Barcelona, descanse en paz"}]},{"@type":"WebSite","@id":"https:\/\/e-cristians.cat\/#website","url":"https:\/\/e-cristians.cat\/","name":"e-Cristians","description":"","potentialAction":[{"@type":"SearchAction","target":{"@type":"EntryPoint","urlTemplate":"https:\/\/e-cristians.cat\/?s={search_term_string}"},"query-input":"required name=search_term_string"}],"inLanguage":"es"},{"@type":"Person","@id":"https:\/\/e-cristians.cat\/#\/schema\/person\/f0ec475338e49aaef9c9dc9d9f162861","name":"e-Cristians","image":{"@type":"ImageObject","inLanguage":"es","@id":"https:\/\/e-cristians.cat\/#\/schema\/person\/image\/","url":"https:\/\/secure.gravatar.com\/avatar\/14bc9e5b0ca69070f1075ad3efcb33c4?s=96&d=mm&r=g","contentUrl":"https:\/\/secure.gravatar.com\/avatar\/14bc9e5b0ca69070f1075ad3efcb33c4?s=96&d=mm&r=g","caption":"e-Cristians"}}]}},"jetpack_sharing_enabled":true,"jetpack_featured_media_url":"https:\/\/e-cristians.cat\/wp-content\/uploads\/2022\/02\/500-Mercedaris-51-scaled-1.jpg","_links":{"self":[{"href":"https:\/\/e-cristians.cat\/es\/wp-json\/wp\/v2\/posts\/40384"}],"collection":[{"href":"https:\/\/e-cristians.cat\/es\/wp-json\/wp\/v2\/posts"}],"about":[{"href":"https:\/\/e-cristians.cat\/es\/wp-json\/wp\/v2\/types\/post"}],"author":[{"embeddable":true,"href":"https:\/\/e-cristians.cat\/es\/wp-json\/wp\/v2\/users\/2"}],"replies":[{"embeddable":true,"href":"https:\/\/e-cristians.cat\/es\/wp-json\/wp\/v2\/comments?post=40384"}],"version-history":[{"count":1,"href":"https:\/\/e-cristians.cat\/es\/wp-json\/wp\/v2\/posts\/40384\/revisions"}],"predecessor-version":[{"id":40385,"href":"https:\/\/e-cristians.cat\/es\/wp-json\/wp\/v2\/posts\/40384\/revisions\/40385"}],"wp:featuredmedia":[{"embeddable":true,"href":"https:\/\/e-cristians.cat\/es\/wp-json\/wp\/v2\/media\/40382"}],"wp:attachment":[{"href":"https:\/\/e-cristians.cat\/es\/wp-json\/wp\/v2\/media?parent=40384"}],"wp:term":[{"taxonomy":"category","embeddable":true,"href":"https:\/\/e-cristians.cat\/es\/wp-json\/wp\/v2\/categories?post=40384"},{"taxonomy":"post_tag","embeddable":true,"href":"https:\/\/e-cristians.cat\/es\/wp-json\/wp\/v2\/tags?post=40384"}],"curies":[{"name":"wp","href":"https:\/\/api.w.org\/{rel}","templated":true}]}}