{"id":4069,"date":"2021-02-25T12:04:27","date_gmt":"2021-02-25T11:04:27","guid":{"rendered":"https:\/\/e-cristians.cat\/?p=4069"},"modified":"2021-02-25T13:44:29","modified_gmt":"2021-02-25T12:44:29","slug":"seminario-online-librar-la-batalla-cultural","status":"publish","type":"post","link":"https:\/\/e-cristians.cat\/es\/seminario-online-librar-la-batalla-cultural\/","title":{"rendered":"Seminario online: \u00bfLibrar la batalla cultural?"},"content":{"rendered":"<p>La Fundaci\u00f3n Cultural \u00c1ngel Herrera Oria organiza el seminario online: <strong>\u00bfLibrar la batalla cultural? De la cultura pensada a la cultura vivida.\u00a0<\/strong><\/p>\n<p>El seminario tendr\u00e1 lugar los cinco <strong>lunes del mes de marzo<\/strong> a las <strong>19:30h. por Zoom<\/strong>. Cada sesi\u00f3n consistir\u00e1 en una mesa redonda con tres ponentes para hablar del tema desde distintos puntos de vista.<\/p>\n<p>Inscripci\u00f3n: <a href=\"mailto:info@fcahoria.es\" target=\"_blank\" rel=\"noopener\">info@fcahoria.es<\/a><\/p>\n<p>Existe la posibilidad de recibir un Diploma que certifique la asistencia al Seminario, junto con el libro que se editar\u00e1 con las ponencias del mismo, haciendo una aportaci\u00f3n de 15\u20ac, a la cuenta de la Fundaci\u00f3n Cultural \u00c1ngel Herrera Oria: ES78 0049 6596 2920 1601 2670.<\/p>\n<p><a ref=\"magnificPopup\" href=\"https:\/\/e-cristians.cat\/wp-content\/uploads\/2021\/02\/seminario-online.jpg\" target=\"_blank\" rel=\"noopener\"><img decoding=\"async\" class=\"wp-image-4070 aligncenter lazyload\" data-src=\"https:\/\/e-cristians.cat\/wp-content\/uploads\/2021\/02\/seminario-online-212x300.jpg\" alt=\"\" width=\"344\" height=\"486\" data-srcset=\"https:\/\/e-cristians.cat\/wp-content\/uploads\/2021\/02\/seminario-online-212x300.jpg 212w, https:\/\/e-cristians.cat\/wp-content\/uploads\/2021\/02\/seminario-online-600x848.jpg 600w, https:\/\/e-cristians.cat\/wp-content\/uploads\/2021\/02\/seminario-online-724x1024.jpg 724w, https:\/\/e-cristians.cat\/wp-content\/uploads\/2021\/02\/seminario-online-150x212.jpg 150w, https:\/\/e-cristians.cat\/wp-content\/uploads\/2021\/02\/seminario-online.jpg 1754w\" data-sizes=\"(max-width: 344px) 100vw, 344px\" src=\"data:image\/svg+xml;base64,PHN2ZyB3aWR0aD0iMSIgaGVpZ2h0PSIxIiB4bWxucz0iaHR0cDovL3d3dy53My5vcmcvMjAwMC9zdmciPjwvc3ZnPg==\" style=\"--smush-placeholder-width: 344px; --smush-placeholder-aspect-ratio: 344\/486;\" \/><\/a><\/p>\n<p>&nbsp;<\/p>\n","protected":false},"excerpt":{"rendered":"<p>La Fundaci\u00f3n Cultural \u00c1ngel Herrera Oria organiza el seminario online: \u00bfLibrar la batalla cultural? De la cultura pensada a la cultura vivida.\u00a0 El seminario tendr\u00e1 lugar los cinco lunes del mes de marzo a las 19:30h. por Zoom. Cada sesi\u00f3n consistir\u00e1 en una mesa redonda con tres ponentes para hablar del tema desde distintos puntos&#8230;<\/p>\n","protected":false},"author":2,"featured_media":4072,"comment_status":"closed","ping_status":"closed","sticky":false,"template":"","format":"standard","meta":{"_jetpack_memberships_contains_paid_content":false,"footnotes":""},"categories":[33,39],"tags":[],"class_list":["post-4069","post","type-post","status-publish","format-standard","has-post-thumbnail","hentry","category-altres-entitats-informacions-agenda-i-documents-es","category-portada_news-es"],"yoast_head":"<!-- This site is optimized with the Yoast SEO plugin v20.0 - https:\/\/yoast.com\/wordpress\/plugins\/seo\/ -->\n<title>Seminario online: \u00bfLibrar la batalla cultural? - e-Cristians<\/title>\n<meta name=\"robots\" content=\"noindex, nofollow\" \/>\n<meta property=\"og:locale\" content=\"es_ES\" \/>\n<meta property=\"og:type\" content=\"article\" \/>\n<meta property=\"og:title\" content=\"Seminario online: \u00bfLibrar la batalla cultural? - e-Cristians\" \/>\n<meta property=\"og:description\" content=\"La Fundaci\u00f3n Cultural \u00c1ngel Herrera Oria organiza el seminario online: \u00bfLibrar la batalla cultural? De la cultura pensada a la cultura vivida.\u00a0 El seminario tendr\u00e1 lugar los cinco lunes del mes de marzo a las 19:30h. por Zoom. Cada sesi\u00f3n consistir\u00e1 en una mesa redonda con tres ponentes para hablar del tema desde distintos puntos...\" \/>\n<meta property=\"og:url\" content=\"https:\/\/e-cristians.cat\/es\/seminario-online-librar-la-batalla-cultural\/\" \/>\n<meta property=\"og:site_name\" content=\"e-Cristians\" \/>\n<meta property=\"article:published_time\" content=\"2021-02-25T11:04:27+00:00\" \/>\n<meta property=\"article:modified_time\" content=\"2021-02-25T12:44:29+00:00\" \/>\n<meta property=\"og:image\" content=\"https:\/\/e-cristians.cat\/wp-content\/uploads\/2021\/02\/foto-seminari-online.jpg\" \/>\n\t<meta property=\"og:image:width\" content=\"1219\" \/>\n\t<meta property=\"og:image:height\" content=\"633\" \/>\n\t<meta property=\"og:image:type\" content=\"image\/jpeg\" \/>\n<meta name=\"author\" content=\"e-Cristians\" \/>\n<meta name=\"twitter:card\" content=\"summary_large_image\" \/>\n<meta name=\"twitter:label1\" content=\"Escrito por\" \/>\n\t<meta name=\"twitter:data1\" content=\"e-Cristians\" \/>\n\t<meta name=\"twitter:label2\" content=\"Tiempo de lectura\" \/>\n\t<meta name=\"twitter:data2\" content=\"1 minuto\" \/>\n<script type=\"application\/ld+json\" class=\"yoast-schema-graph\">{\"@context\":\"https:\/\/schema.org\",\"@graph\":[{\"@type\":\"WebPage\",\"@id\":\"https:\/\/e-cristians.cat\/es\/seminario-online-librar-la-batalla-cultural\/\",\"url\":\"https:\/\/e-cristians.cat\/es\/seminario-online-librar-la-batalla-cultural\/\",\"name\":\"Seminario online: \u00bfLibrar la batalla cultural? - e-Cristians\",\"isPartOf\":{\"@id\":\"https:\/\/e-cristians.cat\/#website\"},\"datePublished\":\"2021-02-25T11:04:27+00:00\",\"dateModified\":\"2021-02-25T12:44:29+00:00\",\"author\":{\"@id\":\"https:\/\/e-cristians.cat\/#\/schema\/person\/f0ec475338e49aaef9c9dc9d9f162861\"},\"breadcrumb\":{\"@id\":\"https:\/\/e-cristians.cat\/es\/seminario-online-librar-la-batalla-cultural\/#breadcrumb\"},\"inLanguage\":\"es\",\"potentialAction\":[{\"@type\":\"ReadAction\",\"target\":[\"https:\/\/e-cristians.cat\/es\/seminario-online-librar-la-batalla-cultural\/\"]}]},{\"@type\":\"BreadcrumbList\",\"@id\":\"https:\/\/e-cristians.cat\/es\/seminario-online-librar-la-batalla-cultural\/#breadcrumb\",\"itemListElement\":[{\"@type\":\"ListItem\",\"position\":1,\"name\":\"Inici\",\"item\":\"https:\/\/e-cristians.cat\/es\/\"},{\"@type\":\"ListItem\",\"position\":2,\"name\":\"Seminario online: \u00bfLibrar la batalla cultural?\"}]},{\"@type\":\"WebSite\",\"@id\":\"https:\/\/e-cristians.cat\/#website\",\"url\":\"https:\/\/e-cristians.cat\/\",\"name\":\"e-Cristians\",\"description\":\"\",\"potentialAction\":[{\"@type\":\"SearchAction\",\"target\":{\"@type\":\"EntryPoint\",\"urlTemplate\":\"https:\/\/e-cristians.cat\/?s={search_term_string}\"},\"query-input\":\"required name=search_term_string\"}],\"inLanguage\":\"es\"},{\"@type\":\"Person\",\"@id\":\"https:\/\/e-cristians.cat\/#\/schema\/person\/f0ec475338e49aaef9c9dc9d9f162861\",\"name\":\"e-Cristians\",\"image\":{\"@type\":\"ImageObject\",\"inLanguage\":\"es\",\"@id\":\"https:\/\/e-cristians.cat\/#\/schema\/person\/image\/\",\"url\":\"https:\/\/secure.gravatar.com\/avatar\/14bc9e5b0ca69070f1075ad3efcb33c4?s=96&d=mm&r=g\",\"contentUrl\":\"https:\/\/secure.gravatar.com\/avatar\/14bc9e5b0ca69070f1075ad3efcb33c4?s=96&d=mm&r=g\",\"caption\":\"e-Cristians\"}}]}<\/script>\n<!-- \/ Yoast SEO plugin. -->","yoast_head_json":{"title":"Seminario online: \u00bfLibrar la batalla cultural? - e-Cristians","robots":{"index":"noindex","follow":"nofollow"},"og_locale":"es_ES","og_type":"article","og_title":"Seminario online: \u00bfLibrar la batalla cultural? - e-Cristians","og_description":"La Fundaci\u00f3n Cultural \u00c1ngel Herrera Oria organiza el seminario online: \u00bfLibrar la batalla cultural? De la cultura pensada a la cultura vivida.\u00a0 El seminario tendr\u00e1 lugar los cinco lunes del mes de marzo a las 19:30h. por Zoom. Cada sesi\u00f3n consistir\u00e1 en una mesa redonda con tres ponentes para hablar del tema desde distintos puntos...","og_url":"https:\/\/e-cristians.cat\/es\/seminario-online-librar-la-batalla-cultural\/","og_site_name":"e-Cristians","article_published_time":"2021-02-25T11:04:27+00:00","article_modified_time":"2021-02-25T12:44:29+00:00","og_image":[{"width":1219,"height":633,"url":"https:\/\/e-cristians.cat\/wp-content\/uploads\/2021\/02\/foto-seminari-online.jpg","type":"image\/jpeg"}],"author":"e-Cristians","twitter_card":"summary_large_image","twitter_misc":{"Escrito por":"e-Cristians","Tiempo de lectura":"1 minuto"},"schema":{"@context":"https:\/\/schema.org","@graph":[{"@type":"WebPage","@id":"https:\/\/e-cristians.cat\/es\/seminario-online-librar-la-batalla-cultural\/","url":"https:\/\/e-cristians.cat\/es\/seminario-online-librar-la-batalla-cultural\/","name":"Seminario online: \u00bfLibrar la batalla cultural? - e-Cristians","isPartOf":{"@id":"https:\/\/e-cristians.cat\/#website"},"datePublished":"2021-02-25T11:04:27+00:00","dateModified":"2021-02-25T12:44:29+00:00","author":{"@id":"https:\/\/e-cristians.cat\/#\/schema\/person\/f0ec475338e49aaef9c9dc9d9f162861"},"breadcrumb":{"@id":"https:\/\/e-cristians.cat\/es\/seminario-online-librar-la-batalla-cultural\/#breadcrumb"},"inLanguage":"es","potentialAction":[{"@type":"ReadAction","target":["https:\/\/e-cristians.cat\/es\/seminario-online-librar-la-batalla-cultural\/"]}]},{"@type":"BreadcrumbList","@id":"https:\/\/e-cristians.cat\/es\/seminario-online-librar-la-batalla-cultural\/#breadcrumb","itemListElement":[{"@type":"ListItem","position":1,"name":"Inici","item":"https:\/\/e-cristians.cat\/es\/"},{"@type":"ListItem","position":2,"name":"Seminario online: \u00bfLibrar la batalla cultural?"}]},{"@type":"WebSite","@id":"https:\/\/e-cristians.cat\/#website","url":"https:\/\/e-cristians.cat\/","name":"e-Cristians","description":"","potentialAction":[{"@type":"SearchAction","target":{"@type":"EntryPoint","urlTemplate":"https:\/\/e-cristians.cat\/?s={search_term_string}"},"query-input":"required name=search_term_string"}],"inLanguage":"es"},{"@type":"Person","@id":"https:\/\/e-cristians.cat\/#\/schema\/person\/f0ec475338e49aaef9c9dc9d9f162861","name":"e-Cristians","image":{"@type":"ImageObject","inLanguage":"es","@id":"https:\/\/e-cristians.cat\/#\/schema\/person\/image\/","url":"https:\/\/secure.gravatar.com\/avatar\/14bc9e5b0ca69070f1075ad3efcb33c4?s=96&d=mm&r=g","contentUrl":"https:\/\/secure.gravatar.com\/avatar\/14bc9e5b0ca69070f1075ad3efcb33c4?s=96&d=mm&r=g","caption":"e-Cristians"}}]}},"jetpack_sharing_enabled":true,"jetpack_featured_media_url":"https:\/\/e-cristians.cat\/wp-content\/uploads\/2021\/02\/foto-seminari-online.jpg","_links":{"self":[{"href":"https:\/\/e-cristians.cat\/es\/wp-json\/wp\/v2\/posts\/4069"}],"collection":[{"href":"https:\/\/e-cristians.cat\/es\/wp-json\/wp\/v2\/posts"}],"about":[{"href":"https:\/\/e-cristians.cat\/es\/wp-json\/wp\/v2\/types\/post"}],"author":[{"embeddable":true,"href":"https:\/\/e-cristians.cat\/es\/wp-json\/wp\/v2\/users\/2"}],"replies":[{"embeddable":true,"href":"https:\/\/e-cristians.cat\/es\/wp-json\/wp\/v2\/comments?post=4069"}],"version-history":[{"count":4,"href":"https:\/\/e-cristians.cat\/es\/wp-json\/wp\/v2\/posts\/4069\/revisions"}],"predecessor-version":[{"id":4082,"href":"https:\/\/e-cristians.cat\/es\/wp-json\/wp\/v2\/posts\/4069\/revisions\/4082"}],"wp:featuredmedia":[{"embeddable":true,"href":"https:\/\/e-cristians.cat\/es\/wp-json\/wp\/v2\/media\/4072"}],"wp:attachment":[{"href":"https:\/\/e-cristians.cat\/es\/wp-json\/wp\/v2\/media?parent=4069"}],"wp:term":[{"taxonomy":"category","embeddable":true,"href":"https:\/\/e-cristians.cat\/es\/wp-json\/wp\/v2\/categories?post=4069"},{"taxonomy":"post_tag","embeddable":true,"href":"https:\/\/e-cristians.cat\/es\/wp-json\/wp\/v2\/tags?post=4069"}],"curies":[{"name":"wp","href":"https:\/\/api.w.org\/{rel}","templated":true}]}}