{"id":4083,"date":"2021-02-25T12:15:43","date_gmt":"2021-02-25T11:15:43","guid":{"rendered":"https:\/\/e-cristians.cat\/?p=4083"},"modified":"2021-02-25T12:15:43","modified_gmt":"2021-02-25T11:15:43","slug":"8-m-y-covid-19-la-prepotencia-del-feminismo-gubernamental","status":"publish","type":"post","link":"https:\/\/e-cristians.cat\/es\/8-m-y-covid-19-la-prepotencia-del-feminismo-gubernamental\/","title":{"rendered":"8-M y Covid 19: La prepotencia del feminismo gubernamental"},"content":{"rendered":"<p><em>ForumLibertas.com<\/em><\/p>\n<p>Est\u00e1 en la memoria del pueblo lo que significaron las\u00a0<a href=\"https:\/\/www.forumlibertas.com\/sobre-la-huelga-feminista-del-8-de-marzo\/\" target=\"_blank\" rel=\"noopener\">manifestaciones feministas del pasado 8 de marzo<\/a> como vectores de difusi\u00f3n de la Covid 19, sobre todo en Madrid, que fue el lugar donde la concentraci\u00f3n de personas result\u00f3 mayor. Lo \u00fanico que puede decirse en su descargo es que no fueron los \u00fanicos actos masivos autorizados por un gobierno que oscil\u00f3 entre la irresponsabilidad y la incompetencia. <a href=\"https:\/\/www.forumlibertas.com\/8-m-y-covid-19-la-prepotencia-del-feminismo-gubernamental\/\" target=\"_blank\" rel=\"noopener\">Leer m\u00e1s.<\/a><\/p>\n","protected":false},"excerpt":{"rendered":"<p>ForumLibertas.com Est\u00e1 en la memoria del pueblo lo que significaron las\u00a0manifestaciones feministas del pasado 8 de marzo como vectores de difusi\u00f3n de la Covid 19, sobre todo en Madrid, que fue el lugar donde la concentraci\u00f3n de personas result\u00f3 mayor. Lo \u00fanico que puede decirse en su descargo es que no fueron los \u00fanicos actos&#8230;<\/p>\n","protected":false},"author":2,"featured_media":4084,"comment_status":"closed","ping_status":"closed","sticky":false,"template":"","format":"standard","meta":{"_jetpack_memberships_contains_paid_content":false,"footnotes":""},"categories":[34,39],"tags":[],"class_list":["post-4083","post","type-post","status-publish","format-standard","has-post-thumbnail","hentry","category-editorials-i-blogs-de-forumlibertas-es","category-portada_news-es"],"yoast_head":"<!-- This site is optimized with the Yoast SEO plugin v20.0 - https:\/\/yoast.com\/wordpress\/plugins\/seo\/ -->\n<title>8-M y Covid 19: La prepotencia del feminismo gubernamental - e-Cristians<\/title>\n<meta name=\"robots\" content=\"noindex, nofollow\" \/>\n<meta property=\"og:locale\" content=\"es_ES\" \/>\n<meta property=\"og:type\" content=\"article\" \/>\n<meta property=\"og:title\" content=\"8-M y Covid 19: La prepotencia del feminismo gubernamental - e-Cristians\" \/>\n<meta property=\"og:description\" content=\"ForumLibertas.com Est\u00e1 en la memoria del pueblo lo que significaron las\u00a0manifestaciones feministas del pasado 8 de marzo como vectores de difusi\u00f3n de la Covid 19, sobre todo en Madrid, que fue el lugar donde la concentraci\u00f3n de personas result\u00f3 mayor. Lo \u00fanico que puede decirse en su descargo es que no fueron los \u00fanicos actos...\" \/>\n<meta property=\"og:url\" content=\"https:\/\/e-cristians.cat\/es\/8-m-y-covid-19-la-prepotencia-del-feminismo-gubernamental\/\" \/>\n<meta property=\"og:site_name\" content=\"e-Cristians\" \/>\n<meta property=\"article:published_time\" content=\"2021-02-25T11:15:43+00:00\" \/>\n<meta property=\"og:image\" content=\"https:\/\/e-cristians.cat\/wp-content\/uploads\/2021\/02\/manifestacio-feminista-8-marc-07032019-600x337-1.jpg\" \/>\n\t<meta property=\"og:image:width\" content=\"600\" \/>\n\t<meta property=\"og:image:height\" content=\"337\" \/>\n\t<meta property=\"og:image:type\" content=\"image\/jpeg\" \/>\n<meta name=\"author\" content=\"e-Cristians\" \/>\n<meta name=\"twitter:card\" content=\"summary_large_image\" \/>\n<meta name=\"twitter:label1\" content=\"Escrito por\" \/>\n\t<meta name=\"twitter:data1\" content=\"e-Cristians\" \/>\n\t<meta name=\"twitter:label2\" content=\"Tiempo de lectura\" \/>\n\t<meta name=\"twitter:data2\" content=\"1 minuto\" \/>\n<script type=\"application\/ld+json\" class=\"yoast-schema-graph\">{\"@context\":\"https:\/\/schema.org\",\"@graph\":[{\"@type\":\"WebPage\",\"@id\":\"https:\/\/e-cristians.cat\/es\/8-m-y-covid-19-la-prepotencia-del-feminismo-gubernamental\/\",\"url\":\"https:\/\/e-cristians.cat\/es\/8-m-y-covid-19-la-prepotencia-del-feminismo-gubernamental\/\",\"name\":\"8-M y Covid 19: La prepotencia del feminismo gubernamental - e-Cristians\",\"isPartOf\":{\"@id\":\"https:\/\/e-cristians.cat\/#website\"},\"datePublished\":\"2021-02-25T11:15:43+00:00\",\"dateModified\":\"2021-02-25T11:15:43+00:00\",\"author\":{\"@id\":\"https:\/\/e-cristians.cat\/#\/schema\/person\/f0ec475338e49aaef9c9dc9d9f162861\"},\"breadcrumb\":{\"@id\":\"https:\/\/e-cristians.cat\/es\/8-m-y-covid-19-la-prepotencia-del-feminismo-gubernamental\/#breadcrumb\"},\"inLanguage\":\"es\",\"potentialAction\":[{\"@type\":\"ReadAction\",\"target\":[\"https:\/\/e-cristians.cat\/es\/8-m-y-covid-19-la-prepotencia-del-feminismo-gubernamental\/\"]}]},{\"@type\":\"BreadcrumbList\",\"@id\":\"https:\/\/e-cristians.cat\/es\/8-m-y-covid-19-la-prepotencia-del-feminismo-gubernamental\/#breadcrumb\",\"itemListElement\":[{\"@type\":\"ListItem\",\"position\":1,\"name\":\"Inici\",\"item\":\"https:\/\/e-cristians.cat\/es\/\"},{\"@type\":\"ListItem\",\"position\":2,\"name\":\"8-M y Covid 19: La prepotencia del feminismo gubernamental\"}]},{\"@type\":\"WebSite\",\"@id\":\"https:\/\/e-cristians.cat\/#website\",\"url\":\"https:\/\/e-cristians.cat\/\",\"name\":\"e-Cristians\",\"description\":\"\",\"potentialAction\":[{\"@type\":\"SearchAction\",\"target\":{\"@type\":\"EntryPoint\",\"urlTemplate\":\"https:\/\/e-cristians.cat\/?s={search_term_string}\"},\"query-input\":\"required name=search_term_string\"}],\"inLanguage\":\"es\"},{\"@type\":\"Person\",\"@id\":\"https:\/\/e-cristians.cat\/#\/schema\/person\/f0ec475338e49aaef9c9dc9d9f162861\",\"name\":\"e-Cristians\",\"image\":{\"@type\":\"ImageObject\",\"inLanguage\":\"es\",\"@id\":\"https:\/\/e-cristians.cat\/#\/schema\/person\/image\/\",\"url\":\"https:\/\/secure.gravatar.com\/avatar\/14bc9e5b0ca69070f1075ad3efcb33c4?s=96&d=mm&r=g\",\"contentUrl\":\"https:\/\/secure.gravatar.com\/avatar\/14bc9e5b0ca69070f1075ad3efcb33c4?s=96&d=mm&r=g\",\"caption\":\"e-Cristians\"}}]}<\/script>\n<!-- \/ Yoast SEO plugin. -->","yoast_head_json":{"title":"8-M y Covid 19: La prepotencia del feminismo gubernamental - e-Cristians","robots":{"index":"noindex","follow":"nofollow"},"og_locale":"es_ES","og_type":"article","og_title":"8-M y Covid 19: La prepotencia del feminismo gubernamental - e-Cristians","og_description":"ForumLibertas.com Est\u00e1 en la memoria del pueblo lo que significaron las\u00a0manifestaciones feministas del pasado 8 de marzo como vectores de difusi\u00f3n de la Covid 19, sobre todo en Madrid, que fue el lugar donde la concentraci\u00f3n de personas result\u00f3 mayor. Lo \u00fanico que puede decirse en su descargo es que no fueron los \u00fanicos actos...","og_url":"https:\/\/e-cristians.cat\/es\/8-m-y-covid-19-la-prepotencia-del-feminismo-gubernamental\/","og_site_name":"e-Cristians","article_published_time":"2021-02-25T11:15:43+00:00","og_image":[{"width":600,"height":337,"url":"https:\/\/e-cristians.cat\/wp-content\/uploads\/2021\/02\/manifestacio-feminista-8-marc-07032019-600x337-1.jpg","type":"image\/jpeg"}],"author":"e-Cristians","twitter_card":"summary_large_image","twitter_misc":{"Escrito por":"e-Cristians","Tiempo de lectura":"1 minuto"},"schema":{"@context":"https:\/\/schema.org","@graph":[{"@type":"WebPage","@id":"https:\/\/e-cristians.cat\/es\/8-m-y-covid-19-la-prepotencia-del-feminismo-gubernamental\/","url":"https:\/\/e-cristians.cat\/es\/8-m-y-covid-19-la-prepotencia-del-feminismo-gubernamental\/","name":"8-M y Covid 19: La prepotencia del feminismo gubernamental - e-Cristians","isPartOf":{"@id":"https:\/\/e-cristians.cat\/#website"},"datePublished":"2021-02-25T11:15:43+00:00","dateModified":"2021-02-25T11:15:43+00:00","author":{"@id":"https:\/\/e-cristians.cat\/#\/schema\/person\/f0ec475338e49aaef9c9dc9d9f162861"},"breadcrumb":{"@id":"https:\/\/e-cristians.cat\/es\/8-m-y-covid-19-la-prepotencia-del-feminismo-gubernamental\/#breadcrumb"},"inLanguage":"es","potentialAction":[{"@type":"ReadAction","target":["https:\/\/e-cristians.cat\/es\/8-m-y-covid-19-la-prepotencia-del-feminismo-gubernamental\/"]}]},{"@type":"BreadcrumbList","@id":"https:\/\/e-cristians.cat\/es\/8-m-y-covid-19-la-prepotencia-del-feminismo-gubernamental\/#breadcrumb","itemListElement":[{"@type":"ListItem","position":1,"name":"Inici","item":"https:\/\/e-cristians.cat\/es\/"},{"@type":"ListItem","position":2,"name":"8-M y Covid 19: La prepotencia del feminismo gubernamental"}]},{"@type":"WebSite","@id":"https:\/\/e-cristians.cat\/#website","url":"https:\/\/e-cristians.cat\/","name":"e-Cristians","description":"","potentialAction":[{"@type":"SearchAction","target":{"@type":"EntryPoint","urlTemplate":"https:\/\/e-cristians.cat\/?s={search_term_string}"},"query-input":"required name=search_term_string"}],"inLanguage":"es"},{"@type":"Person","@id":"https:\/\/e-cristians.cat\/#\/schema\/person\/f0ec475338e49aaef9c9dc9d9f162861","name":"e-Cristians","image":{"@type":"ImageObject","inLanguage":"es","@id":"https:\/\/e-cristians.cat\/#\/schema\/person\/image\/","url":"https:\/\/secure.gravatar.com\/avatar\/14bc9e5b0ca69070f1075ad3efcb33c4?s=96&d=mm&r=g","contentUrl":"https:\/\/secure.gravatar.com\/avatar\/14bc9e5b0ca69070f1075ad3efcb33c4?s=96&d=mm&r=g","caption":"e-Cristians"}}]}},"jetpack_sharing_enabled":true,"jetpack_featured_media_url":"https:\/\/e-cristians.cat\/wp-content\/uploads\/2021\/02\/manifestacio-feminista-8-marc-07032019-600x337-1.jpg","_links":{"self":[{"href":"https:\/\/e-cristians.cat\/es\/wp-json\/wp\/v2\/posts\/4083"}],"collection":[{"href":"https:\/\/e-cristians.cat\/es\/wp-json\/wp\/v2\/posts"}],"about":[{"href":"https:\/\/e-cristians.cat\/es\/wp-json\/wp\/v2\/types\/post"}],"author":[{"embeddable":true,"href":"https:\/\/e-cristians.cat\/es\/wp-json\/wp\/v2\/users\/2"}],"replies":[{"embeddable":true,"href":"https:\/\/e-cristians.cat\/es\/wp-json\/wp\/v2\/comments?post=4083"}],"version-history":[{"count":1,"href":"https:\/\/e-cristians.cat\/es\/wp-json\/wp\/v2\/posts\/4083\/revisions"}],"predecessor-version":[{"id":4086,"href":"https:\/\/e-cristians.cat\/es\/wp-json\/wp\/v2\/posts\/4083\/revisions\/4086"}],"wp:featuredmedia":[{"embeddable":true,"href":"https:\/\/e-cristians.cat\/es\/wp-json\/wp\/v2\/media\/4084"}],"wp:attachment":[{"href":"https:\/\/e-cristians.cat\/es\/wp-json\/wp\/v2\/media?parent=4083"}],"wp:term":[{"taxonomy":"category","embeddable":true,"href":"https:\/\/e-cristians.cat\/es\/wp-json\/wp\/v2\/categories?post=4083"},{"taxonomy":"post_tag","embeddable":true,"href":"https:\/\/e-cristians.cat\/es\/wp-json\/wp\/v2\/tags?post=4083"}],"curies":[{"name":"wp","href":"https:\/\/api.w.org\/{rel}","templated":true}]}}