{"id":41251,"date":"2022-02-23T16:15:45","date_gmt":"2022-02-23T15:15:45","guid":{"rendered":"https:\/\/e-cristians.cat\/?p=41251"},"modified":"2022-02-23T16:21:00","modified_gmt":"2022-02-23T15:21:00","slug":"inscripciones-campana-40-dias-por-la-vida","status":"publish","type":"post","link":"https:\/\/e-cristians.cat\/es\/inscripciones-campana-40-dias-por-la-vida\/","title":{"rendered":"Abiertas las inscripciones\u00a0para la pr\u00f3xima campa\u00f1a de\u00a040 D\u00edas por la Vida"},"content":{"rendered":"<p><strong>40 D\u00edas por la Vida<\/strong>\u00a0es una campa\u00f1a mundial de 40 d\u00edas dirigida a\u00a0<strong>acabar con el aborto<\/strong>\u00a0a nivel local mediante la\u00a0<strong>oraci\u00f3n<\/strong>, el\u00a0<strong>ayuno<\/strong>, la\u00a0<strong>sensibilizaci\u00f3n<\/strong>\u00a0de la comunidad y una\u00a0<strong>vigilia pac\u00edfica, diaria<\/strong> y constante frente a las cl\u00ednicas donde se realizan abortos.<\/p>\n<p><strong>Ya est\u00e1n abiertas las inscripciones<\/strong>\u00a0para la pr\u00f3xima campa\u00f1a de\u00a040 D\u00edas por la Vida.<\/p>\n<p>\u00a1\u00a1Esta\u00a0Cuaresma\u00a040 D\u00edas por la Vida vuelve con el doble de campa\u00f1as y con m\u00e1s ilusi\u00f3n!!<\/p>\n<p><strong>Del 2 de marzo al 10 de abril. <\/strong><\/p>\n<p><strong>I<\/strong><strong>nscr\u00edbete en tu ciudad<\/strong> <em>en <\/em><a href=\"https:\/\/40diasporlavida.online\/\" target=\"_blank\" rel=\"noopener\">40diasporlavida.online<\/a> y forma parte del principio del fin del aborto.<\/p>\n<p><strong>\u00a1Con 1 hora de tu tiempo puedes ayudar mucho!<\/strong><\/p>\n<p>&nbsp;<\/p>\n","protected":false},"excerpt":{"rendered":"<p>40 D\u00edas por la Vida\u00a0es una campa\u00f1a mundial de 40 d\u00edas dirigida a\u00a0acabar con el aborto\u00a0a nivel local mediante la\u00a0oraci\u00f3n, el\u00a0ayuno, la\u00a0sensibilizaci\u00f3n\u00a0de la comunidad y una\u00a0vigilia pac\u00edfica, diaria y constante frente a las cl\u00ednicas donde se realizan abortos. Ya est\u00e1n abiertas las inscripciones\u00a0para la pr\u00f3xima campa\u00f1a de\u00a040 D\u00edas por la Vida. \u00a1\u00a1Esta\u00a0Cuaresma\u00a040 D\u00edas por la&#8230;<\/p>\n","protected":false},"author":2,"featured_media":41253,"comment_status":"closed","ping_status":"closed","sticky":false,"template":"","format":"standard","meta":{"_jetpack_memberships_contains_paid_content":false,"footnotes":""},"categories":[33,39],"tags":[],"class_list":["post-41251","post","type-post","status-publish","format-standard","has-post-thumbnail","hentry","category-altres-entitats-informacions-agenda-i-documents-es","category-portada_news-es"],"yoast_head":"<!-- This site is optimized with the Yoast SEO plugin v20.0 - https:\/\/yoast.com\/wordpress\/plugins\/seo\/ -->\n<title>Abiertas las inscripciones\u00a0para la pr\u00f3xima campa\u00f1a de\u00a040 D\u00edas por la Vida - e-Cristians<\/title>\n<meta name=\"robots\" content=\"noindex, nofollow\" \/>\n<meta property=\"og:locale\" content=\"es_ES\" \/>\n<meta property=\"og:type\" content=\"article\" \/>\n<meta property=\"og:title\" content=\"Abiertas las inscripciones\u00a0para la pr\u00f3xima campa\u00f1a de\u00a040 D\u00edas por la Vida - e-Cristians\" \/>\n<meta property=\"og:description\" content=\"40 D\u00edas por la Vida\u00a0es una campa\u00f1a mundial de 40 d\u00edas dirigida a\u00a0acabar con el aborto\u00a0a nivel local mediante la\u00a0oraci\u00f3n, el\u00a0ayuno, la\u00a0sensibilizaci\u00f3n\u00a0de la comunidad y una\u00a0vigilia pac\u00edfica, diaria y constante frente a las cl\u00ednicas donde se realizan abortos. Ya est\u00e1n abiertas las inscripciones\u00a0para la pr\u00f3xima campa\u00f1a de\u00a040 D\u00edas por la Vida. \u00a1\u00a1Esta\u00a0Cuaresma\u00a040 D\u00edas por la...\" \/>\n<meta property=\"og:url\" content=\"https:\/\/e-cristians.cat\/es\/inscripciones-campana-40-dias-por-la-vida\/\" \/>\n<meta property=\"og:site_name\" content=\"e-Cristians\" \/>\n<meta property=\"article:published_time\" content=\"2022-02-23T15:15:45+00:00\" \/>\n<meta property=\"article:modified_time\" content=\"2022-02-23T15:21:00+00:00\" \/>\n<meta property=\"og:image\" content=\"https:\/\/e-cristians.cat\/wp-content\/uploads\/2022\/02\/IMG-20220222-WA0004.jpg\" \/>\n\t<meta property=\"og:image:width\" content=\"1012\" \/>\n\t<meta property=\"og:image:height\" content=\"1419\" \/>\n\t<meta property=\"og:image:type\" content=\"image\/jpeg\" \/>\n<meta name=\"author\" content=\"e-Cristians\" \/>\n<meta name=\"twitter:card\" content=\"summary_large_image\" \/>\n<meta name=\"twitter:label1\" content=\"Escrito por\" \/>\n\t<meta name=\"twitter:data1\" content=\"e-Cristians\" \/>\n\t<meta name=\"twitter:label2\" content=\"Tiempo de lectura\" \/>\n\t<meta name=\"twitter:data2\" content=\"1 minuto\" \/>\n<script type=\"application\/ld+json\" class=\"yoast-schema-graph\">{\"@context\":\"https:\/\/schema.org\",\"@graph\":[{\"@type\":\"WebPage\",\"@id\":\"https:\/\/e-cristians.cat\/es\/inscripciones-campana-40-dias-por-la-vida\/\",\"url\":\"https:\/\/e-cristians.cat\/es\/inscripciones-campana-40-dias-por-la-vida\/\",\"name\":\"Abiertas las inscripciones\u00a0para la pr\u00f3xima campa\u00f1a de\u00a040 D\u00edas por la Vida - e-Cristians\",\"isPartOf\":{\"@id\":\"https:\/\/e-cristians.cat\/#website\"},\"datePublished\":\"2022-02-23T15:15:45+00:00\",\"dateModified\":\"2022-02-23T15:21:00+00:00\",\"author\":{\"@id\":\"https:\/\/e-cristians.cat\/#\/schema\/person\/f0ec475338e49aaef9c9dc9d9f162861\"},\"breadcrumb\":{\"@id\":\"https:\/\/e-cristians.cat\/es\/inscripciones-campana-40-dias-por-la-vida\/#breadcrumb\"},\"inLanguage\":\"es\",\"potentialAction\":[{\"@type\":\"ReadAction\",\"target\":[\"https:\/\/e-cristians.cat\/es\/inscripciones-campana-40-dias-por-la-vida\/\"]}]},{\"@type\":\"BreadcrumbList\",\"@id\":\"https:\/\/e-cristians.cat\/es\/inscripciones-campana-40-dias-por-la-vida\/#breadcrumb\",\"itemListElement\":[{\"@type\":\"ListItem\",\"position\":1,\"name\":\"Inici\",\"item\":\"https:\/\/e-cristians.cat\/es\/\"},{\"@type\":\"ListItem\",\"position\":2,\"name\":\"Abiertas las inscripciones\u00a0para la pr\u00f3xima campa\u00f1a de\u00a040 D\u00edas por la Vida\"}]},{\"@type\":\"WebSite\",\"@id\":\"https:\/\/e-cristians.cat\/#website\",\"url\":\"https:\/\/e-cristians.cat\/\",\"name\":\"e-Cristians\",\"description\":\"\",\"potentialAction\":[{\"@type\":\"SearchAction\",\"target\":{\"@type\":\"EntryPoint\",\"urlTemplate\":\"https:\/\/e-cristians.cat\/?s={search_term_string}\"},\"query-input\":\"required name=search_term_string\"}],\"inLanguage\":\"es\"},{\"@type\":\"Person\",\"@id\":\"https:\/\/e-cristians.cat\/#\/schema\/person\/f0ec475338e49aaef9c9dc9d9f162861\",\"name\":\"e-Cristians\",\"image\":{\"@type\":\"ImageObject\",\"inLanguage\":\"es\",\"@id\":\"https:\/\/e-cristians.cat\/#\/schema\/person\/image\/\",\"url\":\"https:\/\/secure.gravatar.com\/avatar\/14bc9e5b0ca69070f1075ad3efcb33c4?s=96&d=mm&r=g\",\"contentUrl\":\"https:\/\/secure.gravatar.com\/avatar\/14bc9e5b0ca69070f1075ad3efcb33c4?s=96&d=mm&r=g\",\"caption\":\"e-Cristians\"}}]}<\/script>\n<!-- \/ Yoast SEO plugin. -->","yoast_head_json":{"title":"Abiertas las inscripciones\u00a0para la pr\u00f3xima campa\u00f1a de\u00a040 D\u00edas por la Vida - e-Cristians","robots":{"index":"noindex","follow":"nofollow"},"og_locale":"es_ES","og_type":"article","og_title":"Abiertas las inscripciones\u00a0para la pr\u00f3xima campa\u00f1a de\u00a040 D\u00edas por la Vida - e-Cristians","og_description":"40 D\u00edas por la Vida\u00a0es una campa\u00f1a mundial de 40 d\u00edas dirigida a\u00a0acabar con el aborto\u00a0a nivel local mediante la\u00a0oraci\u00f3n, el\u00a0ayuno, la\u00a0sensibilizaci\u00f3n\u00a0de la comunidad y una\u00a0vigilia pac\u00edfica, diaria y constante frente a las cl\u00ednicas donde se realizan abortos. Ya est\u00e1n abiertas las inscripciones\u00a0para la pr\u00f3xima campa\u00f1a de\u00a040 D\u00edas por la Vida. \u00a1\u00a1Esta\u00a0Cuaresma\u00a040 D\u00edas por la...","og_url":"https:\/\/e-cristians.cat\/es\/inscripciones-campana-40-dias-por-la-vida\/","og_site_name":"e-Cristians","article_published_time":"2022-02-23T15:15:45+00:00","article_modified_time":"2022-02-23T15:21:00+00:00","og_image":[{"width":1012,"height":1419,"url":"https:\/\/e-cristians.cat\/wp-content\/uploads\/2022\/02\/IMG-20220222-WA0004.jpg","type":"image\/jpeg"}],"author":"e-Cristians","twitter_card":"summary_large_image","twitter_misc":{"Escrito por":"e-Cristians","Tiempo de lectura":"1 minuto"},"schema":{"@context":"https:\/\/schema.org","@graph":[{"@type":"WebPage","@id":"https:\/\/e-cristians.cat\/es\/inscripciones-campana-40-dias-por-la-vida\/","url":"https:\/\/e-cristians.cat\/es\/inscripciones-campana-40-dias-por-la-vida\/","name":"Abiertas las inscripciones\u00a0para la pr\u00f3xima campa\u00f1a de\u00a040 D\u00edas por la Vida - e-Cristians","isPartOf":{"@id":"https:\/\/e-cristians.cat\/#website"},"datePublished":"2022-02-23T15:15:45+00:00","dateModified":"2022-02-23T15:21:00+00:00","author":{"@id":"https:\/\/e-cristians.cat\/#\/schema\/person\/f0ec475338e49aaef9c9dc9d9f162861"},"breadcrumb":{"@id":"https:\/\/e-cristians.cat\/es\/inscripciones-campana-40-dias-por-la-vida\/#breadcrumb"},"inLanguage":"es","potentialAction":[{"@type":"ReadAction","target":["https:\/\/e-cristians.cat\/es\/inscripciones-campana-40-dias-por-la-vida\/"]}]},{"@type":"BreadcrumbList","@id":"https:\/\/e-cristians.cat\/es\/inscripciones-campana-40-dias-por-la-vida\/#breadcrumb","itemListElement":[{"@type":"ListItem","position":1,"name":"Inici","item":"https:\/\/e-cristians.cat\/es\/"},{"@type":"ListItem","position":2,"name":"Abiertas las inscripciones\u00a0para la pr\u00f3xima campa\u00f1a de\u00a040 D\u00edas por la Vida"}]},{"@type":"WebSite","@id":"https:\/\/e-cristians.cat\/#website","url":"https:\/\/e-cristians.cat\/","name":"e-Cristians","description":"","potentialAction":[{"@type":"SearchAction","target":{"@type":"EntryPoint","urlTemplate":"https:\/\/e-cristians.cat\/?s={search_term_string}"},"query-input":"required name=search_term_string"}],"inLanguage":"es"},{"@type":"Person","@id":"https:\/\/e-cristians.cat\/#\/schema\/person\/f0ec475338e49aaef9c9dc9d9f162861","name":"e-Cristians","image":{"@type":"ImageObject","inLanguage":"es","@id":"https:\/\/e-cristians.cat\/#\/schema\/person\/image\/","url":"https:\/\/secure.gravatar.com\/avatar\/14bc9e5b0ca69070f1075ad3efcb33c4?s=96&d=mm&r=g","contentUrl":"https:\/\/secure.gravatar.com\/avatar\/14bc9e5b0ca69070f1075ad3efcb33c4?s=96&d=mm&r=g","caption":"e-Cristians"}}]}},"jetpack_sharing_enabled":true,"jetpack_featured_media_url":"https:\/\/e-cristians.cat\/wp-content\/uploads\/2022\/02\/IMG-20220222-WA0004.jpg","_links":{"self":[{"href":"https:\/\/e-cristians.cat\/es\/wp-json\/wp\/v2\/posts\/41251"}],"collection":[{"href":"https:\/\/e-cristians.cat\/es\/wp-json\/wp\/v2\/posts"}],"about":[{"href":"https:\/\/e-cristians.cat\/es\/wp-json\/wp\/v2\/types\/post"}],"author":[{"embeddable":true,"href":"https:\/\/e-cristians.cat\/es\/wp-json\/wp\/v2\/users\/2"}],"replies":[{"embeddable":true,"href":"https:\/\/e-cristians.cat\/es\/wp-json\/wp\/v2\/comments?post=41251"}],"version-history":[{"count":2,"href":"https:\/\/e-cristians.cat\/es\/wp-json\/wp\/v2\/posts\/41251\/revisions"}],"predecessor-version":[{"id":41257,"href":"https:\/\/e-cristians.cat\/es\/wp-json\/wp\/v2\/posts\/41251\/revisions\/41257"}],"wp:featuredmedia":[{"embeddable":true,"href":"https:\/\/e-cristians.cat\/es\/wp-json\/wp\/v2\/media\/41253"}],"wp:attachment":[{"href":"https:\/\/e-cristians.cat\/es\/wp-json\/wp\/v2\/media?parent=41251"}],"wp:term":[{"taxonomy":"category","embeddable":true,"href":"https:\/\/e-cristians.cat\/es\/wp-json\/wp\/v2\/categories?post=41251"},{"taxonomy":"post_tag","embeddable":true,"href":"https:\/\/e-cristians.cat\/es\/wp-json\/wp\/v2\/tags?post=41251"}],"curies":[{"name":"wp","href":"https:\/\/api.w.org\/{rel}","templated":true}]}}