{"id":41260,"date":"2022-02-23T16:29:44","date_gmt":"2022-02-23T15:29:44","guid":{"rendered":"https:\/\/e-cristians.cat\/?p=41260"},"modified":"2022-02-23T16:47:38","modified_gmt":"2022-02-23T15:47:38","slug":"apuntate-a-la-reunion-del-grupo-de-trabajo-de-forumlibertas-para-colaborar-en-redes-sociales","status":"publish","type":"post","link":"https:\/\/e-cristians.cat\/es\/apuntate-a-la-reunion-del-grupo-de-trabajo-de-forumlibertas-para-colaborar-en-redes-sociales\/","title":{"rendered":"Ap\u00fantate a la reuni\u00f3n del Grupo de Trabajo de ForumLibertas para colaborar en Redes Sociales"},"content":{"rendered":"<p>La\u00a0<a href=\"https:\/\/www.forumlibertas.com\/forumlibertas-3\/\" target=\"_blank\" rel=\"noopener\">Asamblea Cultural Cristiana<\/a>\u00a0ya est\u00e1 dando frutos concretos y positivos:\u00a0<strong>el pr\u00f3ximo martes, 1 de marzo, a las 19.30h. las personas que lo deseen est\u00e1n convocadas a la primera reuni\u00f3n\u00a0<em>online<\/em>\u00a0del Grupo de Trabajo para colaborar en Redes Sociales de la alternativa cultural cristiana.<\/strong><\/p>\n<p>\u00abHa llegado el momento de poner en marcha otros de los grupos de trabajo surgidos de las dos Asambleas celebradas hasta el momento\u00bb, afirman los organizadores,\u00a0<strong>el grupo de trabajo en cuesti\u00f3n es el de Redes Sociales<\/strong>, que pretende dinamizar la acci\u00f3n cultural cristiana para construir la alternativa necesaria a la cultura del descarte y el radical proceso de secularizaci\u00f3n en el que est\u00e1n inmersas las sociedades occidentales.<\/p>\n<p>El responsable de Coordinaci\u00f3n del Grupo,<strong>\u00a0Daniel Fern\u00e1ndez<\/strong>, explicar\u00e1 c\u00f3mo las personas interesadas en participar de este necesario proyecto pueden colaborar a que las publicaciones lleguen m\u00e1s lejos dedicando tan solo 5 minutos al d\u00eda. Se reservar\u00e1n los 10 minutos finales de la sesi\u00f3n\u00a0<strong>por si algunos de los interesados quieren compartir con el grupo experiencias positivas en las que, en el \u00e1mbito de la difusi\u00f3n de contenidos en las redes sociales, se haya podido participar en otras iniciativas.<\/strong><\/p>\n<div class=\"code-block code-block-4\">\n<div class=\"a-single a-7\">La propuesta, seg\u00fan sus organizadores \u00abse trata de un peque\u00f1o compromiso diario que puede suponer una gran aportaci\u00f3n, en t\u00e9rminos de repercusi\u00f3n y visibilidad, al proyecto de ForumLibertas y la Asamblea Cultural Cristiana\u00bb. Para ello, es necesario tener cuentas, al menos, en Facebook, Twitter y\/o Whatsapp (agradecer\u00edan que, a la hora de confirmar la asistencia, indiquen cu\u00e1les de estas aplicaciones usan con perfiles personales).<\/div>\n<\/div>\n<h5><strong>La asistencia a la reuni\u00f3n es nominal, y las personas que quieran confirmar su asistencia deben escribir al siguiente correo electr\u00f3nico indicando su nombre y su inter\u00e9s en asistir para recibir el enlace de la reuni\u00f3n, que ser\u00e1 por videoconferencia a trav\u00e9s de la aplicaci\u00f3n Zoom:\u00a0<a class=\"rABsFf RffVmb AL18ce\" href=\"mailto:montsescola@forumlibertas.com\" target=\"_blank\" rel=\"noopener\" data-tooltip-position=\"top\" data-tooltip=\"De tus contactos de Google\">montsescola@forumlibertas.com<\/a><\/strong><\/h5>\n<p>ForumLibertas trabaja para ayudar a sus lectores a construir una visi\u00f3n cr\u00edtica de los tiempos actuales en clave cristiana, ahora ofrece la posibilidad de pasar a la acci\u00f3n y que sus lectores participen de la construcci\u00f3n de la alternativa cultural cristiana.<\/p>\n<p><strong>El reto empieza el pr\u00f3ximo martes, 1 de marzo, a las 19.30h. S\u00famate al impulso necesario.<\/strong><\/p>\n","protected":false},"excerpt":{"rendered":"<p>La\u00a0Asamblea Cultural Cristiana\u00a0ya est\u00e1 dando frutos concretos y positivos:\u00a0el pr\u00f3ximo martes, 1 de marzo, a las 19.30h. las personas que lo deseen est\u00e1n convocadas a la primera reuni\u00f3n\u00a0online\u00a0del Grupo de Trabajo para colaborar en Redes Sociales de la alternativa cultural cristiana. \u00abHa llegado el momento de poner en marcha otros de los grupos de trabajo&#8230;<\/p>\n","protected":false},"author":2,"featured_media":41261,"comment_status":"closed","ping_status":"closed","sticky":false,"template":"","format":"standard","meta":{"_jetpack_memberships_contains_paid_content":false,"footnotes":""},"categories":[33,39],"tags":[],"class_list":["post-41260","post","type-post","status-publish","format-standard","has-post-thumbnail","hentry","category-altres-entitats-informacions-agenda-i-documents-es","category-portada_news-es"],"yoast_head":"<!-- This site is optimized with the Yoast SEO plugin v20.0 - https:\/\/yoast.com\/wordpress\/plugins\/seo\/ -->\n<title>Ap\u00fantate a la reuni\u00f3n del Grupo de Trabajo de ForumLibertas para colaborar en Redes Sociales - e-Cristians<\/title>\n<meta name=\"robots\" content=\"noindex, nofollow\" \/>\n<meta property=\"og:locale\" content=\"es_ES\" \/>\n<meta property=\"og:type\" content=\"article\" \/>\n<meta property=\"og:title\" content=\"Ap\u00fantate a la reuni\u00f3n del Grupo de Trabajo de ForumLibertas para colaborar en Redes Sociales - e-Cristians\" \/>\n<meta property=\"og:description\" content=\"La\u00a0Asamblea Cultural Cristiana\u00a0ya est\u00e1 dando frutos concretos y positivos:\u00a0el pr\u00f3ximo martes, 1 de marzo, a las 19.30h. las personas que lo deseen est\u00e1n convocadas a la primera reuni\u00f3n\u00a0online\u00a0del Grupo de Trabajo para colaborar en Redes Sociales de la alternativa cultural cristiana. \u00abHa llegado el momento de poner en marcha otros de los grupos de trabajo...\" \/>\n<meta property=\"og:url\" content=\"https:\/\/e-cristians.cat\/es\/apuntate-a-la-reunion-del-grupo-de-trabajo-de-forumlibertas-para-colaborar-en-redes-sociales\/\" \/>\n<meta property=\"og:site_name\" content=\"e-Cristians\" \/>\n<meta property=\"article:published_time\" content=\"2022-02-23T15:29:44+00:00\" \/>\n<meta property=\"article:modified_time\" content=\"2022-02-23T15:47:38+00:00\" \/>\n<meta property=\"og:image\" content=\"https:\/\/e-cristians.cat\/wp-content\/uploads\/2022\/02\/8207-social-media-sonercdem-facebook-600x337-1.jpg\" \/>\n\t<meta property=\"og:image:width\" content=\"600\" \/>\n\t<meta property=\"og:image:height\" content=\"337\" \/>\n\t<meta property=\"og:image:type\" content=\"image\/jpeg\" \/>\n<meta name=\"author\" content=\"e-Cristians\" \/>\n<meta name=\"twitter:card\" content=\"summary_large_image\" \/>\n<meta name=\"twitter:label1\" content=\"Escrito por\" \/>\n\t<meta name=\"twitter:data1\" content=\"e-Cristians\" \/>\n\t<meta name=\"twitter:label2\" content=\"Tiempo de lectura\" \/>\n\t<meta name=\"twitter:data2\" content=\"2 minutos\" \/>\n<script type=\"application\/ld+json\" class=\"yoast-schema-graph\">{\"@context\":\"https:\/\/schema.org\",\"@graph\":[{\"@type\":\"WebPage\",\"@id\":\"https:\/\/e-cristians.cat\/es\/apuntate-a-la-reunion-del-grupo-de-trabajo-de-forumlibertas-para-colaborar-en-redes-sociales\/\",\"url\":\"https:\/\/e-cristians.cat\/es\/apuntate-a-la-reunion-del-grupo-de-trabajo-de-forumlibertas-para-colaborar-en-redes-sociales\/\",\"name\":\"Ap\u00fantate a la reuni\u00f3n del Grupo de Trabajo de ForumLibertas para colaborar en Redes Sociales - e-Cristians\",\"isPartOf\":{\"@id\":\"https:\/\/e-cristians.cat\/#website\"},\"datePublished\":\"2022-02-23T15:29:44+00:00\",\"dateModified\":\"2022-02-23T15:47:38+00:00\",\"author\":{\"@id\":\"https:\/\/e-cristians.cat\/#\/schema\/person\/f0ec475338e49aaef9c9dc9d9f162861\"},\"breadcrumb\":{\"@id\":\"https:\/\/e-cristians.cat\/es\/apuntate-a-la-reunion-del-grupo-de-trabajo-de-forumlibertas-para-colaborar-en-redes-sociales\/#breadcrumb\"},\"inLanguage\":\"es\",\"potentialAction\":[{\"@type\":\"ReadAction\",\"target\":[\"https:\/\/e-cristians.cat\/es\/apuntate-a-la-reunion-del-grupo-de-trabajo-de-forumlibertas-para-colaborar-en-redes-sociales\/\"]}]},{\"@type\":\"BreadcrumbList\",\"@id\":\"https:\/\/e-cristians.cat\/es\/apuntate-a-la-reunion-del-grupo-de-trabajo-de-forumlibertas-para-colaborar-en-redes-sociales\/#breadcrumb\",\"itemListElement\":[{\"@type\":\"ListItem\",\"position\":1,\"name\":\"Inici\",\"item\":\"https:\/\/e-cristians.cat\/es\/\"},{\"@type\":\"ListItem\",\"position\":2,\"name\":\"Ap\u00fantate a la reuni\u00f3n del Grupo de Trabajo de ForumLibertas para colaborar en Redes Sociales\"}]},{\"@type\":\"WebSite\",\"@id\":\"https:\/\/e-cristians.cat\/#website\",\"url\":\"https:\/\/e-cristians.cat\/\",\"name\":\"e-Cristians\",\"description\":\"\",\"potentialAction\":[{\"@type\":\"SearchAction\",\"target\":{\"@type\":\"EntryPoint\",\"urlTemplate\":\"https:\/\/e-cristians.cat\/?s={search_term_string}\"},\"query-input\":\"required name=search_term_string\"}],\"inLanguage\":\"es\"},{\"@type\":\"Person\",\"@id\":\"https:\/\/e-cristians.cat\/#\/schema\/person\/f0ec475338e49aaef9c9dc9d9f162861\",\"name\":\"e-Cristians\",\"image\":{\"@type\":\"ImageObject\",\"inLanguage\":\"es\",\"@id\":\"https:\/\/e-cristians.cat\/#\/schema\/person\/image\/\",\"url\":\"https:\/\/secure.gravatar.com\/avatar\/14bc9e5b0ca69070f1075ad3efcb33c4?s=96&d=mm&r=g\",\"contentUrl\":\"https:\/\/secure.gravatar.com\/avatar\/14bc9e5b0ca69070f1075ad3efcb33c4?s=96&d=mm&r=g\",\"caption\":\"e-Cristians\"}}]}<\/script>\n<!-- \/ Yoast SEO plugin. -->","yoast_head_json":{"title":"Ap\u00fantate a la reuni\u00f3n del Grupo de Trabajo de ForumLibertas para colaborar en Redes Sociales - e-Cristians","robots":{"index":"noindex","follow":"nofollow"},"og_locale":"es_ES","og_type":"article","og_title":"Ap\u00fantate a la reuni\u00f3n del Grupo de Trabajo de ForumLibertas para colaborar en Redes Sociales - e-Cristians","og_description":"La\u00a0Asamblea Cultural Cristiana\u00a0ya est\u00e1 dando frutos concretos y positivos:\u00a0el pr\u00f3ximo martes, 1 de marzo, a las 19.30h. las personas que lo deseen est\u00e1n convocadas a la primera reuni\u00f3n\u00a0online\u00a0del Grupo de Trabajo para colaborar en Redes Sociales de la alternativa cultural cristiana. \u00abHa llegado el momento de poner en marcha otros de los grupos de trabajo...","og_url":"https:\/\/e-cristians.cat\/es\/apuntate-a-la-reunion-del-grupo-de-trabajo-de-forumlibertas-para-colaborar-en-redes-sociales\/","og_site_name":"e-Cristians","article_published_time":"2022-02-23T15:29:44+00:00","article_modified_time":"2022-02-23T15:47:38+00:00","og_image":[{"width":600,"height":337,"url":"https:\/\/e-cristians.cat\/wp-content\/uploads\/2022\/02\/8207-social-media-sonercdem-facebook-600x337-1.jpg","type":"image\/jpeg"}],"author":"e-Cristians","twitter_card":"summary_large_image","twitter_misc":{"Escrito por":"e-Cristians","Tiempo de lectura":"2 minutos"},"schema":{"@context":"https:\/\/schema.org","@graph":[{"@type":"WebPage","@id":"https:\/\/e-cristians.cat\/es\/apuntate-a-la-reunion-del-grupo-de-trabajo-de-forumlibertas-para-colaborar-en-redes-sociales\/","url":"https:\/\/e-cristians.cat\/es\/apuntate-a-la-reunion-del-grupo-de-trabajo-de-forumlibertas-para-colaborar-en-redes-sociales\/","name":"Ap\u00fantate a la reuni\u00f3n del Grupo de Trabajo de ForumLibertas para colaborar en Redes Sociales - e-Cristians","isPartOf":{"@id":"https:\/\/e-cristians.cat\/#website"},"datePublished":"2022-02-23T15:29:44+00:00","dateModified":"2022-02-23T15:47:38+00:00","author":{"@id":"https:\/\/e-cristians.cat\/#\/schema\/person\/f0ec475338e49aaef9c9dc9d9f162861"},"breadcrumb":{"@id":"https:\/\/e-cristians.cat\/es\/apuntate-a-la-reunion-del-grupo-de-trabajo-de-forumlibertas-para-colaborar-en-redes-sociales\/#breadcrumb"},"inLanguage":"es","potentialAction":[{"@type":"ReadAction","target":["https:\/\/e-cristians.cat\/es\/apuntate-a-la-reunion-del-grupo-de-trabajo-de-forumlibertas-para-colaborar-en-redes-sociales\/"]}]},{"@type":"BreadcrumbList","@id":"https:\/\/e-cristians.cat\/es\/apuntate-a-la-reunion-del-grupo-de-trabajo-de-forumlibertas-para-colaborar-en-redes-sociales\/#breadcrumb","itemListElement":[{"@type":"ListItem","position":1,"name":"Inici","item":"https:\/\/e-cristians.cat\/es\/"},{"@type":"ListItem","position":2,"name":"Ap\u00fantate a la reuni\u00f3n del Grupo de Trabajo de ForumLibertas para colaborar en Redes Sociales"}]},{"@type":"WebSite","@id":"https:\/\/e-cristians.cat\/#website","url":"https:\/\/e-cristians.cat\/","name":"e-Cristians","description":"","potentialAction":[{"@type":"SearchAction","target":{"@type":"EntryPoint","urlTemplate":"https:\/\/e-cristians.cat\/?s={search_term_string}"},"query-input":"required name=search_term_string"}],"inLanguage":"es"},{"@type":"Person","@id":"https:\/\/e-cristians.cat\/#\/schema\/person\/f0ec475338e49aaef9c9dc9d9f162861","name":"e-Cristians","image":{"@type":"ImageObject","inLanguage":"es","@id":"https:\/\/e-cristians.cat\/#\/schema\/person\/image\/","url":"https:\/\/secure.gravatar.com\/avatar\/14bc9e5b0ca69070f1075ad3efcb33c4?s=96&d=mm&r=g","contentUrl":"https:\/\/secure.gravatar.com\/avatar\/14bc9e5b0ca69070f1075ad3efcb33c4?s=96&d=mm&r=g","caption":"e-Cristians"}}]}},"jetpack_sharing_enabled":true,"jetpack_featured_media_url":"https:\/\/e-cristians.cat\/wp-content\/uploads\/2022\/02\/8207-social-media-sonercdem-facebook-600x337-1.jpg","_links":{"self":[{"href":"https:\/\/e-cristians.cat\/es\/wp-json\/wp\/v2\/posts\/41260"}],"collection":[{"href":"https:\/\/e-cristians.cat\/es\/wp-json\/wp\/v2\/posts"}],"about":[{"href":"https:\/\/e-cristians.cat\/es\/wp-json\/wp\/v2\/types\/post"}],"author":[{"embeddable":true,"href":"https:\/\/e-cristians.cat\/es\/wp-json\/wp\/v2\/users\/2"}],"replies":[{"embeddable":true,"href":"https:\/\/e-cristians.cat\/es\/wp-json\/wp\/v2\/comments?post=41260"}],"version-history":[{"count":6,"href":"https:\/\/e-cristians.cat\/es\/wp-json\/wp\/v2\/posts\/41260\/revisions"}],"predecessor-version":[{"id":41273,"href":"https:\/\/e-cristians.cat\/es\/wp-json\/wp\/v2\/posts\/41260\/revisions\/41273"}],"wp:featuredmedia":[{"embeddable":true,"href":"https:\/\/e-cristians.cat\/es\/wp-json\/wp\/v2\/media\/41261"}],"wp:attachment":[{"href":"https:\/\/e-cristians.cat\/es\/wp-json\/wp\/v2\/media?parent=41260"}],"wp:term":[{"taxonomy":"category","embeddable":true,"href":"https:\/\/e-cristians.cat\/es\/wp-json\/wp\/v2\/categories?post=41260"},{"taxonomy":"post_tag","embeddable":true,"href":"https:\/\/e-cristians.cat\/es\/wp-json\/wp\/v2\/tags?post=41260"}],"curies":[{"name":"wp","href":"https:\/\/api.w.org\/{rel}","templated":true}]}}