{"id":41360,"date":"2022-02-24T18:00:25","date_gmt":"2022-02-24T17:00:25","guid":{"rendered":"https:\/\/e-cristians.cat\/?p=41360"},"modified":"2022-03-03T16:22:03","modified_gmt":"2022-03-03T15:22:03","slug":"carta-semanal-de-josep-miro-participa-en-los-grupos-de-trabajo-tienes-6-para-empezar-a-escoger","status":"publish","type":"post","link":"https:\/\/e-cristians.cat\/es\/carta-semanal-de-josep-miro-participa-en-los-grupos-de-trabajo-tienes-6-para-empezar-a-escoger\/","title":{"rendered":"Participa en los grupos de trabajo. Tienes 6 para empezar a escoger"},"content":{"rendered":"<p>Estimados amigos\/Queridas amigas,<\/p>\n<p>Estamos organizando los diversos <strong>grupos de trabajo<\/strong> para este a\u00f1o y estos son los 6 primeros que ponemos a su disposici\u00f3n para que participes. Piensa en el momento en el cual vivimos y la necesidad, por tanto, de trabajar m\u00e1s activamente que nunca para aportar las mejores respuestas posibles desde la perspectiva de la fe que compartimos.<\/p>\n<p>Los grupos de trabajo que est\u00e1n previstos y a los que te llamamos a participar <strong>son los siguientes<\/strong>:<\/p>\n<h3 style=\"text-align: center;\"><strong><u>Grupos de trabajos conjuntos de e-Cristians y ForumLibertas-Alternativa Cultural Cristiana<\/u><\/strong><\/h3>\n<ul>\n<li><strong>Actuaci\u00f3n de difusi\u00f3n en las RRSS<\/strong>, a fin de contribuir de forma organizada a difundir nuestros puntos de vista en una batalla tan central como es la de la comunicaci\u00f3n. El responsable de este grupo es <strong>Daniel Fern\u00e1ndez<\/strong>, de Cristianos en Democracia, y la primera reuni\u00f3n ser\u00e1 el <strong>1 de marzo a las 19:30 por Zoom<\/strong>. Para participar y recibir el enlace <strong>debes inscribirte<\/strong> en: <strong><a href=\"mailto:montsescola@forumlibertas.com\" target=\"_blank\" rel=\"noopener\">montsescola@forumlibertas.com<\/a><\/strong>.<\/li>\n<li><strong>Contenidos de la Alternativa Cultural Cristiana<\/strong>. El responsable es <strong>Daniel Arasa<\/strong>, cuya primera reuni\u00f3n ser\u00e1 el <strong>7 de marzo a las 19:30h. por Zoom<\/strong>. Para participar y recibir el enlace debes <strong>inscribirte<\/strong> en: <strong><a href=\"mailto:montsescola@forumlibertas.com\" target=\"_blank\" rel=\"noopener\">montsescola@forumlibertas.com<\/a><\/strong>.<\/li>\n<li><strong>Elaboraci\u00f3n de una agenda legislativa<\/strong>. \u00bfCu\u00e1les son las leyes a modificar? \u00bfCu\u00e1les son las leyes que necesitamos? El responsable de ese grupo es <strong>Juan Carlos Corvera<\/strong>. La fecha de la reuni\u00f3n no est\u00e1 fijada, pero si te interesa ya puedes <strong>inscribirte<\/strong> en: <strong><a href=\"mailto:montsescola@forumlibertas.com\" target=\"_blank\" rel=\"noopener\">montsescola@forumlibertas.com<\/a><\/strong>.<\/li>\n<\/ul>\n<p><strong>CUANDO FORMULES TU INSCRIPCI\u00d3N, NO OLVIDES INDICAR EL NOMBRE DEL GRUPO DEL CUAL QUIERES FORMAR PARTE.<\/strong><\/p>\n<h3 style=\"text-align: center;\"><strong><u>Grupos de trabajo de e-Cristians:<\/u><\/strong><\/h3>\n<ul>\n<li><strong>Grupo de trabajo sobre la defensa y promoci\u00f3n de la vida y la lucha contra la eutanasia<\/strong> que forma parte de la Asamblea de Asociaciones por la Vida, la Libertad y la Dignidad. El responsable de este grupo es el <strong> Xavier Sobrevia<\/strong>. Pr\u00f3ximamente, te anunciaremos el calendario de reuniones. Si deseas recibir la convocatoria, <strong>ap\u00fantate<\/strong> en <strong><a href=\"mailto:secretaria@e-cristians.net\" target=\"_blank\" rel=\"noopener\">secretaria@e-cristians.net<\/a><\/strong>.<\/li>\n<li><strong>Grupo de trabajo para la captaci\u00f3n en las redes sociales de personas interesadas<\/strong>. Son responsables de este grupo <strong>Pablo Gin\u00e9s y Daniel Lacambra<\/strong>. Pr\u00f3ximamente, te anunciaremos el calendario de reuniones. Si deseas recibir la convocatoria, <strong>ap\u00fantate<\/strong> en <strong><a href=\"mailto:secretaria@e-cristians.net\" target=\"_blank\" rel=\"noopener\">secretaria@e-cristians.net<\/a><\/strong>. <strong>Para formar parte de este grupo, es condici\u00f3n necesaria tener presencia en las redes sociales<\/strong>.<\/li>\n<li>Finalmente, el <strong>grupo de impulso en las Asambleas Cristianas<\/strong>, que fueron motivo de nuestra Asamblea Cristiana Abierta del d\u00eda 11 de diciembre de 2021, y que es responsabilidad directa m\u00eda, es decir de <strong>Josep Mir\u00f3 i Ard\u00e8vol<\/strong>. Si deseas recibir informaci\u00f3n, <strong>ap\u00fantate<\/strong> en <strong><a href=\"mailto:secretaria@e-cristians.net\" target=\"_blank\" rel=\"noopener\">secretaria@e-cristians.net<\/a><\/strong>.<\/li>\n<\/ul>\n<p><strong>CUANDO FORMULES TU INSCRIPCI\u00d3N, NO OLVIDES INDICAR EL NOMBRE DEL GRUPO DEL CUAL QUIERES FORMAR PARTE.<\/strong><\/p>\n<p>Dos informaciones adicionales:<\/p>\n<p>El pr\u00f3ximo d\u00eda <strong>1 de marzo a las 19h. y en la Universidad Abat Oliba<\/strong>, se llevar\u00e1 a cabo la <a href=\"https:\/\/e-cristians.cat\/es\/presentacion-del-libro-librar-la-batalla-cultural\/\" target=\"_blank\" rel=\"noopener\"><strong>presentaci\u00f3n del libro \u00bfLibrar una batalla cultural?<\/strong><\/a>, en la que intervendr\u00e1n Agust\u00edn Domingo Moratalla (catedr\u00e1tico de Filosof\u00eda Moral y Pol\u00edtica UV), Pablo Velasco Quintana (editor CEU Ediciones), Jes\u00fas Mar\u00eda Ru\u00edz L\u00f3pez (secretario centro Barcelona) y <strong>yo mismo<\/strong>. Es un tema de actualidad y, por tanto, os invito a que asist\u00e1is.<\/p>\n<p>Por \u00faltimo, comentaros que la <a href=\"https:\/\/e-cristians.cat\/es\/atac-i-discriminacio-als-catolics-amb-motiu-de-la-pederastia\/\" target=\"_blank\" rel=\"noopener\"><strong>declaraci\u00f3n de e-Cristians sobre la pederastia y la Iglesia<\/strong><\/a> ha tenido una <strong>gran y positiva repercusi\u00f3n<\/strong>. Sabed que <strong>seguimos trabajando en esta l\u00ednea<\/strong>.<\/p>\n","protected":false},"excerpt":{"rendered":"<p>Estimados amigos\/Queridas amigas, Estamos organizando los diversos grupos de trabajo para este a\u00f1o y estos son los 6 primeros que ponemos a su disposici\u00f3n para que participes. Piensa en el momento en el cual vivimos y la necesidad, por tanto, de trabajar m\u00e1s activamente que nunca para aportar las mejores respuestas posibles desde la perspectiva&#8230;<\/p>\n","protected":false},"author":2,"featured_media":41358,"comment_status":"closed","ping_status":"closed","sticky":false,"template":"","format":"standard","meta":{"_jetpack_memberships_contains_paid_content":false,"footnotes":""},"categories":[29],"tags":[],"class_list":["post-41360","post","type-post","status-publish","format-standard","has-post-thumbnail","hentry","category-carta-setmanal-de-josep-miro-i-ardevol-es"],"yoast_head":"<!-- This site is optimized with the Yoast SEO plugin v20.0 - https:\/\/yoast.com\/wordpress\/plugins\/seo\/ -->\n<title>Participa en los grupos de trabajo. Tienes 6 para empezar a escoger - e-Cristians<\/title>\n<meta name=\"robots\" content=\"noindex, nofollow\" \/>\n<meta property=\"og:locale\" content=\"es_ES\" \/>\n<meta property=\"og:type\" content=\"article\" \/>\n<meta property=\"og:title\" content=\"Participa en los grupos de trabajo. Tienes 6 para empezar a escoger - e-Cristians\" \/>\n<meta property=\"og:description\" content=\"Estimados amigos\/Queridas amigas, Estamos organizando los diversos grupos de trabajo para este a\u00f1o y estos son los 6 primeros que ponemos a su disposici\u00f3n para que participes. Piensa en el momento en el cual vivimos y la necesidad, por tanto, de trabajar m\u00e1s activamente que nunca para aportar las mejores respuestas posibles desde la perspectiva...\" \/>\n<meta property=\"og:url\" content=\"https:\/\/e-cristians.cat\/es\/carta-semanal-de-josep-miro-participa-en-los-grupos-de-trabajo-tienes-6-para-empezar-a-escoger\/\" \/>\n<meta property=\"og:site_name\" content=\"e-Cristians\" \/>\n<meta property=\"article:published_time\" content=\"2022-02-24T17:00:25+00:00\" \/>\n<meta property=\"article:modified_time\" content=\"2022-03-03T15:22:03+00:00\" \/>\n<meta property=\"og:image\" content=\"https:\/\/e-cristians.cat\/wp-content\/uploads\/2022\/02\/gettyimages-1201193769.jpg\" \/>\n\t<meta property=\"og:image:width\" content=\"680\" \/>\n\t<meta property=\"og:image:height\" content=\"453\" \/>\n\t<meta property=\"og:image:type\" content=\"image\/jpeg\" \/>\n<meta name=\"author\" content=\"e-Cristians\" \/>\n<meta name=\"twitter:card\" content=\"summary_large_image\" \/>\n<meta name=\"twitter:label1\" content=\"Escrito por\" \/>\n\t<meta name=\"twitter:data1\" content=\"e-Cristians\" \/>\n\t<meta name=\"twitter:label2\" content=\"Tiempo de lectura\" \/>\n\t<meta name=\"twitter:data2\" content=\"3 minutos\" \/>\n<script type=\"application\/ld+json\" class=\"yoast-schema-graph\">{\"@context\":\"https:\/\/schema.org\",\"@graph\":[{\"@type\":\"WebPage\",\"@id\":\"https:\/\/e-cristians.cat\/es\/carta-semanal-de-josep-miro-participa-en-los-grupos-de-trabajo-tienes-6-para-empezar-a-escoger\/\",\"url\":\"https:\/\/e-cristians.cat\/es\/carta-semanal-de-josep-miro-participa-en-los-grupos-de-trabajo-tienes-6-para-empezar-a-escoger\/\",\"name\":\"Participa en los grupos de trabajo. Tienes 6 para empezar a escoger - e-Cristians\",\"isPartOf\":{\"@id\":\"https:\/\/e-cristians.cat\/#website\"},\"datePublished\":\"2022-02-24T17:00:25+00:00\",\"dateModified\":\"2022-03-03T15:22:03+00:00\",\"author\":{\"@id\":\"https:\/\/e-cristians.cat\/#\/schema\/person\/f0ec475338e49aaef9c9dc9d9f162861\"},\"breadcrumb\":{\"@id\":\"https:\/\/e-cristians.cat\/es\/carta-semanal-de-josep-miro-participa-en-los-grupos-de-trabajo-tienes-6-para-empezar-a-escoger\/#breadcrumb\"},\"inLanguage\":\"es\",\"potentialAction\":[{\"@type\":\"ReadAction\",\"target\":[\"https:\/\/e-cristians.cat\/es\/carta-semanal-de-josep-miro-participa-en-los-grupos-de-trabajo-tienes-6-para-empezar-a-escoger\/\"]}]},{\"@type\":\"BreadcrumbList\",\"@id\":\"https:\/\/e-cristians.cat\/es\/carta-semanal-de-josep-miro-participa-en-los-grupos-de-trabajo-tienes-6-para-empezar-a-escoger\/#breadcrumb\",\"itemListElement\":[{\"@type\":\"ListItem\",\"position\":1,\"name\":\"Inici\",\"item\":\"https:\/\/e-cristians.cat\/es\/\"},{\"@type\":\"ListItem\",\"position\":2,\"name\":\"Participa en los grupos de trabajo. Tienes 6 para empezar a escoger\"}]},{\"@type\":\"WebSite\",\"@id\":\"https:\/\/e-cristians.cat\/#website\",\"url\":\"https:\/\/e-cristians.cat\/\",\"name\":\"e-Cristians\",\"description\":\"\",\"potentialAction\":[{\"@type\":\"SearchAction\",\"target\":{\"@type\":\"EntryPoint\",\"urlTemplate\":\"https:\/\/e-cristians.cat\/?s={search_term_string}\"},\"query-input\":\"required name=search_term_string\"}],\"inLanguage\":\"es\"},{\"@type\":\"Person\",\"@id\":\"https:\/\/e-cristians.cat\/#\/schema\/person\/f0ec475338e49aaef9c9dc9d9f162861\",\"name\":\"e-Cristians\",\"image\":{\"@type\":\"ImageObject\",\"inLanguage\":\"es\",\"@id\":\"https:\/\/e-cristians.cat\/#\/schema\/person\/image\/\",\"url\":\"https:\/\/secure.gravatar.com\/avatar\/14bc9e5b0ca69070f1075ad3efcb33c4?s=96&d=mm&r=g\",\"contentUrl\":\"https:\/\/secure.gravatar.com\/avatar\/14bc9e5b0ca69070f1075ad3efcb33c4?s=96&d=mm&r=g\",\"caption\":\"e-Cristians\"}}]}<\/script>\n<!-- \/ Yoast SEO plugin. -->","yoast_head_json":{"title":"Participa en los grupos de trabajo. Tienes 6 para empezar a escoger - e-Cristians","robots":{"index":"noindex","follow":"nofollow"},"og_locale":"es_ES","og_type":"article","og_title":"Participa en los grupos de trabajo. Tienes 6 para empezar a escoger - e-Cristians","og_description":"Estimados amigos\/Queridas amigas, Estamos organizando los diversos grupos de trabajo para este a\u00f1o y estos son los 6 primeros que ponemos a su disposici\u00f3n para que participes. Piensa en el momento en el cual vivimos y la necesidad, por tanto, de trabajar m\u00e1s activamente que nunca para aportar las mejores respuestas posibles desde la perspectiva...","og_url":"https:\/\/e-cristians.cat\/es\/carta-semanal-de-josep-miro-participa-en-los-grupos-de-trabajo-tienes-6-para-empezar-a-escoger\/","og_site_name":"e-Cristians","article_published_time":"2022-02-24T17:00:25+00:00","article_modified_time":"2022-03-03T15:22:03+00:00","og_image":[{"width":680,"height":453,"url":"https:\/\/e-cristians.cat\/wp-content\/uploads\/2022\/02\/gettyimages-1201193769.jpg","type":"image\/jpeg"}],"author":"e-Cristians","twitter_card":"summary_large_image","twitter_misc":{"Escrito por":"e-Cristians","Tiempo de lectura":"3 minutos"},"schema":{"@context":"https:\/\/schema.org","@graph":[{"@type":"WebPage","@id":"https:\/\/e-cristians.cat\/es\/carta-semanal-de-josep-miro-participa-en-los-grupos-de-trabajo-tienes-6-para-empezar-a-escoger\/","url":"https:\/\/e-cristians.cat\/es\/carta-semanal-de-josep-miro-participa-en-los-grupos-de-trabajo-tienes-6-para-empezar-a-escoger\/","name":"Participa en los grupos de trabajo. Tienes 6 para empezar a escoger - e-Cristians","isPartOf":{"@id":"https:\/\/e-cristians.cat\/#website"},"datePublished":"2022-02-24T17:00:25+00:00","dateModified":"2022-03-03T15:22:03+00:00","author":{"@id":"https:\/\/e-cristians.cat\/#\/schema\/person\/f0ec475338e49aaef9c9dc9d9f162861"},"breadcrumb":{"@id":"https:\/\/e-cristians.cat\/es\/carta-semanal-de-josep-miro-participa-en-los-grupos-de-trabajo-tienes-6-para-empezar-a-escoger\/#breadcrumb"},"inLanguage":"es","potentialAction":[{"@type":"ReadAction","target":["https:\/\/e-cristians.cat\/es\/carta-semanal-de-josep-miro-participa-en-los-grupos-de-trabajo-tienes-6-para-empezar-a-escoger\/"]}]},{"@type":"BreadcrumbList","@id":"https:\/\/e-cristians.cat\/es\/carta-semanal-de-josep-miro-participa-en-los-grupos-de-trabajo-tienes-6-para-empezar-a-escoger\/#breadcrumb","itemListElement":[{"@type":"ListItem","position":1,"name":"Inici","item":"https:\/\/e-cristians.cat\/es\/"},{"@type":"ListItem","position":2,"name":"Participa en los grupos de trabajo. Tienes 6 para empezar a escoger"}]},{"@type":"WebSite","@id":"https:\/\/e-cristians.cat\/#website","url":"https:\/\/e-cristians.cat\/","name":"e-Cristians","description":"","potentialAction":[{"@type":"SearchAction","target":{"@type":"EntryPoint","urlTemplate":"https:\/\/e-cristians.cat\/?s={search_term_string}"},"query-input":"required name=search_term_string"}],"inLanguage":"es"},{"@type":"Person","@id":"https:\/\/e-cristians.cat\/#\/schema\/person\/f0ec475338e49aaef9c9dc9d9f162861","name":"e-Cristians","image":{"@type":"ImageObject","inLanguage":"es","@id":"https:\/\/e-cristians.cat\/#\/schema\/person\/image\/","url":"https:\/\/secure.gravatar.com\/avatar\/14bc9e5b0ca69070f1075ad3efcb33c4?s=96&d=mm&r=g","contentUrl":"https:\/\/secure.gravatar.com\/avatar\/14bc9e5b0ca69070f1075ad3efcb33c4?s=96&d=mm&r=g","caption":"e-Cristians"}}]}},"jetpack_sharing_enabled":true,"jetpack_featured_media_url":"https:\/\/e-cristians.cat\/wp-content\/uploads\/2022\/02\/gettyimages-1201193769.jpg","_links":{"self":[{"href":"https:\/\/e-cristians.cat\/es\/wp-json\/wp\/v2\/posts\/41360"}],"collection":[{"href":"https:\/\/e-cristians.cat\/es\/wp-json\/wp\/v2\/posts"}],"about":[{"href":"https:\/\/e-cristians.cat\/es\/wp-json\/wp\/v2\/types\/post"}],"author":[{"embeddable":true,"href":"https:\/\/e-cristians.cat\/es\/wp-json\/wp\/v2\/users\/2"}],"replies":[{"embeddable":true,"href":"https:\/\/e-cristians.cat\/es\/wp-json\/wp\/v2\/comments?post=41360"}],"version-history":[{"count":3,"href":"https:\/\/e-cristians.cat\/es\/wp-json\/wp\/v2\/posts\/41360\/revisions"}],"predecessor-version":[{"id":41709,"href":"https:\/\/e-cristians.cat\/es\/wp-json\/wp\/v2\/posts\/41360\/revisions\/41709"}],"wp:featuredmedia":[{"embeddable":true,"href":"https:\/\/e-cristians.cat\/es\/wp-json\/wp\/v2\/media\/41358"}],"wp:attachment":[{"href":"https:\/\/e-cristians.cat\/es\/wp-json\/wp\/v2\/media?parent=41360"}],"wp:term":[{"taxonomy":"category","embeddable":true,"href":"https:\/\/e-cristians.cat\/es\/wp-json\/wp\/v2\/categories?post=41360"},{"taxonomy":"post_tag","embeddable":true,"href":"https:\/\/e-cristians.cat\/es\/wp-json\/wp\/v2\/tags?post=41360"}],"curies":[{"name":"wp","href":"https:\/\/api.w.org\/{rel}","templated":true}]}}