{"id":4152,"date":"2021-02-26T10:14:52","date_gmt":"2021-02-26T09:14:52","guid":{"rendered":"https:\/\/e-cristians.cat\/?p=4152"},"modified":"2021-02-26T10:14:52","modified_gmt":"2021-02-26T09:14:52","slug":"no-podemos-conformarnos-con-retroceder-siempre","status":"publish","type":"post","link":"https:\/\/e-cristians.cat\/es\/no-podemos-conformarnos-con-retroceder-siempre\/","title":{"rendered":"No podemos conformarnos con retroceder siempre"},"content":{"rendered":"<p><em>Josep Mir\u00f3 i Ard\u00e8vol<\/em><\/p>\n<p>El ate\u00edsmo y la satisfacci\u00f3n del deseo, especialmente el sexual, es decir, el subjetivismo que sostiene que la autonom\u00eda de la persona radica en la satisfacci\u00f3n de sus deseos, es una concepci\u00f3n tan hegem\u00f3nica, que sirve para medir el bien, la justicia, la libertad y el progreso. <a href=\"https:\/\/www.forumlibertas.com\/no-podemos-conformarnos-con-retroceder-siempre\/\" target=\"_blank\" rel=\"noopener\">Leer m\u00e1s.<\/a><\/p>\n","protected":false},"excerpt":{"rendered":"<p>Josep Mir\u00f3 i Ard\u00e8vol El ate\u00edsmo y la satisfacci\u00f3n del deseo, especialmente el sexual, es decir, el subjetivismo que sostiene que la autonom\u00eda de la persona radica en la satisfacci\u00f3n de sus deseos, es una concepci\u00f3n tan hegem\u00f3nica, que sirve para medir el bien, la justicia, la libertad y el progreso. Leer m\u00e1s.<\/p>\n","protected":false},"author":2,"featured_media":4153,"comment_status":"closed","ping_status":"closed","sticky":false,"template":"","format":"standard","meta":{"_jetpack_memberships_contains_paid_content":false,"footnotes":""},"categories":[34,39],"tags":[],"class_list":["post-4152","post","type-post","status-publish","format-standard","has-post-thumbnail","hentry","category-editorials-i-blogs-de-forumlibertas-es","category-portada_news-es"],"yoast_head":"<!-- This site is optimized with the Yoast SEO plugin v20.0 - https:\/\/yoast.com\/wordpress\/plugins\/seo\/ -->\n<title>No podemos conformarnos con retroceder siempre - e-Cristians<\/title>\n<meta name=\"robots\" content=\"noindex, nofollow\" \/>\n<meta property=\"og:locale\" content=\"es_ES\" \/>\n<meta property=\"og:type\" content=\"article\" \/>\n<meta property=\"og:title\" content=\"No podemos conformarnos con retroceder siempre - e-Cristians\" \/>\n<meta property=\"og:description\" content=\"Josep Mir\u00f3 i Ard\u00e8vol El ate\u00edsmo y la satisfacci\u00f3n del deseo, especialmente el sexual, es decir, el subjetivismo que sostiene que la autonom\u00eda de la persona radica en la satisfacci\u00f3n de sus deseos, es una concepci\u00f3n tan hegem\u00f3nica, que sirve para medir el bien, la justicia, la libertad y el progreso. Leer m\u00e1s.\" \/>\n<meta property=\"og:url\" content=\"https:\/\/e-cristians.cat\/es\/no-podemos-conformarnos-con-retroceder-siempre\/\" \/>\n<meta property=\"og:site_name\" content=\"e-Cristians\" \/>\n<meta property=\"article:published_time\" content=\"2021-02-26T09:14:52+00:00\" \/>\n<meta property=\"og:image\" content=\"https:\/\/e-cristians.cat\/wp-content\/uploads\/2021\/02\/ateismo-1-e1586798367464-600x337-1.jpg\" \/>\n\t<meta property=\"og:image:width\" content=\"600\" \/>\n\t<meta property=\"og:image:height\" content=\"337\" \/>\n\t<meta property=\"og:image:type\" content=\"image\/jpeg\" \/>\n<meta name=\"author\" content=\"e-Cristians\" \/>\n<meta name=\"twitter:card\" content=\"summary_large_image\" \/>\n<meta name=\"twitter:label1\" content=\"Escrito por\" \/>\n\t<meta name=\"twitter:data1\" content=\"e-Cristians\" \/>\n\t<meta name=\"twitter:label2\" content=\"Tiempo de lectura\" \/>\n\t<meta name=\"twitter:data2\" content=\"1 minuto\" \/>\n<script type=\"application\/ld+json\" class=\"yoast-schema-graph\">{\"@context\":\"https:\/\/schema.org\",\"@graph\":[{\"@type\":\"WebPage\",\"@id\":\"https:\/\/e-cristians.cat\/es\/no-podemos-conformarnos-con-retroceder-siempre\/\",\"url\":\"https:\/\/e-cristians.cat\/es\/no-podemos-conformarnos-con-retroceder-siempre\/\",\"name\":\"No podemos conformarnos con retroceder siempre - e-Cristians\",\"isPartOf\":{\"@id\":\"https:\/\/e-cristians.cat\/#website\"},\"datePublished\":\"2021-02-26T09:14:52+00:00\",\"dateModified\":\"2021-02-26T09:14:52+00:00\",\"author\":{\"@id\":\"https:\/\/e-cristians.cat\/#\/schema\/person\/f0ec475338e49aaef9c9dc9d9f162861\"},\"breadcrumb\":{\"@id\":\"https:\/\/e-cristians.cat\/es\/no-podemos-conformarnos-con-retroceder-siempre\/#breadcrumb\"},\"inLanguage\":\"es\",\"potentialAction\":[{\"@type\":\"ReadAction\",\"target\":[\"https:\/\/e-cristians.cat\/es\/no-podemos-conformarnos-con-retroceder-siempre\/\"]}]},{\"@type\":\"BreadcrumbList\",\"@id\":\"https:\/\/e-cristians.cat\/es\/no-podemos-conformarnos-con-retroceder-siempre\/#breadcrumb\",\"itemListElement\":[{\"@type\":\"ListItem\",\"position\":1,\"name\":\"Inici\",\"item\":\"https:\/\/e-cristians.cat\/es\/\"},{\"@type\":\"ListItem\",\"position\":2,\"name\":\"No podemos conformarnos con retroceder siempre\"}]},{\"@type\":\"WebSite\",\"@id\":\"https:\/\/e-cristians.cat\/#website\",\"url\":\"https:\/\/e-cristians.cat\/\",\"name\":\"e-Cristians\",\"description\":\"\",\"potentialAction\":[{\"@type\":\"SearchAction\",\"target\":{\"@type\":\"EntryPoint\",\"urlTemplate\":\"https:\/\/e-cristians.cat\/?s={search_term_string}\"},\"query-input\":\"required name=search_term_string\"}],\"inLanguage\":\"es\"},{\"@type\":\"Person\",\"@id\":\"https:\/\/e-cristians.cat\/#\/schema\/person\/f0ec475338e49aaef9c9dc9d9f162861\",\"name\":\"e-Cristians\",\"image\":{\"@type\":\"ImageObject\",\"inLanguage\":\"es\",\"@id\":\"https:\/\/e-cristians.cat\/#\/schema\/person\/image\/\",\"url\":\"https:\/\/secure.gravatar.com\/avatar\/14bc9e5b0ca69070f1075ad3efcb33c4?s=96&d=mm&r=g\",\"contentUrl\":\"https:\/\/secure.gravatar.com\/avatar\/14bc9e5b0ca69070f1075ad3efcb33c4?s=96&d=mm&r=g\",\"caption\":\"e-Cristians\"}}]}<\/script>\n<!-- \/ Yoast SEO plugin. -->","yoast_head_json":{"title":"No podemos conformarnos con retroceder siempre - e-Cristians","robots":{"index":"noindex","follow":"nofollow"},"og_locale":"es_ES","og_type":"article","og_title":"No podemos conformarnos con retroceder siempre - e-Cristians","og_description":"Josep Mir\u00f3 i Ard\u00e8vol El ate\u00edsmo y la satisfacci\u00f3n del deseo, especialmente el sexual, es decir, el subjetivismo que sostiene que la autonom\u00eda de la persona radica en la satisfacci\u00f3n de sus deseos, es una concepci\u00f3n tan hegem\u00f3nica, que sirve para medir el bien, la justicia, la libertad y el progreso. Leer m\u00e1s.","og_url":"https:\/\/e-cristians.cat\/es\/no-podemos-conformarnos-con-retroceder-siempre\/","og_site_name":"e-Cristians","article_published_time":"2021-02-26T09:14:52+00:00","og_image":[{"width":600,"height":337,"url":"https:\/\/e-cristians.cat\/wp-content\/uploads\/2021\/02\/ateismo-1-e1586798367464-600x337-1.jpg","type":"image\/jpeg"}],"author":"e-Cristians","twitter_card":"summary_large_image","twitter_misc":{"Escrito por":"e-Cristians","Tiempo de lectura":"1 minuto"},"schema":{"@context":"https:\/\/schema.org","@graph":[{"@type":"WebPage","@id":"https:\/\/e-cristians.cat\/es\/no-podemos-conformarnos-con-retroceder-siempre\/","url":"https:\/\/e-cristians.cat\/es\/no-podemos-conformarnos-con-retroceder-siempre\/","name":"No podemos conformarnos con retroceder siempre - e-Cristians","isPartOf":{"@id":"https:\/\/e-cristians.cat\/#website"},"datePublished":"2021-02-26T09:14:52+00:00","dateModified":"2021-02-26T09:14:52+00:00","author":{"@id":"https:\/\/e-cristians.cat\/#\/schema\/person\/f0ec475338e49aaef9c9dc9d9f162861"},"breadcrumb":{"@id":"https:\/\/e-cristians.cat\/es\/no-podemos-conformarnos-con-retroceder-siempre\/#breadcrumb"},"inLanguage":"es","potentialAction":[{"@type":"ReadAction","target":["https:\/\/e-cristians.cat\/es\/no-podemos-conformarnos-con-retroceder-siempre\/"]}]},{"@type":"BreadcrumbList","@id":"https:\/\/e-cristians.cat\/es\/no-podemos-conformarnos-con-retroceder-siempre\/#breadcrumb","itemListElement":[{"@type":"ListItem","position":1,"name":"Inici","item":"https:\/\/e-cristians.cat\/es\/"},{"@type":"ListItem","position":2,"name":"No podemos conformarnos con retroceder siempre"}]},{"@type":"WebSite","@id":"https:\/\/e-cristians.cat\/#website","url":"https:\/\/e-cristians.cat\/","name":"e-Cristians","description":"","potentialAction":[{"@type":"SearchAction","target":{"@type":"EntryPoint","urlTemplate":"https:\/\/e-cristians.cat\/?s={search_term_string}"},"query-input":"required name=search_term_string"}],"inLanguage":"es"},{"@type":"Person","@id":"https:\/\/e-cristians.cat\/#\/schema\/person\/f0ec475338e49aaef9c9dc9d9f162861","name":"e-Cristians","image":{"@type":"ImageObject","inLanguage":"es","@id":"https:\/\/e-cristians.cat\/#\/schema\/person\/image\/","url":"https:\/\/secure.gravatar.com\/avatar\/14bc9e5b0ca69070f1075ad3efcb33c4?s=96&d=mm&r=g","contentUrl":"https:\/\/secure.gravatar.com\/avatar\/14bc9e5b0ca69070f1075ad3efcb33c4?s=96&d=mm&r=g","caption":"e-Cristians"}}]}},"jetpack_sharing_enabled":true,"jetpack_featured_media_url":"https:\/\/e-cristians.cat\/wp-content\/uploads\/2021\/02\/ateismo-1-e1586798367464-600x337-1.jpg","_links":{"self":[{"href":"https:\/\/e-cristians.cat\/es\/wp-json\/wp\/v2\/posts\/4152"}],"collection":[{"href":"https:\/\/e-cristians.cat\/es\/wp-json\/wp\/v2\/posts"}],"about":[{"href":"https:\/\/e-cristians.cat\/es\/wp-json\/wp\/v2\/types\/post"}],"author":[{"embeddable":true,"href":"https:\/\/e-cristians.cat\/es\/wp-json\/wp\/v2\/users\/2"}],"replies":[{"embeddable":true,"href":"https:\/\/e-cristians.cat\/es\/wp-json\/wp\/v2\/comments?post=4152"}],"version-history":[{"count":1,"href":"https:\/\/e-cristians.cat\/es\/wp-json\/wp\/v2\/posts\/4152\/revisions"}],"predecessor-version":[{"id":4155,"href":"https:\/\/e-cristians.cat\/es\/wp-json\/wp\/v2\/posts\/4152\/revisions\/4155"}],"wp:featuredmedia":[{"embeddable":true,"href":"https:\/\/e-cristians.cat\/es\/wp-json\/wp\/v2\/media\/4153"}],"wp:attachment":[{"href":"https:\/\/e-cristians.cat\/es\/wp-json\/wp\/v2\/media?parent=4152"}],"wp:term":[{"taxonomy":"category","embeddable":true,"href":"https:\/\/e-cristians.cat\/es\/wp-json\/wp\/v2\/categories?post=4152"},{"taxonomy":"post_tag","embeddable":true,"href":"https:\/\/e-cristians.cat\/es\/wp-json\/wp\/v2\/tags?post=4152"}],"curies":[{"name":"wp","href":"https:\/\/api.w.org\/{rel}","templated":true}]}}