{"id":41695,"date":"2022-03-02T16:04:27","date_gmt":"2022-03-02T15:04:27","guid":{"rendered":"https:\/\/e-cristians.cat\/?p=41695"},"modified":"2022-03-03T16:09:15","modified_gmt":"2022-03-03T15:09:15","slug":"estreno-de-la-pelicula-corazon-de-padre","status":"publish","type":"post","link":"https:\/\/e-cristians.cat\/es\/estreno-de-la-pelicula-corazon-de-padre\/","title":{"rendered":"Estreno de la pel\u00edcula \u00abCoraz\u00f3n de Padre\u00bb"},"content":{"rendered":"<p>\u00bfQui\u00e9n es en realidad Jos\u00e9 de Nazaret?<\/p>\n<p>Hemos emprendido un viaje por el mundo para averiguar si es cierto lo que aseguran algunos: que este hombre misterioso est\u00e1 hoy m\u00e1s activo que nunca. Nos detendremos en lugares emblem\u00e1ticos de los cinco continentes descubriendo santuarios, fiestas y devociones en honor a aquel carpintero discreto y silencioso. Y conoceremos impactantes testimonios de personas cuyas vidas dieron un giro gracias a San Jose\u0301.<\/p>\n<ul>\n<li><strong>T\u00edtulo original:<\/strong>\u00a0<strong>Coraz\u00f3n de Padre<\/strong><\/li>\n<li><strong>G\u00e9nero:<\/strong>\u00a0Documental<\/li>\n<li><strong>A\u00f1o:<\/strong> 2022<\/li>\n<li><strong>Duraci\u00f3n:<\/strong>\u00a091 minutos<\/li>\n<li><strong>Pa\u00eds:<\/strong>\u00a0Espa\u00f1a<\/li>\n<li><strong>Director:<\/strong>\u00a0Andr\u00e9s Garrig\u00f3<\/li>\n<li><strong>Producci\u00f3n:<\/strong>\u00a0Josemar\u00eda Mu\u00f1oz<\/li>\n<li><strong>Gui\u00f3n:<\/strong>\u00a0Andr\u00e9s Garrig\u00f3 y Josepmaria Angl\u00e9s<\/li>\n<li><strong>Productora:<\/strong>\u00a0Goya Producciones<\/li>\n<li><strong>Distribuidor Espa\u00f1a:<\/strong>\u00a0European Dreams Factory<\/li>\n<li><strong>Calificaci\u00f3n:<\/strong>\u00a0No recomendada para menores de 7 a\u00f1os<\/li>\n<\/ul>\n<p><strong>Estrena: 18 Mar\u00e7 2022<\/strong><\/p>\n<p>Consulta los <strong>cines<\/strong> donde puedes ver esta pel\u00edcula: <a href=\"https:\/\/www.corazondepadre.es\/cines-en-espana\/\" target=\"_blank\" rel=\"noopener\">https:\/\/www.corazondepadre.es\/cines-en-espana\/<\/a><\/p>\n","protected":false},"excerpt":{"rendered":"<p>\u00bfQui\u00e9n es en realidad Jos\u00e9 de Nazaret? Hemos emprendido un viaje por el mundo para averiguar si es cierto lo que aseguran algunos: que este hombre misterioso est\u00e1 hoy m\u00e1s activo que nunca. Nos detendremos en lugares emblem\u00e1ticos de los cinco continentes descubriendo santuarios, fiestas y devociones en honor a aquel carpintero discreto y silencioso&#8230;.<\/p>\n","protected":false},"author":2,"featured_media":41692,"comment_status":"closed","ping_status":"closed","sticky":false,"template":"","format":"standard","meta":{"_jetpack_memberships_contains_paid_content":false,"footnotes":""},"categories":[33,39],"tags":[],"class_list":["post-41695","post","type-post","status-publish","format-standard","has-post-thumbnail","hentry","category-altres-entitats-informacions-agenda-i-documents-es","category-portada_news-es"],"yoast_head":"<!-- This site is optimized with the Yoast SEO plugin v20.0 - https:\/\/yoast.com\/wordpress\/plugins\/seo\/ -->\n<title>Estreno de la pel\u00edcula &quot;Coraz\u00f3n de Padre&quot; - e-Cristians<\/title>\n<meta name=\"robots\" content=\"noindex, nofollow\" \/>\n<meta property=\"og:locale\" content=\"es_ES\" \/>\n<meta property=\"og:type\" content=\"article\" \/>\n<meta property=\"og:title\" content=\"Estreno de la pel\u00edcula &quot;Coraz\u00f3n de Padre&quot; - e-Cristians\" \/>\n<meta property=\"og:description\" content=\"\u00bfQui\u00e9n es en realidad Jos\u00e9 de Nazaret? Hemos emprendido un viaje por el mundo para averiguar si es cierto lo que aseguran algunos: que este hombre misterioso est\u00e1 hoy m\u00e1s activo que nunca. Nos detendremos en lugares emblem\u00e1ticos de los cinco continentes descubriendo santuarios, fiestas y devociones en honor a aquel carpintero discreto y silencioso....\" \/>\n<meta property=\"og:url\" content=\"https:\/\/e-cristians.cat\/es\/estreno-de-la-pelicula-corazon-de-padre\/\" \/>\n<meta property=\"og:site_name\" content=\"e-Cristians\" \/>\n<meta property=\"article:published_time\" content=\"2022-03-02T15:04:27+00:00\" \/>\n<meta property=\"article:modified_time\" content=\"2022-03-03T15:09:15+00:00\" \/>\n<meta property=\"og:image\" content=\"https:\/\/e-cristians.cat\/wp-content\/uploads\/2022\/03\/corazon-de-padre-1200x630-facebook.png\" \/>\n\t<meta property=\"og:image:width\" content=\"1200\" \/>\n\t<meta property=\"og:image:height\" content=\"630\" \/>\n\t<meta property=\"og:image:type\" content=\"image\/png\" \/>\n<meta name=\"author\" content=\"e-Cristians\" \/>\n<meta name=\"twitter:card\" content=\"summary_large_image\" \/>\n<meta name=\"twitter:label1\" content=\"Escrito por\" \/>\n\t<meta name=\"twitter:data1\" content=\"e-Cristians\" \/>\n\t<meta name=\"twitter:label2\" content=\"Tiempo de lectura\" \/>\n\t<meta name=\"twitter:data2\" content=\"1 minuto\" \/>\n<script type=\"application\/ld+json\" class=\"yoast-schema-graph\">{\"@context\":\"https:\/\/schema.org\",\"@graph\":[{\"@type\":\"WebPage\",\"@id\":\"https:\/\/e-cristians.cat\/es\/estreno-de-la-pelicula-corazon-de-padre\/\",\"url\":\"https:\/\/e-cristians.cat\/es\/estreno-de-la-pelicula-corazon-de-padre\/\",\"name\":\"Estreno de la pel\u00edcula \\\"Coraz\u00f3n de Padre\\\" - e-Cristians\",\"isPartOf\":{\"@id\":\"https:\/\/e-cristians.cat\/#website\"},\"datePublished\":\"2022-03-02T15:04:27+00:00\",\"dateModified\":\"2022-03-03T15:09:15+00:00\",\"author\":{\"@id\":\"https:\/\/e-cristians.cat\/#\/schema\/person\/f0ec475338e49aaef9c9dc9d9f162861\"},\"breadcrumb\":{\"@id\":\"https:\/\/e-cristians.cat\/es\/estreno-de-la-pelicula-corazon-de-padre\/#breadcrumb\"},\"inLanguage\":\"es\",\"potentialAction\":[{\"@type\":\"ReadAction\",\"target\":[\"https:\/\/e-cristians.cat\/es\/estreno-de-la-pelicula-corazon-de-padre\/\"]}]},{\"@type\":\"BreadcrumbList\",\"@id\":\"https:\/\/e-cristians.cat\/es\/estreno-de-la-pelicula-corazon-de-padre\/#breadcrumb\",\"itemListElement\":[{\"@type\":\"ListItem\",\"position\":1,\"name\":\"Inici\",\"item\":\"https:\/\/e-cristians.cat\/es\/\"},{\"@type\":\"ListItem\",\"position\":2,\"name\":\"Estreno de la pel\u00edcula &#8220;Coraz\u00f3n de Padre&#8221;\"}]},{\"@type\":\"WebSite\",\"@id\":\"https:\/\/e-cristians.cat\/#website\",\"url\":\"https:\/\/e-cristians.cat\/\",\"name\":\"e-Cristians\",\"description\":\"\",\"potentialAction\":[{\"@type\":\"SearchAction\",\"target\":{\"@type\":\"EntryPoint\",\"urlTemplate\":\"https:\/\/e-cristians.cat\/?s={search_term_string}\"},\"query-input\":\"required name=search_term_string\"}],\"inLanguage\":\"es\"},{\"@type\":\"Person\",\"@id\":\"https:\/\/e-cristians.cat\/#\/schema\/person\/f0ec475338e49aaef9c9dc9d9f162861\",\"name\":\"e-Cristians\",\"image\":{\"@type\":\"ImageObject\",\"inLanguage\":\"es\",\"@id\":\"https:\/\/e-cristians.cat\/#\/schema\/person\/image\/\",\"url\":\"https:\/\/secure.gravatar.com\/avatar\/14bc9e5b0ca69070f1075ad3efcb33c4?s=96&d=mm&r=g\",\"contentUrl\":\"https:\/\/secure.gravatar.com\/avatar\/14bc9e5b0ca69070f1075ad3efcb33c4?s=96&d=mm&r=g\",\"caption\":\"e-Cristians\"}}]}<\/script>\n<!-- \/ Yoast SEO plugin. -->","yoast_head_json":{"title":"Estreno de la pel\u00edcula \"Coraz\u00f3n de Padre\" - e-Cristians","robots":{"index":"noindex","follow":"nofollow"},"og_locale":"es_ES","og_type":"article","og_title":"Estreno de la pel\u00edcula \"Coraz\u00f3n de Padre\" - e-Cristians","og_description":"\u00bfQui\u00e9n es en realidad Jos\u00e9 de Nazaret? Hemos emprendido un viaje por el mundo para averiguar si es cierto lo que aseguran algunos: que este hombre misterioso est\u00e1 hoy m\u00e1s activo que nunca. Nos detendremos en lugares emblem\u00e1ticos de los cinco continentes descubriendo santuarios, fiestas y devociones en honor a aquel carpintero discreto y silencioso....","og_url":"https:\/\/e-cristians.cat\/es\/estreno-de-la-pelicula-corazon-de-padre\/","og_site_name":"e-Cristians","article_published_time":"2022-03-02T15:04:27+00:00","article_modified_time":"2022-03-03T15:09:15+00:00","og_image":[{"width":1200,"height":630,"url":"https:\/\/e-cristians.cat\/wp-content\/uploads\/2022\/03\/corazon-de-padre-1200x630-facebook.png","type":"image\/png"}],"author":"e-Cristians","twitter_card":"summary_large_image","twitter_misc":{"Escrito por":"e-Cristians","Tiempo de lectura":"1 minuto"},"schema":{"@context":"https:\/\/schema.org","@graph":[{"@type":"WebPage","@id":"https:\/\/e-cristians.cat\/es\/estreno-de-la-pelicula-corazon-de-padre\/","url":"https:\/\/e-cristians.cat\/es\/estreno-de-la-pelicula-corazon-de-padre\/","name":"Estreno de la pel\u00edcula \"Coraz\u00f3n de Padre\" - e-Cristians","isPartOf":{"@id":"https:\/\/e-cristians.cat\/#website"},"datePublished":"2022-03-02T15:04:27+00:00","dateModified":"2022-03-03T15:09:15+00:00","author":{"@id":"https:\/\/e-cristians.cat\/#\/schema\/person\/f0ec475338e49aaef9c9dc9d9f162861"},"breadcrumb":{"@id":"https:\/\/e-cristians.cat\/es\/estreno-de-la-pelicula-corazon-de-padre\/#breadcrumb"},"inLanguage":"es","potentialAction":[{"@type":"ReadAction","target":["https:\/\/e-cristians.cat\/es\/estreno-de-la-pelicula-corazon-de-padre\/"]}]},{"@type":"BreadcrumbList","@id":"https:\/\/e-cristians.cat\/es\/estreno-de-la-pelicula-corazon-de-padre\/#breadcrumb","itemListElement":[{"@type":"ListItem","position":1,"name":"Inici","item":"https:\/\/e-cristians.cat\/es\/"},{"@type":"ListItem","position":2,"name":"Estreno de la pel\u00edcula &#8220;Coraz\u00f3n de Padre&#8221;"}]},{"@type":"WebSite","@id":"https:\/\/e-cristians.cat\/#website","url":"https:\/\/e-cristians.cat\/","name":"e-Cristians","description":"","potentialAction":[{"@type":"SearchAction","target":{"@type":"EntryPoint","urlTemplate":"https:\/\/e-cristians.cat\/?s={search_term_string}"},"query-input":"required name=search_term_string"}],"inLanguage":"es"},{"@type":"Person","@id":"https:\/\/e-cristians.cat\/#\/schema\/person\/f0ec475338e49aaef9c9dc9d9f162861","name":"e-Cristians","image":{"@type":"ImageObject","inLanguage":"es","@id":"https:\/\/e-cristians.cat\/#\/schema\/person\/image\/","url":"https:\/\/secure.gravatar.com\/avatar\/14bc9e5b0ca69070f1075ad3efcb33c4?s=96&d=mm&r=g","contentUrl":"https:\/\/secure.gravatar.com\/avatar\/14bc9e5b0ca69070f1075ad3efcb33c4?s=96&d=mm&r=g","caption":"e-Cristians"}}]}},"jetpack_sharing_enabled":true,"jetpack_featured_media_url":"https:\/\/e-cristians.cat\/wp-content\/uploads\/2022\/03\/corazon-de-padre-1200x630-facebook.png","_links":{"self":[{"href":"https:\/\/e-cristians.cat\/es\/wp-json\/wp\/v2\/posts\/41695"}],"collection":[{"href":"https:\/\/e-cristians.cat\/es\/wp-json\/wp\/v2\/posts"}],"about":[{"href":"https:\/\/e-cristians.cat\/es\/wp-json\/wp\/v2\/types\/post"}],"author":[{"embeddable":true,"href":"https:\/\/e-cristians.cat\/es\/wp-json\/wp\/v2\/users\/2"}],"replies":[{"embeddable":true,"href":"https:\/\/e-cristians.cat\/es\/wp-json\/wp\/v2\/comments?post=41695"}],"version-history":[{"count":1,"href":"https:\/\/e-cristians.cat\/es\/wp-json\/wp\/v2\/posts\/41695\/revisions"}],"predecessor-version":[{"id":41696,"href":"https:\/\/e-cristians.cat\/es\/wp-json\/wp\/v2\/posts\/41695\/revisions\/41696"}],"wp:featuredmedia":[{"embeddable":true,"href":"https:\/\/e-cristians.cat\/es\/wp-json\/wp\/v2\/media\/41692"}],"wp:attachment":[{"href":"https:\/\/e-cristians.cat\/es\/wp-json\/wp\/v2\/media?parent=41695"}],"wp:term":[{"taxonomy":"category","embeddable":true,"href":"https:\/\/e-cristians.cat\/es\/wp-json\/wp\/v2\/categories?post=41695"},{"taxonomy":"post_tag","embeddable":true,"href":"https:\/\/e-cristians.cat\/es\/wp-json\/wp\/v2\/tags?post=41695"}],"curies":[{"name":"wp","href":"https:\/\/api.w.org\/{rel}","templated":true}]}}