{"id":41707,"date":"2022-03-03T09:00:31","date_gmt":"2022-03-03T08:00:31","guid":{"rendered":"https:\/\/e-cristians.cat\/?p=41707"},"modified":"2022-03-03T16:20:04","modified_gmt":"2022-03-03T15:20:04","slug":"ucrania-no-volvamos-al-1914","status":"publish","type":"post","link":"https:\/\/e-cristians.cat\/es\/ucrania-no-volvamos-al-1914\/","title":{"rendered":"Ucrania: \u00a1No volvamos al 1914!"},"content":{"rendered":"<p><em>Josep Mir\u00f3 i Ard\u00e8vol para La Vanguardia<\/em><\/p>\n<p>\u00abSin embargo, su estallido no se esperaba realmente. Incluso durante los \u00faltimos d\u00edas de la crisis internacional de julio de 1914, cuando la situaci\u00f3n ya era desesperada, los estadistas, que estaban dando pasos fatales, no cre\u00edan realmente que estuviesen iniciando una guerra mundial\u201d. En estos t\u00e9rmi\u00adnos describe el inicio de la Gran Guerra el historiador Eric Hobsbawm en<em> La era del imperio, 1875-1914. <\/em><a href=\"https:\/\/www.forumlibertas.com\/ucrania-no-volvamos-al-1914\/\" target=\"_blank\" rel=\"noopener\">Leer m\u00e1s.<\/a><\/p>\n","protected":false},"excerpt":{"rendered":"<p>Josep Mir\u00f3 i Ard\u00e8vol para La Vanguardia \u00abSin embargo, su estallido no se esperaba realmente. Incluso durante los \u00faltimos d\u00edas de la crisis internacional de julio de 1914, cuando la situaci\u00f3n ya era desesperada, los estadistas, que estaban dando pasos fatales, no cre\u00edan realmente que estuviesen iniciando una guerra mundial\u201d. En estos t\u00e9rmi\u00adnos describe el&#8230;<\/p>\n","protected":false},"author":2,"featured_media":41705,"comment_status":"closed","ping_status":"closed","sticky":false,"template":"","format":"standard","meta":{"_jetpack_memberships_contains_paid_content":false,"footnotes":""},"categories":[34,39],"tags":[],"class_list":["post-41707","post","type-post","status-publish","format-standard","has-post-thumbnail","hentry","category-editorials-i-blogs-de-forumlibertas-es","category-portada_news-es"],"yoast_head":"<!-- This site is optimized with the Yoast SEO plugin v20.0 - https:\/\/yoast.com\/wordpress\/plugins\/seo\/ -->\n<title>Ucrania: \u00a1No volvamos al 1914! - e-Cristians<\/title>\n<meta name=\"robots\" content=\"noindex, nofollow\" \/>\n<meta property=\"og:locale\" content=\"es_ES\" \/>\n<meta property=\"og:type\" content=\"article\" \/>\n<meta property=\"og:title\" content=\"Ucrania: \u00a1No volvamos al 1914! - e-Cristians\" \/>\n<meta property=\"og:description\" content=\"Josep Mir\u00f3 i Ard\u00e8vol para La Vanguardia \u00abSin embargo, su estallido no se esperaba realmente. Incluso durante los \u00faltimos d\u00edas de la crisis internacional de julio de 1914, cuando la situaci\u00f3n ya era desesperada, los estadistas, que estaban dando pasos fatales, no cre\u00edan realmente que estuviesen iniciando una guerra mundial\u201d. En estos t\u00e9rmi\u00adnos describe el...\" \/>\n<meta property=\"og:url\" content=\"https:\/\/e-cristians.cat\/es\/ucrania-no-volvamos-al-1914\/\" \/>\n<meta property=\"og:site_name\" content=\"e-Cristians\" \/>\n<meta property=\"article:published_time\" content=\"2022-03-03T08:00:31+00:00\" \/>\n<meta property=\"article:modified_time\" content=\"2022-03-03T15:20:04+00:00\" \/>\n<meta property=\"og:image\" content=\"https:\/\/e-cristians.cat\/wp-content\/uploads\/2022\/03\/i-guerra-mundial-vineta.jpg\" \/>\n\t<meta property=\"og:image:width\" content=\"500\" \/>\n\t<meta property=\"og:image:height\" content=\"350\" \/>\n\t<meta property=\"og:image:type\" content=\"image\/jpeg\" \/>\n<meta name=\"author\" content=\"e-Cristians\" \/>\n<meta name=\"twitter:card\" content=\"summary_large_image\" \/>\n<meta name=\"twitter:label1\" content=\"Escrito por\" \/>\n\t<meta name=\"twitter:data1\" content=\"e-Cristians\" \/>\n<script type=\"application\/ld+json\" class=\"yoast-schema-graph\">{\"@context\":\"https:\/\/schema.org\",\"@graph\":[{\"@type\":\"WebPage\",\"@id\":\"https:\/\/e-cristians.cat\/es\/ucrania-no-volvamos-al-1914\/\",\"url\":\"https:\/\/e-cristians.cat\/es\/ucrania-no-volvamos-al-1914\/\",\"name\":\"Ucrania: \u00a1No volvamos al 1914! - e-Cristians\",\"isPartOf\":{\"@id\":\"https:\/\/e-cristians.cat\/#website\"},\"datePublished\":\"2022-03-03T08:00:31+00:00\",\"dateModified\":\"2022-03-03T15:20:04+00:00\",\"author\":{\"@id\":\"https:\/\/e-cristians.cat\/#\/schema\/person\/f0ec475338e49aaef9c9dc9d9f162861\"},\"breadcrumb\":{\"@id\":\"https:\/\/e-cristians.cat\/es\/ucrania-no-volvamos-al-1914\/#breadcrumb\"},\"inLanguage\":\"es\",\"potentialAction\":[{\"@type\":\"ReadAction\",\"target\":[\"https:\/\/e-cristians.cat\/es\/ucrania-no-volvamos-al-1914\/\"]}]},{\"@type\":\"BreadcrumbList\",\"@id\":\"https:\/\/e-cristians.cat\/es\/ucrania-no-volvamos-al-1914\/#breadcrumb\",\"itemListElement\":[{\"@type\":\"ListItem\",\"position\":1,\"name\":\"Inici\",\"item\":\"https:\/\/e-cristians.cat\/es\/\"},{\"@type\":\"ListItem\",\"position\":2,\"name\":\"Ucrania: \u00a1No volvamos al 1914!\"}]},{\"@type\":\"WebSite\",\"@id\":\"https:\/\/e-cristians.cat\/#website\",\"url\":\"https:\/\/e-cristians.cat\/\",\"name\":\"e-Cristians\",\"description\":\"\",\"potentialAction\":[{\"@type\":\"SearchAction\",\"target\":{\"@type\":\"EntryPoint\",\"urlTemplate\":\"https:\/\/e-cristians.cat\/?s={search_term_string}\"},\"query-input\":\"required name=search_term_string\"}],\"inLanguage\":\"es\"},{\"@type\":\"Person\",\"@id\":\"https:\/\/e-cristians.cat\/#\/schema\/person\/f0ec475338e49aaef9c9dc9d9f162861\",\"name\":\"e-Cristians\",\"image\":{\"@type\":\"ImageObject\",\"inLanguage\":\"es\",\"@id\":\"https:\/\/e-cristians.cat\/#\/schema\/person\/image\/\",\"url\":\"https:\/\/secure.gravatar.com\/avatar\/14bc9e5b0ca69070f1075ad3efcb33c4?s=96&d=mm&r=g\",\"contentUrl\":\"https:\/\/secure.gravatar.com\/avatar\/14bc9e5b0ca69070f1075ad3efcb33c4?s=96&d=mm&r=g\",\"caption\":\"e-Cristians\"}}]}<\/script>\n<!-- \/ Yoast SEO plugin. -->","yoast_head_json":{"title":"Ucrania: \u00a1No volvamos al 1914! - e-Cristians","robots":{"index":"noindex","follow":"nofollow"},"og_locale":"es_ES","og_type":"article","og_title":"Ucrania: \u00a1No volvamos al 1914! - e-Cristians","og_description":"Josep Mir\u00f3 i Ard\u00e8vol para La Vanguardia \u00abSin embargo, su estallido no se esperaba realmente. Incluso durante los \u00faltimos d\u00edas de la crisis internacional de julio de 1914, cuando la situaci\u00f3n ya era desesperada, los estadistas, que estaban dando pasos fatales, no cre\u00edan realmente que estuviesen iniciando una guerra mundial\u201d. En estos t\u00e9rmi\u00adnos describe el...","og_url":"https:\/\/e-cristians.cat\/es\/ucrania-no-volvamos-al-1914\/","og_site_name":"e-Cristians","article_published_time":"2022-03-03T08:00:31+00:00","article_modified_time":"2022-03-03T15:20:04+00:00","og_image":[{"width":500,"height":350,"url":"https:\/\/e-cristians.cat\/wp-content\/uploads\/2022\/03\/i-guerra-mundial-vineta.jpg","type":"image\/jpeg"}],"author":"e-Cristians","twitter_card":"summary_large_image","twitter_misc":{"Escrito por":"e-Cristians"},"schema":{"@context":"https:\/\/schema.org","@graph":[{"@type":"WebPage","@id":"https:\/\/e-cristians.cat\/es\/ucrania-no-volvamos-al-1914\/","url":"https:\/\/e-cristians.cat\/es\/ucrania-no-volvamos-al-1914\/","name":"Ucrania: \u00a1No volvamos al 1914! - e-Cristians","isPartOf":{"@id":"https:\/\/e-cristians.cat\/#website"},"datePublished":"2022-03-03T08:00:31+00:00","dateModified":"2022-03-03T15:20:04+00:00","author":{"@id":"https:\/\/e-cristians.cat\/#\/schema\/person\/f0ec475338e49aaef9c9dc9d9f162861"},"breadcrumb":{"@id":"https:\/\/e-cristians.cat\/es\/ucrania-no-volvamos-al-1914\/#breadcrumb"},"inLanguage":"es","potentialAction":[{"@type":"ReadAction","target":["https:\/\/e-cristians.cat\/es\/ucrania-no-volvamos-al-1914\/"]}]},{"@type":"BreadcrumbList","@id":"https:\/\/e-cristians.cat\/es\/ucrania-no-volvamos-al-1914\/#breadcrumb","itemListElement":[{"@type":"ListItem","position":1,"name":"Inici","item":"https:\/\/e-cristians.cat\/es\/"},{"@type":"ListItem","position":2,"name":"Ucrania: \u00a1No volvamos al 1914!"}]},{"@type":"WebSite","@id":"https:\/\/e-cristians.cat\/#website","url":"https:\/\/e-cristians.cat\/","name":"e-Cristians","description":"","potentialAction":[{"@type":"SearchAction","target":{"@type":"EntryPoint","urlTemplate":"https:\/\/e-cristians.cat\/?s={search_term_string}"},"query-input":"required name=search_term_string"}],"inLanguage":"es"},{"@type":"Person","@id":"https:\/\/e-cristians.cat\/#\/schema\/person\/f0ec475338e49aaef9c9dc9d9f162861","name":"e-Cristians","image":{"@type":"ImageObject","inLanguage":"es","@id":"https:\/\/e-cristians.cat\/#\/schema\/person\/image\/","url":"https:\/\/secure.gravatar.com\/avatar\/14bc9e5b0ca69070f1075ad3efcb33c4?s=96&d=mm&r=g","contentUrl":"https:\/\/secure.gravatar.com\/avatar\/14bc9e5b0ca69070f1075ad3efcb33c4?s=96&d=mm&r=g","caption":"e-Cristians"}}]}},"jetpack_sharing_enabled":true,"jetpack_featured_media_url":"https:\/\/e-cristians.cat\/wp-content\/uploads\/2022\/03\/i-guerra-mundial-vineta.jpg","_links":{"self":[{"href":"https:\/\/e-cristians.cat\/es\/wp-json\/wp\/v2\/posts\/41707"}],"collection":[{"href":"https:\/\/e-cristians.cat\/es\/wp-json\/wp\/v2\/posts"}],"about":[{"href":"https:\/\/e-cristians.cat\/es\/wp-json\/wp\/v2\/types\/post"}],"author":[{"embeddable":true,"href":"https:\/\/e-cristians.cat\/es\/wp-json\/wp\/v2\/users\/2"}],"replies":[{"embeddable":true,"href":"https:\/\/e-cristians.cat\/es\/wp-json\/wp\/v2\/comments?post=41707"}],"version-history":[{"count":1,"href":"https:\/\/e-cristians.cat\/es\/wp-json\/wp\/v2\/posts\/41707\/revisions"}],"predecessor-version":[{"id":41708,"href":"https:\/\/e-cristians.cat\/es\/wp-json\/wp\/v2\/posts\/41707\/revisions\/41708"}],"wp:featuredmedia":[{"embeddable":true,"href":"https:\/\/e-cristians.cat\/es\/wp-json\/wp\/v2\/media\/41705"}],"wp:attachment":[{"href":"https:\/\/e-cristians.cat\/es\/wp-json\/wp\/v2\/media?parent=41707"}],"wp:term":[{"taxonomy":"category","embeddable":true,"href":"https:\/\/e-cristians.cat\/es\/wp-json\/wp\/v2\/categories?post=41707"},{"taxonomy":"post_tag","embeddable":true,"href":"https:\/\/e-cristians.cat\/es\/wp-json\/wp\/v2\/tags?post=41707"}],"curies":[{"name":"wp","href":"https:\/\/api.w.org\/{rel}","templated":true}]}}