{"id":41856,"date":"2022-03-08T12:58:27","date_gmt":"2022-03-08T11:58:27","guid":{"rendered":"https:\/\/e-cristians.cat\/?p=41856"},"modified":"2022-03-09T13:04:02","modified_gmt":"2022-03-09T12:04:02","slug":"vols-participar-al-grup-dalternativa-legislativa-per-projectar-lalternativa-cultural-cristiana","status":"publish","type":"post","link":"https:\/\/e-cristians.cat\/es\/vols-participar-al-grup-dalternativa-legislativa-per-projectar-lalternativa-cultural-cristiana\/","title":{"rendered":"\u00bfQuieres participar en el grupo de Alternativa Legislativa para proyectar la alternativa cultural cristiana?"},"content":{"rendered":"<p>La\u00a0<a href=\"https:\/\/www.forumlibertas.com\/forumlibertas-3\/\" target=\"_blank\" rel=\"noopener\">Asamblea Cultural Cristiana<\/a>\u00a0ya est\u00e1 dando frutos concretos y positivos:\u00a0<strong>el pr\u00f3ximo jueves, 10 de marzo, de 19:30 a 20:00h. las personas que lo deseen est\u00e1n convocadas a un breve encuentro de 30 minutos por Zoom, de la tercera reuni\u00f3n\u00a0<em>online<\/em>\u00a0de los Grupos de Trabajo para colaborar en la necesaria\u00a0alternativa legislativa\u00a0de la alternativa cultural cristiana.<\/strong><\/p>\n<p>Es momento de poner en marcha los grupos de trabajo surgidos de las dos Asambleas celebradas hasta el momento. De hecho, el 1 de marzo,\u00a0<a href=\"https:\/\/www.forumlibertas.com\/alternativa-cultural-cristiana-4\/\" target=\"_blank\" rel=\"noopener\">tuvo lugar la primera reuni\u00f3n de trabajo del grupo de Redes Sociales<\/a>. y el 7 de marzo el grupo de\u00a0<a href=\"https:\/\/www.forumlibertas.com\/alternativa-cultural-cristiana-contenidos\/\" target=\"_blank\" rel=\"noopener\">Contenidos<\/a>.\u00a0 Llega el turno ahora para la Alternativa legislativa.<\/p>\n<p>\u00abSe trata de identificar las Leyes ideol\u00f3gicas, determinar sus da\u00f1inos efectos y proponer alternativas legislativas encaminadas a la construcci\u00f3n de la Alternativa Cultural Cristiana\u00bb, afirman los organizadores, que pretenden dinamizar la acci\u00f3n cultural cristiana para construir la alternativa necesaria a la cultura del descarte y el radical proceso de secularizaci\u00f3n en el que est\u00e1n inmersas las sociedades occidentales.<\/p>\n<div class=\"code-block code-block-4\">\n<div class=\"a-single a-7\">El responsable de Coordinaci\u00f3n del Grupo,\u00a0<a href=\"https:\/\/www.youtube.com\/watch?v=78sNnzjbcow&amp;ab_channel=ACdP\" target=\"_blank\" rel=\"noopener\">Juan Carlos Corvera<\/a>, explicar\u00e1 c\u00f3mo las personas interesadas en participar de este necesario proyecto pueden colaborar en una nueva construcci\u00f3n legislativa . Se reservar\u00e1n los 10 minutos finales de la sesi\u00f3n\u00a0<strong>por si algunos de los interesados quieren compartir con el grupo experiencias positivas.<\/strong><\/div>\n<div><\/div>\n<\/div>\n<p><strong>La asistencia a la reuni\u00f3n es nominal, y las personas que quieran confirmar su asistencia deben escribir al siguiente correo electr\u00f3nico indicando su nombre y su inter\u00e9s en asistir para recibir el enlace de la reuni\u00f3n, que ser\u00e1 por videoconferencia a trav\u00e9s de la aplicaci\u00f3n Zoom:\u00a0<a class=\"rABsFf RffVmb AL18ce\" href=\"mailto:montsescola@forumlibertas.com\" target=\"_blank\" rel=\"noopener\" data-tooltip-position=\"top\" data-tooltip=\"De tus contactos de Google\">montsescola@forumlibertas.com<\/a><\/strong><\/p>\n<p><strong>Si quieres colaborar, pero no puedes asisti<\/strong>r al Zoom convocado este d\u00eda y hora, h\u00e1znoslo saber en el mismo correo indicado,\u00a0 para que el responsable del grupo\u00a0<strong>contacte contigo individualmente<\/strong>\u00a0y pueda sumarte al grupo de trabajo<\/p>\n<div class=\"code-block code-block-5\">\n<div class=\"a-single a-7\">ForumLibertas trabaja para ayudar a sus lectores a construir una visi\u00f3n cr\u00edtica de los tiempos actuales en clave cristiana, ahora ofrece la posibilidad de pasar a la acci\u00f3n y que sus lectores participen de la construcci\u00f3n de la alternativa cultural cristiana.<\/div>\n<div><\/div>\n<\/div>\n<h3 style=\"text-align: center;\"><strong>El reto continua el pr\u00f3ximo jueves, 10 de marzo, a las 19.30h. S\u00famate al impulso necesario.<\/strong><\/h3>\n","protected":false},"excerpt":{"rendered":"<p>La\u00a0Asamblea Cultural Cristiana\u00a0ya est\u00e1 dando frutos concretos y positivos:\u00a0el pr\u00f3ximo jueves, 10 de marzo, de 19:30 a 20:00h. las personas que lo deseen est\u00e1n convocadas a un breve encuentro de 30 minutos por Zoom, de la tercera reuni\u00f3n\u00a0online\u00a0de los Grupos de Trabajo para colaborar en la necesaria\u00a0alternativa legislativa\u00a0de la alternativa cultural cristiana. Es momento de&#8230;<\/p>\n","protected":false},"author":2,"featured_media":41852,"comment_status":"closed","ping_status":"closed","sticky":false,"template":"","format":"standard","meta":{"_jetpack_memberships_contains_paid_content":false,"footnotes":""},"categories":[33,39],"tags":[],"class_list":["post-41856","post","type-post","status-publish","format-standard","has-post-thumbnail","hentry","category-altres-entitats-informacions-agenda-i-documents-es","category-portada_news-es"],"yoast_head":"<!-- This site is optimized with the Yoast SEO plugin v20.0 - https:\/\/yoast.com\/wordpress\/plugins\/seo\/ -->\n<title>\u00bfQuieres participar en el grupo de Alternativa Legislativa para proyectar la alternativa cultural cristiana? - e-Cristians<\/title>\n<meta name=\"robots\" content=\"noindex, nofollow\" \/>\n<meta property=\"og:locale\" content=\"es_ES\" \/>\n<meta property=\"og:type\" content=\"article\" \/>\n<meta property=\"og:title\" content=\"\u00bfQuieres participar en el grupo de Alternativa Legislativa para proyectar la alternativa cultural cristiana? - e-Cristians\" \/>\n<meta property=\"og:description\" content=\"La\u00a0Asamblea Cultural Cristiana\u00a0ya est\u00e1 dando frutos concretos y positivos:\u00a0el pr\u00f3ximo jueves, 10 de marzo, de 19:30 a 20:00h. las personas que lo deseen est\u00e1n convocadas a un breve encuentro de 30 minutos por Zoom, de la tercera reuni\u00f3n\u00a0online\u00a0de los Grupos de Trabajo para colaborar en la necesaria\u00a0alternativa legislativa\u00a0de la alternativa cultural cristiana. Es momento de...\" \/>\n<meta property=\"og:url\" content=\"https:\/\/e-cristians.cat\/es\/vols-participar-al-grup-dalternativa-legislativa-per-projectar-lalternativa-cultural-cristiana\/\" \/>\n<meta property=\"og:site_name\" content=\"e-Cristians\" \/>\n<meta property=\"article:published_time\" content=\"2022-03-08T11:58:27+00:00\" \/>\n<meta property=\"article:modified_time\" content=\"2022-03-09T12:04:02+00:00\" \/>\n<meta property=\"og:image\" content=\"https:\/\/e-cristians.cat\/wp-content\/uploads\/2022\/03\/cq5dam.thumbnail.cropped.1000.563-747x421-2.jpeg\" \/>\n\t<meta property=\"og:image:width\" content=\"747\" \/>\n\t<meta property=\"og:image:height\" content=\"421\" \/>\n\t<meta property=\"og:image:type\" content=\"image\/jpeg\" \/>\n<meta name=\"author\" content=\"e-Cristians\" \/>\n<meta name=\"twitter:card\" content=\"summary_large_image\" \/>\n<meta name=\"twitter:label1\" content=\"Escrito por\" \/>\n\t<meta name=\"twitter:data1\" content=\"e-Cristians\" \/>\n\t<meta name=\"twitter:label2\" content=\"Tiempo de lectura\" \/>\n\t<meta name=\"twitter:data2\" content=\"2 minutos\" \/>\n<script type=\"application\/ld+json\" class=\"yoast-schema-graph\">{\"@context\":\"https:\/\/schema.org\",\"@graph\":[{\"@type\":\"WebPage\",\"@id\":\"https:\/\/e-cristians.cat\/es\/vols-participar-al-grup-dalternativa-legislativa-per-projectar-lalternativa-cultural-cristiana\/\",\"url\":\"https:\/\/e-cristians.cat\/es\/vols-participar-al-grup-dalternativa-legislativa-per-projectar-lalternativa-cultural-cristiana\/\",\"name\":\"\u00bfQuieres participar en el grupo de Alternativa Legislativa para proyectar la alternativa cultural cristiana? - e-Cristians\",\"isPartOf\":{\"@id\":\"https:\/\/e-cristians.cat\/#website\"},\"datePublished\":\"2022-03-08T11:58:27+00:00\",\"dateModified\":\"2022-03-09T12:04:02+00:00\",\"author\":{\"@id\":\"https:\/\/e-cristians.cat\/#\/schema\/person\/f0ec475338e49aaef9c9dc9d9f162861\"},\"breadcrumb\":{\"@id\":\"https:\/\/e-cristians.cat\/es\/vols-participar-al-grup-dalternativa-legislativa-per-projectar-lalternativa-cultural-cristiana\/#breadcrumb\"},\"inLanguage\":\"es\",\"potentialAction\":[{\"@type\":\"ReadAction\",\"target\":[\"https:\/\/e-cristians.cat\/es\/vols-participar-al-grup-dalternativa-legislativa-per-projectar-lalternativa-cultural-cristiana\/\"]}]},{\"@type\":\"BreadcrumbList\",\"@id\":\"https:\/\/e-cristians.cat\/es\/vols-participar-al-grup-dalternativa-legislativa-per-projectar-lalternativa-cultural-cristiana\/#breadcrumb\",\"itemListElement\":[{\"@type\":\"ListItem\",\"position\":1,\"name\":\"Inici\",\"item\":\"https:\/\/e-cristians.cat\/es\/\"},{\"@type\":\"ListItem\",\"position\":2,\"name\":\"\u00bfQuieres participar en el grupo de Alternativa Legislativa para proyectar la alternativa cultural cristiana?\"}]},{\"@type\":\"WebSite\",\"@id\":\"https:\/\/e-cristians.cat\/#website\",\"url\":\"https:\/\/e-cristians.cat\/\",\"name\":\"e-Cristians\",\"description\":\"\",\"potentialAction\":[{\"@type\":\"SearchAction\",\"target\":{\"@type\":\"EntryPoint\",\"urlTemplate\":\"https:\/\/e-cristians.cat\/?s={search_term_string}\"},\"query-input\":\"required name=search_term_string\"}],\"inLanguage\":\"es\"},{\"@type\":\"Person\",\"@id\":\"https:\/\/e-cristians.cat\/#\/schema\/person\/f0ec475338e49aaef9c9dc9d9f162861\",\"name\":\"e-Cristians\",\"image\":{\"@type\":\"ImageObject\",\"inLanguage\":\"es\",\"@id\":\"https:\/\/e-cristians.cat\/#\/schema\/person\/image\/\",\"url\":\"https:\/\/secure.gravatar.com\/avatar\/14bc9e5b0ca69070f1075ad3efcb33c4?s=96&d=mm&r=g\",\"contentUrl\":\"https:\/\/secure.gravatar.com\/avatar\/14bc9e5b0ca69070f1075ad3efcb33c4?s=96&d=mm&r=g\",\"caption\":\"e-Cristians\"}}]}<\/script>\n<!-- \/ Yoast SEO plugin. -->","yoast_head_json":{"title":"\u00bfQuieres participar en el grupo de Alternativa Legislativa para proyectar la alternativa cultural cristiana? - e-Cristians","robots":{"index":"noindex","follow":"nofollow"},"og_locale":"es_ES","og_type":"article","og_title":"\u00bfQuieres participar en el grupo de Alternativa Legislativa para proyectar la alternativa cultural cristiana? - e-Cristians","og_description":"La\u00a0Asamblea Cultural Cristiana\u00a0ya est\u00e1 dando frutos concretos y positivos:\u00a0el pr\u00f3ximo jueves, 10 de marzo, de 19:30 a 20:00h. las personas que lo deseen est\u00e1n convocadas a un breve encuentro de 30 minutos por Zoom, de la tercera reuni\u00f3n\u00a0online\u00a0de los Grupos de Trabajo para colaborar en la necesaria\u00a0alternativa legislativa\u00a0de la alternativa cultural cristiana. Es momento de...","og_url":"https:\/\/e-cristians.cat\/es\/vols-participar-al-grup-dalternativa-legislativa-per-projectar-lalternativa-cultural-cristiana\/","og_site_name":"e-Cristians","article_published_time":"2022-03-08T11:58:27+00:00","article_modified_time":"2022-03-09T12:04:02+00:00","og_image":[{"width":747,"height":421,"url":"https:\/\/e-cristians.cat\/wp-content\/uploads\/2022\/03\/cq5dam.thumbnail.cropped.1000.563-747x421-2.jpeg","type":"image\/jpeg"}],"author":"e-Cristians","twitter_card":"summary_large_image","twitter_misc":{"Escrito por":"e-Cristians","Tiempo de lectura":"2 minutos"},"schema":{"@context":"https:\/\/schema.org","@graph":[{"@type":"WebPage","@id":"https:\/\/e-cristians.cat\/es\/vols-participar-al-grup-dalternativa-legislativa-per-projectar-lalternativa-cultural-cristiana\/","url":"https:\/\/e-cristians.cat\/es\/vols-participar-al-grup-dalternativa-legislativa-per-projectar-lalternativa-cultural-cristiana\/","name":"\u00bfQuieres participar en el grupo de Alternativa Legislativa para proyectar la alternativa cultural cristiana? - e-Cristians","isPartOf":{"@id":"https:\/\/e-cristians.cat\/#website"},"datePublished":"2022-03-08T11:58:27+00:00","dateModified":"2022-03-09T12:04:02+00:00","author":{"@id":"https:\/\/e-cristians.cat\/#\/schema\/person\/f0ec475338e49aaef9c9dc9d9f162861"},"breadcrumb":{"@id":"https:\/\/e-cristians.cat\/es\/vols-participar-al-grup-dalternativa-legislativa-per-projectar-lalternativa-cultural-cristiana\/#breadcrumb"},"inLanguage":"es","potentialAction":[{"@type":"ReadAction","target":["https:\/\/e-cristians.cat\/es\/vols-participar-al-grup-dalternativa-legislativa-per-projectar-lalternativa-cultural-cristiana\/"]}]},{"@type":"BreadcrumbList","@id":"https:\/\/e-cristians.cat\/es\/vols-participar-al-grup-dalternativa-legislativa-per-projectar-lalternativa-cultural-cristiana\/#breadcrumb","itemListElement":[{"@type":"ListItem","position":1,"name":"Inici","item":"https:\/\/e-cristians.cat\/es\/"},{"@type":"ListItem","position":2,"name":"\u00bfQuieres participar en el grupo de Alternativa Legislativa para proyectar la alternativa cultural cristiana?"}]},{"@type":"WebSite","@id":"https:\/\/e-cristians.cat\/#website","url":"https:\/\/e-cristians.cat\/","name":"e-Cristians","description":"","potentialAction":[{"@type":"SearchAction","target":{"@type":"EntryPoint","urlTemplate":"https:\/\/e-cristians.cat\/?s={search_term_string}"},"query-input":"required name=search_term_string"}],"inLanguage":"es"},{"@type":"Person","@id":"https:\/\/e-cristians.cat\/#\/schema\/person\/f0ec475338e49aaef9c9dc9d9f162861","name":"e-Cristians","image":{"@type":"ImageObject","inLanguage":"es","@id":"https:\/\/e-cristians.cat\/#\/schema\/person\/image\/","url":"https:\/\/secure.gravatar.com\/avatar\/14bc9e5b0ca69070f1075ad3efcb33c4?s=96&d=mm&r=g","contentUrl":"https:\/\/secure.gravatar.com\/avatar\/14bc9e5b0ca69070f1075ad3efcb33c4?s=96&d=mm&r=g","caption":"e-Cristians"}}]}},"jetpack_sharing_enabled":true,"jetpack_featured_media_url":"https:\/\/e-cristians.cat\/wp-content\/uploads\/2022\/03\/cq5dam.thumbnail.cropped.1000.563-747x421-2.jpeg","_links":{"self":[{"href":"https:\/\/e-cristians.cat\/es\/wp-json\/wp\/v2\/posts\/41856"}],"collection":[{"href":"https:\/\/e-cristians.cat\/es\/wp-json\/wp\/v2\/posts"}],"about":[{"href":"https:\/\/e-cristians.cat\/es\/wp-json\/wp\/v2\/types\/post"}],"author":[{"embeddable":true,"href":"https:\/\/e-cristians.cat\/es\/wp-json\/wp\/v2\/users\/2"}],"replies":[{"embeddable":true,"href":"https:\/\/e-cristians.cat\/es\/wp-json\/wp\/v2\/comments?post=41856"}],"version-history":[{"count":3,"href":"https:\/\/e-cristians.cat\/es\/wp-json\/wp\/v2\/posts\/41856\/revisions"}],"predecessor-version":[{"id":41906,"href":"https:\/\/e-cristians.cat\/es\/wp-json\/wp\/v2\/posts\/41856\/revisions\/41906"}],"wp:featuredmedia":[{"embeddable":true,"href":"https:\/\/e-cristians.cat\/es\/wp-json\/wp\/v2\/media\/41852"}],"wp:attachment":[{"href":"https:\/\/e-cristians.cat\/es\/wp-json\/wp\/v2\/media?parent=41856"}],"wp:term":[{"taxonomy":"category","embeddable":true,"href":"https:\/\/e-cristians.cat\/es\/wp-json\/wp\/v2\/categories?post=41856"},{"taxonomy":"post_tag","embeddable":true,"href":"https:\/\/e-cristians.cat\/es\/wp-json\/wp\/v2\/tags?post=41856"}],"curies":[{"name":"wp","href":"https:\/\/api.w.org\/{rel}","templated":true}]}}