{"id":42033,"date":"2022-03-09T17:37:10","date_gmt":"2022-03-09T16:37:10","guid":{"rendered":"https:\/\/e-cristians.cat\/?p=42033"},"modified":"2022-03-10T17:43:36","modified_gmt":"2022-03-10T16:43:36","slug":"conferencia-el-sentido-del-dolor-y-del-sufrimiento","status":"publish","type":"post","link":"https:\/\/e-cristians.cat\/es\/conferencia-el-sentido-del-dolor-y-del-sufrimiento\/","title":{"rendered":"Conferencia \u00abEl sentido del dolor y del sufrimiento\u00bb"},"content":{"rendered":"<p>A cargo del <strong>Dr. Amadeo Muntan\u00e9 S\u00e1nchez<\/strong>, profesor de Neuroradiolog\u00eda University Hospital Bellvitge<\/p>\n<p>D\u00eda: <strong>17 de marzo<\/strong> de 2022<\/p>\n<p>Hora: <strong>19:30h.<\/strong><\/p>\n<p>Lugar: Sal\u00f3n de Actos <strong>Iglesia de Santa Mar\u00eda de Montalegre<\/strong> (c\/ Valldonzella, 13, Bcn)<\/p>\n<p><a ref=\"magnificPopup\" href=\"https:\/\/e-cristians.cat\/wp-content\/uploads\/2022\/03\/confer-dolor-1.jpg\" target=\"_blank\" rel=\"noopener\"><img decoding=\"async\" class=\"wp-image-42034 aligncenter lazyload\" data-src=\"https:\/\/e-cristians.cat\/wp-content\/uploads\/2022\/03\/confer-dolor-212x300.jpg\" alt=\"\" width=\"275\" height=\"389\" src=\"data:image\/svg+xml;base64,PHN2ZyB3aWR0aD0iMSIgaGVpZ2h0PSIxIiB4bWxucz0iaHR0cDovL3d3dy53My5vcmcvMjAwMC9zdmciPjwvc3ZnPg==\" style=\"--smush-placeholder-width: 275px; --smush-placeholder-aspect-ratio: 275\/389;\" \/><\/a><\/p>\n","protected":false},"excerpt":{"rendered":"<p>A cargo del Dr. Amadeo Muntan\u00e9 S\u00e1nchez, profesor de Neuroradiolog\u00eda University Hospital Bellvitge D\u00eda: 17 de marzo de 2022 Hora: 19:30h. Lugar: Sal\u00f3n de Actos Iglesia de Santa Mar\u00eda de Montalegre (c\/ Valldonzella, 13, Bcn)<\/p>\n","protected":false},"author":2,"featured_media":42038,"comment_status":"closed","ping_status":"closed","sticky":false,"template":"","format":"standard","meta":{"_jetpack_memberships_contains_paid_content":false,"footnotes":""},"categories":[33,39],"tags":[],"class_list":["post-42033","post","type-post","status-publish","format-standard","has-post-thumbnail","hentry","category-altres-entitats-informacions-agenda-i-documents-es","category-portada_news-es"],"yoast_head":"<!-- This site is optimized with the Yoast SEO plugin v20.0 - https:\/\/yoast.com\/wordpress\/plugins\/seo\/ -->\n<title>Conferencia &quot;El sentido del dolor y del sufrimiento&quot; - e-Cristians<\/title>\n<meta name=\"robots\" content=\"noindex, nofollow\" \/>\n<meta property=\"og:locale\" content=\"es_ES\" \/>\n<meta property=\"og:type\" content=\"article\" \/>\n<meta property=\"og:title\" content=\"Conferencia &quot;El sentido del dolor y del sufrimiento&quot; - e-Cristians\" \/>\n<meta property=\"og:description\" content=\"A cargo del Dr. Amadeo Muntan\u00e9 S\u00e1nchez, profesor de Neuroradiolog\u00eda University Hospital Bellvitge D\u00eda: 17 de marzo de 2022 Hora: 19:30h. Lugar: Sal\u00f3n de Actos Iglesia de Santa Mar\u00eda de Montalegre (c\/ Valldonzella, 13, Bcn)\" \/>\n<meta property=\"og:url\" content=\"https:\/\/e-cristians.cat\/es\/conferencia-el-sentido-del-dolor-y-del-sufrimiento\/\" \/>\n<meta property=\"og:site_name\" content=\"e-Cristians\" \/>\n<meta property=\"article:published_time\" content=\"2022-03-09T16:37:10+00:00\" \/>\n<meta property=\"article:modified_time\" content=\"2022-03-10T16:43:36+00:00\" \/>\n<meta property=\"og:image\" content=\"https:\/\/e-cristians.cat\/wp-content\/uploads\/2022\/03\/desaludpsicologos-blog-adiccion-sufrimiento2.jpg\" \/>\n\t<meta property=\"og:image:width\" content=\"1024\" \/>\n\t<meta property=\"og:image:height\" content=\"497\" \/>\n\t<meta property=\"og:image:type\" content=\"image\/jpeg\" \/>\n<meta name=\"author\" content=\"e-Cristians\" \/>\n<meta name=\"twitter:card\" content=\"summary_large_image\" \/>\n<meta name=\"twitter:label1\" content=\"Escrito por\" \/>\n\t<meta name=\"twitter:data1\" content=\"e-Cristians\" \/>\n<script type=\"application\/ld+json\" class=\"yoast-schema-graph\">{\"@context\":\"https:\/\/schema.org\",\"@graph\":[{\"@type\":\"WebPage\",\"@id\":\"https:\/\/e-cristians.cat\/es\/conferencia-el-sentido-del-dolor-y-del-sufrimiento\/\",\"url\":\"https:\/\/e-cristians.cat\/es\/conferencia-el-sentido-del-dolor-y-del-sufrimiento\/\",\"name\":\"Conferencia \\\"El sentido del dolor y del sufrimiento\\\" - e-Cristians\",\"isPartOf\":{\"@id\":\"https:\/\/e-cristians.cat\/#website\"},\"datePublished\":\"2022-03-09T16:37:10+00:00\",\"dateModified\":\"2022-03-10T16:43:36+00:00\",\"author\":{\"@id\":\"https:\/\/e-cristians.cat\/#\/schema\/person\/f0ec475338e49aaef9c9dc9d9f162861\"},\"breadcrumb\":{\"@id\":\"https:\/\/e-cristians.cat\/es\/conferencia-el-sentido-del-dolor-y-del-sufrimiento\/#breadcrumb\"},\"inLanguage\":\"es\",\"potentialAction\":[{\"@type\":\"ReadAction\",\"target\":[\"https:\/\/e-cristians.cat\/es\/conferencia-el-sentido-del-dolor-y-del-sufrimiento\/\"]}]},{\"@type\":\"BreadcrumbList\",\"@id\":\"https:\/\/e-cristians.cat\/es\/conferencia-el-sentido-del-dolor-y-del-sufrimiento\/#breadcrumb\",\"itemListElement\":[{\"@type\":\"ListItem\",\"position\":1,\"name\":\"Inici\",\"item\":\"https:\/\/e-cristians.cat\/es\/\"},{\"@type\":\"ListItem\",\"position\":2,\"name\":\"Conferencia &#8220;El sentido del dolor y del sufrimiento&#8221;\"}]},{\"@type\":\"WebSite\",\"@id\":\"https:\/\/e-cristians.cat\/#website\",\"url\":\"https:\/\/e-cristians.cat\/\",\"name\":\"e-Cristians\",\"description\":\"\",\"potentialAction\":[{\"@type\":\"SearchAction\",\"target\":{\"@type\":\"EntryPoint\",\"urlTemplate\":\"https:\/\/e-cristians.cat\/?s={search_term_string}\"},\"query-input\":\"required name=search_term_string\"}],\"inLanguage\":\"es\"},{\"@type\":\"Person\",\"@id\":\"https:\/\/e-cristians.cat\/#\/schema\/person\/f0ec475338e49aaef9c9dc9d9f162861\",\"name\":\"e-Cristians\",\"image\":{\"@type\":\"ImageObject\",\"inLanguage\":\"es\",\"@id\":\"https:\/\/e-cristians.cat\/#\/schema\/person\/image\/\",\"url\":\"https:\/\/secure.gravatar.com\/avatar\/14bc9e5b0ca69070f1075ad3efcb33c4?s=96&d=mm&r=g\",\"contentUrl\":\"https:\/\/secure.gravatar.com\/avatar\/14bc9e5b0ca69070f1075ad3efcb33c4?s=96&d=mm&r=g\",\"caption\":\"e-Cristians\"}}]}<\/script>\n<!-- \/ Yoast SEO plugin. -->","yoast_head_json":{"title":"Conferencia \"El sentido del dolor y del sufrimiento\" - e-Cristians","robots":{"index":"noindex","follow":"nofollow"},"og_locale":"es_ES","og_type":"article","og_title":"Conferencia \"El sentido del dolor y del sufrimiento\" - e-Cristians","og_description":"A cargo del Dr. Amadeo Muntan\u00e9 S\u00e1nchez, profesor de Neuroradiolog\u00eda University Hospital Bellvitge D\u00eda: 17 de marzo de 2022 Hora: 19:30h. Lugar: Sal\u00f3n de Actos Iglesia de Santa Mar\u00eda de Montalegre (c\/ Valldonzella, 13, Bcn)","og_url":"https:\/\/e-cristians.cat\/es\/conferencia-el-sentido-del-dolor-y-del-sufrimiento\/","og_site_name":"e-Cristians","article_published_time":"2022-03-09T16:37:10+00:00","article_modified_time":"2022-03-10T16:43:36+00:00","og_image":[{"width":1024,"height":497,"url":"https:\/\/e-cristians.cat\/wp-content\/uploads\/2022\/03\/desaludpsicologos-blog-adiccion-sufrimiento2.jpg","type":"image\/jpeg"}],"author":"e-Cristians","twitter_card":"summary_large_image","twitter_misc":{"Escrito por":"e-Cristians"},"schema":{"@context":"https:\/\/schema.org","@graph":[{"@type":"WebPage","@id":"https:\/\/e-cristians.cat\/es\/conferencia-el-sentido-del-dolor-y-del-sufrimiento\/","url":"https:\/\/e-cristians.cat\/es\/conferencia-el-sentido-del-dolor-y-del-sufrimiento\/","name":"Conferencia \"El sentido del dolor y del sufrimiento\" - e-Cristians","isPartOf":{"@id":"https:\/\/e-cristians.cat\/#website"},"datePublished":"2022-03-09T16:37:10+00:00","dateModified":"2022-03-10T16:43:36+00:00","author":{"@id":"https:\/\/e-cristians.cat\/#\/schema\/person\/f0ec475338e49aaef9c9dc9d9f162861"},"breadcrumb":{"@id":"https:\/\/e-cristians.cat\/es\/conferencia-el-sentido-del-dolor-y-del-sufrimiento\/#breadcrumb"},"inLanguage":"es","potentialAction":[{"@type":"ReadAction","target":["https:\/\/e-cristians.cat\/es\/conferencia-el-sentido-del-dolor-y-del-sufrimiento\/"]}]},{"@type":"BreadcrumbList","@id":"https:\/\/e-cristians.cat\/es\/conferencia-el-sentido-del-dolor-y-del-sufrimiento\/#breadcrumb","itemListElement":[{"@type":"ListItem","position":1,"name":"Inici","item":"https:\/\/e-cristians.cat\/es\/"},{"@type":"ListItem","position":2,"name":"Conferencia &#8220;El sentido del dolor y del sufrimiento&#8221;"}]},{"@type":"WebSite","@id":"https:\/\/e-cristians.cat\/#website","url":"https:\/\/e-cristians.cat\/","name":"e-Cristians","description":"","potentialAction":[{"@type":"SearchAction","target":{"@type":"EntryPoint","urlTemplate":"https:\/\/e-cristians.cat\/?s={search_term_string}"},"query-input":"required name=search_term_string"}],"inLanguage":"es"},{"@type":"Person","@id":"https:\/\/e-cristians.cat\/#\/schema\/person\/f0ec475338e49aaef9c9dc9d9f162861","name":"e-Cristians","image":{"@type":"ImageObject","inLanguage":"es","@id":"https:\/\/e-cristians.cat\/#\/schema\/person\/image\/","url":"https:\/\/secure.gravatar.com\/avatar\/14bc9e5b0ca69070f1075ad3efcb33c4?s=96&d=mm&r=g","contentUrl":"https:\/\/secure.gravatar.com\/avatar\/14bc9e5b0ca69070f1075ad3efcb33c4?s=96&d=mm&r=g","caption":"e-Cristians"}}]}},"jetpack_sharing_enabled":true,"jetpack_featured_media_url":"https:\/\/e-cristians.cat\/wp-content\/uploads\/2022\/03\/desaludpsicologos-blog-adiccion-sufrimiento2.jpg","_links":{"self":[{"href":"https:\/\/e-cristians.cat\/es\/wp-json\/wp\/v2\/posts\/42033"}],"collection":[{"href":"https:\/\/e-cristians.cat\/es\/wp-json\/wp\/v2\/posts"}],"about":[{"href":"https:\/\/e-cristians.cat\/es\/wp-json\/wp\/v2\/types\/post"}],"author":[{"embeddable":true,"href":"https:\/\/e-cristians.cat\/es\/wp-json\/wp\/v2\/users\/2"}],"replies":[{"embeddable":true,"href":"https:\/\/e-cristians.cat\/es\/wp-json\/wp\/v2\/comments?post=42033"}],"version-history":[{"count":1,"href":"https:\/\/e-cristians.cat\/es\/wp-json\/wp\/v2\/posts\/42033\/revisions"}],"predecessor-version":[{"id":42040,"href":"https:\/\/e-cristians.cat\/es\/wp-json\/wp\/v2\/posts\/42033\/revisions\/42040"}],"wp:featuredmedia":[{"embeddable":true,"href":"https:\/\/e-cristians.cat\/es\/wp-json\/wp\/v2\/media\/42038"}],"wp:attachment":[{"href":"https:\/\/e-cristians.cat\/es\/wp-json\/wp\/v2\/media?parent=42033"}],"wp:term":[{"taxonomy":"category","embeddable":true,"href":"https:\/\/e-cristians.cat\/es\/wp-json\/wp\/v2\/categories?post=42033"},{"taxonomy":"post_tag","embeddable":true,"href":"https:\/\/e-cristians.cat\/es\/wp-json\/wp\/v2\/tags?post=42033"}],"curies":[{"name":"wp","href":"https:\/\/api.w.org\/{rel}","templated":true}]}}