{"id":42393,"date":"2022-03-17T11:30:33","date_gmt":"2022-03-17T10:30:33","guid":{"rendered":"https:\/\/e-cristians.cat\/?p=42393"},"modified":"2022-03-17T12:36:08","modified_gmt":"2022-03-17T11:36:08","slug":"testimonio-de-la-hna-gloria-narvaez-religiosa-colombiana-secuestrada-durante-5-anos-en-mali","status":"publish","type":"post","link":"https:\/\/e-cristians.cat\/es\/testimonio-de-la-hna-gloria-narvaez-religiosa-colombiana-secuestrada-durante-5-anos-en-mali\/","title":{"rendered":"Testimonio de la Hna. Gloria Narv\u00e1ez, religiosa colombiana secuestrada durante 5 a\u00f1os en Mali"},"content":{"rendered":"<p><strong>Ayuda a la Iglesia Necesitada convoca,<\/strong>\u00a0el jueves 24 de marzo, a las 20:00 h, en la Bas\u00edlica de la Concepci\u00f3n (c\/ Roger de Ll\u00faria, 70, Barcelona), a un acto en el que la Hna. Gloria Narv\u00e1ez, dar\u00e1 su testimonio de lo vivido durante su secuestro en Mali.<\/p>\n<p>Presidir\u00e1 la Misa y el acto el Emmo. y Rvdmo. Sr.\u00a0<strong>Juan Jos\u00e9 Omella,<\/strong>\u00a0Arzobispo de Barcelona.<\/p>\n<p>La religiosa Gloria Narv\u00e1ez <strong>estuvo cuatro a\u00f1os y ocho meses secuestrada en Mali<\/strong>\u00a0y fue liberada por sus captores el 9 de octubre de 2021, debido a un esfuerzo conjunto de gobiernos y de la oraci\u00f3n de miles de fieles en el mundo.<\/p>\n<p><em>\u201cDurante los 4 a\u00f1os y 8 meses de mi cautiverio, lo que m\u00e1s me hizo sufrir fue el momento en que fui separada de las otras personas que estaban secuestradas y qued\u00e9 sola frente a los grupos\u201d<\/em>, cuenta la hermana Gloria Narv\u00e1ez<\/p>\n<p>En el momento que vivi\u00f3 la violencia del secuestro, la hermana relata:\u00a0<em>\u201c<strong>me sent\u00eda fuerte y no ten\u00eda miedo por lo que tal vez me ven\u00eda<\/strong>, sino que me sent\u00eda fuerte y sab\u00eda que Dios me sosten\u00eda, que la Iglesia entera y en el mundo entero oraban por m\u00ed\u201d.<\/em><\/p>\n<div class=\"code-block code-block-5\">\n<div class=\"a-single a-7\">La Hermana cuenta que no tuvo miedo a la muerte, relata: <em>\u201cdesde el momento en que entraron a la casa sab\u00eda a lo que me expon\u00eda. Cuando me llevaron estaba dispuesta a correr todos los riesgos. Ten\u00eda mucha confianza en Dios.\u00a0<strong>Yo dije lo que sea, lo que sea, porque estaba dispuesta a entregar mi vida<\/strong>\u201d.<\/em><\/div>\n<\/div>\n<h4><strong>Su liberaci\u00f3n finalmente lleg\u00f3<\/strong><\/h4>\n<p>La hermana expresa sus agradecimientos a las autoridades de Mali, al gobierno italiano y a los dem\u00e1s gobiernos extranjeros, al Papa Francisco, quien la salud\u00f3 durante la misa de apertura del S\u00ednodo para la Sinodalidad, y a todas las personas que rezaron por su libertad.<\/p>\n<p>Gloria Narv\u00e1ez ahora est\u00e1 libre, sin embargo, echa una mirada hacia atr\u00e1s y recuerda\u00a0<strong>la labor que tiene la Iglesia en Mali:<\/strong>\u00a0el centro de salud, el trabajo de promoci\u00f3n para las mujeres, la formaci\u00f3n por dotarlas de herramientas que les permitan una vida mejor, no ser discriminadas y as\u00ed puedan salir de la pobreza con sus familias.<strong>\u00a0La misi\u00f3n debe continuar.<\/strong><\/p>\n<p><strong><em>Ayuda a la Iglesia Necesitada<\/em> puede financiar proyectos en \u00c1frica donde los cristianos sufren persecuci\u00f3n y violencia terrorista, gracias a los\u00a0<a href=\"https:\/\/dona.ayudaalaiglesianecesitada.org\/perseguidos-por-ser-cristianos\/?utm_source=cristianosperseguidos.com&amp;utm_medium=referral&amp;utm_campaign=perseguidos22&amp;utm_content=url_eventos_cristianosperseguidos-com\" target=\"_blank\" rel=\"noopener\">donativos<\/a><\/strong><\/p>\n<p><iframe title=\"EXCLUSIVO: El desolador relato de la monja colombiana Glor\u00eda Cecilia Narv\u00e1ez | Semana Noticias\" width=\"640\" height=\"360\" data-src=\"https:\/\/www.youtube.com\/embed\/uUbXHe_5aWM?feature=oembed\" frameborder=\"0\" allow=\"accelerometer; autoplay; clipboard-write; encrypted-media; gyroscope; picture-in-picture\" allowfullscreen src=\"data:image\/svg+xml;base64,PHN2ZyB3aWR0aD0iMSIgaGVpZ2h0PSIxIiB4bWxucz0iaHR0cDovL3d3dy53My5vcmcvMjAwMC9zdmciPjwvc3ZnPg==\" class=\"lazyload\" data-load-mode=\"1\"><\/iframe><\/p>\n","protected":false},"excerpt":{"rendered":"<p>Ayuda a la Iglesia Necesitada convoca,\u00a0el jueves 24 de marzo, a las 20:00 h, en la Bas\u00edlica de la Concepci\u00f3n (c\/ Roger de Ll\u00faria, 70, Barcelona), a un acto en el que la Hna. Gloria Narv\u00e1ez, dar\u00e1 su testimonio de lo vivido durante su secuestro en Mali. Presidir\u00e1 la Misa y el acto el Emmo&#8230;.<\/p>\n","protected":false},"author":2,"featured_media":42395,"comment_status":"closed","ping_status":"closed","sticky":false,"template":"","format":"standard","meta":{"_jetpack_memberships_contains_paid_content":false,"footnotes":""},"categories":[33,39],"tags":[],"class_list":["post-42393","post","type-post","status-publish","format-standard","has-post-thumbnail","hentry","category-altres-entitats-informacions-agenda-i-documents-es","category-portada_news-es"],"yoast_head":"<!-- This site is optimized with the Yoast SEO plugin v20.0 - https:\/\/yoast.com\/wordpress\/plugins\/seo\/ -->\n<title>Testimonio de la Hna. Gloria Narv\u00e1ez, religiosa colombiana secuestrada durante 5 a\u00f1os en Mali - e-Cristians<\/title>\n<meta name=\"robots\" content=\"noindex, nofollow\" \/>\n<meta property=\"og:locale\" content=\"es_ES\" \/>\n<meta property=\"og:type\" content=\"article\" \/>\n<meta property=\"og:title\" content=\"Testimonio de la Hna. Gloria Narv\u00e1ez, religiosa colombiana secuestrada durante 5 a\u00f1os en Mali - e-Cristians\" \/>\n<meta property=\"og:description\" content=\"Ayuda a la Iglesia Necesitada convoca,\u00a0el jueves 24 de marzo, a las 20:00 h, en la Bas\u00edlica de la Concepci\u00f3n (c\/ Roger de Ll\u00faria, 70, Barcelona), a un acto en el que la Hna. Gloria Narv\u00e1ez, dar\u00e1 su testimonio de lo vivido durante su secuestro en Mali. Presidir\u00e1 la Misa y el acto el Emmo....\" \/>\n<meta property=\"og:url\" content=\"https:\/\/e-cristians.cat\/es\/testimonio-de-la-hna-gloria-narvaez-religiosa-colombiana-secuestrada-durante-5-anos-en-mali\/\" \/>\n<meta property=\"og:site_name\" content=\"e-Cristians\" \/>\n<meta property=\"article:published_time\" content=\"2022-03-17T10:30:33+00:00\" \/>\n<meta property=\"article:modified_time\" content=\"2022-03-17T11:36:08+00:00\" \/>\n<meta property=\"og:image\" content=\"https:\/\/e-cristians.cat\/wp-content\/uploads\/2022\/03\/CARTELL-559x337-1.jpg\" \/>\n\t<meta property=\"og:image:width\" content=\"559\" \/>\n\t<meta property=\"og:image:height\" content=\"337\" \/>\n\t<meta property=\"og:image:type\" content=\"image\/jpeg\" \/>\n<meta name=\"author\" content=\"e-Cristians\" \/>\n<meta name=\"twitter:card\" content=\"summary_large_image\" \/>\n<meta name=\"twitter:label1\" content=\"Escrito por\" \/>\n\t<meta name=\"twitter:data1\" content=\"e-Cristians\" \/>\n\t<meta name=\"twitter:label2\" content=\"Tiempo de lectura\" \/>\n\t<meta name=\"twitter:data2\" content=\"2 minutos\" \/>\n<script type=\"application\/ld+json\" class=\"yoast-schema-graph\">{\"@context\":\"https:\/\/schema.org\",\"@graph\":[{\"@type\":\"WebPage\",\"@id\":\"https:\/\/e-cristians.cat\/es\/testimonio-de-la-hna-gloria-narvaez-religiosa-colombiana-secuestrada-durante-5-anos-en-mali\/\",\"url\":\"https:\/\/e-cristians.cat\/es\/testimonio-de-la-hna-gloria-narvaez-religiosa-colombiana-secuestrada-durante-5-anos-en-mali\/\",\"name\":\"Testimonio de la Hna. Gloria Narv\u00e1ez, religiosa colombiana secuestrada durante 5 a\u00f1os en Mali - e-Cristians\",\"isPartOf\":{\"@id\":\"https:\/\/e-cristians.cat\/#website\"},\"datePublished\":\"2022-03-17T10:30:33+00:00\",\"dateModified\":\"2022-03-17T11:36:08+00:00\",\"author\":{\"@id\":\"https:\/\/e-cristians.cat\/#\/schema\/person\/f0ec475338e49aaef9c9dc9d9f162861\"},\"breadcrumb\":{\"@id\":\"https:\/\/e-cristians.cat\/es\/testimonio-de-la-hna-gloria-narvaez-religiosa-colombiana-secuestrada-durante-5-anos-en-mali\/#breadcrumb\"},\"inLanguage\":\"es\",\"potentialAction\":[{\"@type\":\"ReadAction\",\"target\":[\"https:\/\/e-cristians.cat\/es\/testimonio-de-la-hna-gloria-narvaez-religiosa-colombiana-secuestrada-durante-5-anos-en-mali\/\"]}]},{\"@type\":\"BreadcrumbList\",\"@id\":\"https:\/\/e-cristians.cat\/es\/testimonio-de-la-hna-gloria-narvaez-religiosa-colombiana-secuestrada-durante-5-anos-en-mali\/#breadcrumb\",\"itemListElement\":[{\"@type\":\"ListItem\",\"position\":1,\"name\":\"Inici\",\"item\":\"https:\/\/e-cristians.cat\/es\/\"},{\"@type\":\"ListItem\",\"position\":2,\"name\":\"Testimonio de la Hna. Gloria Narv\u00e1ez, religiosa colombiana secuestrada durante 5 a\u00f1os en Mali\"}]},{\"@type\":\"WebSite\",\"@id\":\"https:\/\/e-cristians.cat\/#website\",\"url\":\"https:\/\/e-cristians.cat\/\",\"name\":\"e-Cristians\",\"description\":\"\",\"potentialAction\":[{\"@type\":\"SearchAction\",\"target\":{\"@type\":\"EntryPoint\",\"urlTemplate\":\"https:\/\/e-cristians.cat\/?s={search_term_string}\"},\"query-input\":\"required name=search_term_string\"}],\"inLanguage\":\"es\"},{\"@type\":\"Person\",\"@id\":\"https:\/\/e-cristians.cat\/#\/schema\/person\/f0ec475338e49aaef9c9dc9d9f162861\",\"name\":\"e-Cristians\",\"image\":{\"@type\":\"ImageObject\",\"inLanguage\":\"es\",\"@id\":\"https:\/\/e-cristians.cat\/#\/schema\/person\/image\/\",\"url\":\"https:\/\/secure.gravatar.com\/avatar\/14bc9e5b0ca69070f1075ad3efcb33c4?s=96&d=mm&r=g\",\"contentUrl\":\"https:\/\/secure.gravatar.com\/avatar\/14bc9e5b0ca69070f1075ad3efcb33c4?s=96&d=mm&r=g\",\"caption\":\"e-Cristians\"}}]}<\/script>\n<!-- \/ Yoast SEO plugin. -->","yoast_head_json":{"title":"Testimonio de la Hna. Gloria Narv\u00e1ez, religiosa colombiana secuestrada durante 5 a\u00f1os en Mali - e-Cristians","robots":{"index":"noindex","follow":"nofollow"},"og_locale":"es_ES","og_type":"article","og_title":"Testimonio de la Hna. Gloria Narv\u00e1ez, religiosa colombiana secuestrada durante 5 a\u00f1os en Mali - e-Cristians","og_description":"Ayuda a la Iglesia Necesitada convoca,\u00a0el jueves 24 de marzo, a las 20:00 h, en la Bas\u00edlica de la Concepci\u00f3n (c\/ Roger de Ll\u00faria, 70, Barcelona), a un acto en el que la Hna. Gloria Narv\u00e1ez, dar\u00e1 su testimonio de lo vivido durante su secuestro en Mali. Presidir\u00e1 la Misa y el acto el Emmo....","og_url":"https:\/\/e-cristians.cat\/es\/testimonio-de-la-hna-gloria-narvaez-religiosa-colombiana-secuestrada-durante-5-anos-en-mali\/","og_site_name":"e-Cristians","article_published_time":"2022-03-17T10:30:33+00:00","article_modified_time":"2022-03-17T11:36:08+00:00","og_image":[{"width":559,"height":337,"url":"https:\/\/e-cristians.cat\/wp-content\/uploads\/2022\/03\/CARTELL-559x337-1.jpg","type":"image\/jpeg"}],"author":"e-Cristians","twitter_card":"summary_large_image","twitter_misc":{"Escrito por":"e-Cristians","Tiempo de lectura":"2 minutos"},"schema":{"@context":"https:\/\/schema.org","@graph":[{"@type":"WebPage","@id":"https:\/\/e-cristians.cat\/es\/testimonio-de-la-hna-gloria-narvaez-religiosa-colombiana-secuestrada-durante-5-anos-en-mali\/","url":"https:\/\/e-cristians.cat\/es\/testimonio-de-la-hna-gloria-narvaez-religiosa-colombiana-secuestrada-durante-5-anos-en-mali\/","name":"Testimonio de la Hna. Gloria Narv\u00e1ez, religiosa colombiana secuestrada durante 5 a\u00f1os en Mali - e-Cristians","isPartOf":{"@id":"https:\/\/e-cristians.cat\/#website"},"datePublished":"2022-03-17T10:30:33+00:00","dateModified":"2022-03-17T11:36:08+00:00","author":{"@id":"https:\/\/e-cristians.cat\/#\/schema\/person\/f0ec475338e49aaef9c9dc9d9f162861"},"breadcrumb":{"@id":"https:\/\/e-cristians.cat\/es\/testimonio-de-la-hna-gloria-narvaez-religiosa-colombiana-secuestrada-durante-5-anos-en-mali\/#breadcrumb"},"inLanguage":"es","potentialAction":[{"@type":"ReadAction","target":["https:\/\/e-cristians.cat\/es\/testimonio-de-la-hna-gloria-narvaez-religiosa-colombiana-secuestrada-durante-5-anos-en-mali\/"]}]},{"@type":"BreadcrumbList","@id":"https:\/\/e-cristians.cat\/es\/testimonio-de-la-hna-gloria-narvaez-religiosa-colombiana-secuestrada-durante-5-anos-en-mali\/#breadcrumb","itemListElement":[{"@type":"ListItem","position":1,"name":"Inici","item":"https:\/\/e-cristians.cat\/es\/"},{"@type":"ListItem","position":2,"name":"Testimonio de la Hna. Gloria Narv\u00e1ez, religiosa colombiana secuestrada durante 5 a\u00f1os en Mali"}]},{"@type":"WebSite","@id":"https:\/\/e-cristians.cat\/#website","url":"https:\/\/e-cristians.cat\/","name":"e-Cristians","description":"","potentialAction":[{"@type":"SearchAction","target":{"@type":"EntryPoint","urlTemplate":"https:\/\/e-cristians.cat\/?s={search_term_string}"},"query-input":"required name=search_term_string"}],"inLanguage":"es"},{"@type":"Person","@id":"https:\/\/e-cristians.cat\/#\/schema\/person\/f0ec475338e49aaef9c9dc9d9f162861","name":"e-Cristians","image":{"@type":"ImageObject","inLanguage":"es","@id":"https:\/\/e-cristians.cat\/#\/schema\/person\/image\/","url":"https:\/\/secure.gravatar.com\/avatar\/14bc9e5b0ca69070f1075ad3efcb33c4?s=96&d=mm&r=g","contentUrl":"https:\/\/secure.gravatar.com\/avatar\/14bc9e5b0ca69070f1075ad3efcb33c4?s=96&d=mm&r=g","caption":"e-Cristians"}}]}},"jetpack_sharing_enabled":true,"jetpack_featured_media_url":"https:\/\/e-cristians.cat\/wp-content\/uploads\/2022\/03\/CARTELL-559x337-1.jpg","_links":{"self":[{"href":"https:\/\/e-cristians.cat\/es\/wp-json\/wp\/v2\/posts\/42393"}],"collection":[{"href":"https:\/\/e-cristians.cat\/es\/wp-json\/wp\/v2\/posts"}],"about":[{"href":"https:\/\/e-cristians.cat\/es\/wp-json\/wp\/v2\/types\/post"}],"author":[{"embeddable":true,"href":"https:\/\/e-cristians.cat\/es\/wp-json\/wp\/v2\/users\/2"}],"replies":[{"embeddable":true,"href":"https:\/\/e-cristians.cat\/es\/wp-json\/wp\/v2\/comments?post=42393"}],"version-history":[{"count":1,"href":"https:\/\/e-cristians.cat\/es\/wp-json\/wp\/v2\/posts\/42393\/revisions"}],"predecessor-version":[{"id":42397,"href":"https:\/\/e-cristians.cat\/es\/wp-json\/wp\/v2\/posts\/42393\/revisions\/42397"}],"wp:featuredmedia":[{"embeddable":true,"href":"https:\/\/e-cristians.cat\/es\/wp-json\/wp\/v2\/media\/42395"}],"wp:attachment":[{"href":"https:\/\/e-cristians.cat\/es\/wp-json\/wp\/v2\/media?parent=42393"}],"wp:term":[{"taxonomy":"category","embeddable":true,"href":"https:\/\/e-cristians.cat\/es\/wp-json\/wp\/v2\/categories?post=42393"},{"taxonomy":"post_tag","embeddable":true,"href":"https:\/\/e-cristians.cat\/es\/wp-json\/wp\/v2\/tags?post=42393"}],"curies":[{"name":"wp","href":"https:\/\/api.w.org\/{rel}","templated":true}]}}