{"id":42407,"date":"2022-03-17T12:28:34","date_gmt":"2022-03-17T11:28:34","guid":{"rendered":"https:\/\/e-cristians.cat\/?p=42407"},"modified":"2022-03-17T12:35:16","modified_gmt":"2022-03-17T11:35:16","slug":"si-a-la-vida-2022-la-marcha-por-la-vida-vuelve-a-salir-a-la-calle-tras-dos-anos-de-pandemia","status":"publish","type":"post","link":"https:\/\/e-cristians.cat\/es\/si-a-la-vida-2022-la-marcha-por-la-vida-vuelve-a-salir-a-la-calle-tras-dos-anos-de-pandemia\/","title":{"rendered":"S\u00ed a la Vida 2022: la marcha por la vida vuelve a salir a la calle tras dos a\u00f1os de pandemia"},"content":{"rendered":"<p>Tras estos dos \u00faltimos a\u00f1os, en los que las restricciones por el COVID-19 nos han hecho celebrar el\u00a0D\u00eda Internacional de la Vida online a trav\u00e9s de YouTube, los organizadores han anunciado que este 2022 la Plataforma \u00abS\u00ed a la Vida\u00bb convoca a salir de nuevo a las calles de Madrid.<\/p>\n<p>El evento quiere conmemorar por todo lo alto este d\u00eda en el que todas las organizaciones que defienden la vida, se unen bajo un mismo lema y color en torno al 25 de marzo.\u00a0<strong>El a\u00f1o pasado, al tratarse del 10\u00ba aniversario se celebr\u00f3 tambi\u00e9n una carrera en cuanto que fue posible salir a la calle.<\/strong><\/p>\n<p>Pues bien, este a\u00f1o se celebrar\u00e1 con la ya tradicional <strong>Marcha S\u00ed a la Vida<\/strong>\u00a0el pr\u00f3ximo\u00a0domingo 27 de marzo en Madrid. Como siempre,\u00a0<strong>fieles al compromiso adquirido en el 2011, ser\u00e1 un acto unitario, constructivo y positivo<\/strong>. La marcha partir\u00e1 a las\u00a012 de la ma\u00f1ana de la calle Serano\/Goya hasta la Plaza de Cibeles.<\/p>\n<p>Previo a la Marcha, a las 10 de la ma\u00f1ana y en el mismo lugar, tendr\u00e1 lugar una milla, organizada por los Deportistas por la Vida y la Familia, como parte de la celebraci\u00f3n. Se puede ver m\u00e1s informaci\u00f3n en\u00a0<a href=\"http:\/\/www.sialavida.es\/\">www.sialavida.es<\/a><\/p>\n<p>Los organizadores animan a todos a participar y a colaborar econ\u00f3micamente en la medida de las posibilidades para ayudar a cubrir los gastos de la organizaci\u00f3n del evento.\u00a0 Estos son los datos para realizar un donativo:<\/p>\n<div class=\"code-block code-block-5\">\n<div class=\"a-single a-7\"><strong>Transferencia: ES28 0081 7306 6900 0140 0041<\/strong><\/div>\n<\/div>\n<ul>\n<li>Titular: Federaci\u00f3n Espa\u00f1ola de Asociaciones Provida,<\/li>\n<li>Concepto: S\u00ed a la Vida, indicando vuestro nombre y\/o el nombre de la AEFC.<\/li>\n<\/ul>\n","protected":false},"excerpt":{"rendered":"<p>Tras estos dos \u00faltimos a\u00f1os, en los que las restricciones por el COVID-19 nos han hecho celebrar el\u00a0D\u00eda Internacional de la Vida online a trav\u00e9s de YouTube, los organizadores han anunciado que este 2022 la Plataforma \u00abS\u00ed a la Vida\u00bb convoca a salir de nuevo a las calles de Madrid. El evento quiere conmemorar por&#8230;<\/p>\n","protected":false},"author":2,"featured_media":42409,"comment_status":"closed","ping_status":"closed","sticky":false,"template":"","format":"standard","meta":{"_jetpack_memberships_contains_paid_content":false,"footnotes":""},"categories":[33,39],"tags":[62],"class_list":["post-42407","post","type-post","status-publish","format-standard","has-post-thumbnail","hentry","category-altres-entitats-informacions-agenda-i-documents-es","category-portada_news-es","tag-aborto"],"yoast_head":"<!-- This site is optimized with the Yoast SEO plugin v20.0 - https:\/\/yoast.com\/wordpress\/plugins\/seo\/ -->\n<title>S\u00ed a la Vida 2022: la marcha por la vida vuelve a salir a la calle tras dos a\u00f1os de pandemia - e-Cristians<\/title>\n<meta name=\"robots\" content=\"noindex, nofollow\" \/>\n<meta property=\"og:locale\" content=\"es_ES\" \/>\n<meta property=\"og:type\" content=\"article\" \/>\n<meta property=\"og:title\" content=\"S\u00ed a la Vida 2022: la marcha por la vida vuelve a salir a la calle tras dos a\u00f1os de pandemia - e-Cristians\" \/>\n<meta property=\"og:description\" content=\"Tras estos dos \u00faltimos a\u00f1os, en los que las restricciones por el COVID-19 nos han hecho celebrar el\u00a0D\u00eda Internacional de la Vida online a trav\u00e9s de YouTube, los organizadores han anunciado que este 2022 la Plataforma \u00abS\u00ed a la Vida\u00bb convoca a salir de nuevo a las calles de Madrid. El evento quiere conmemorar por...\" \/>\n<meta property=\"og:url\" content=\"https:\/\/e-cristians.cat\/es\/si-a-la-vida-2022-la-marcha-por-la-vida-vuelve-a-salir-a-la-calle-tras-dos-anos-de-pandemia\/\" \/>\n<meta property=\"og:site_name\" content=\"e-Cristians\" \/>\n<meta property=\"article:published_time\" content=\"2022-03-17T11:28:34+00:00\" \/>\n<meta property=\"article:modified_time\" content=\"2022-03-17T11:35:16+00:00\" \/>\n<meta property=\"og:image\" content=\"https:\/\/e-cristians.cat\/wp-content\/uploads\/2022\/03\/Cap3tura-600x337-1.png\" \/>\n\t<meta property=\"og:image:width\" content=\"600\" \/>\n\t<meta property=\"og:image:height\" content=\"337\" \/>\n\t<meta property=\"og:image:type\" content=\"image\/png\" \/>\n<meta name=\"author\" content=\"e-Cristians\" \/>\n<meta name=\"twitter:card\" content=\"summary_large_image\" \/>\n<meta name=\"twitter:label1\" content=\"Escrito por\" \/>\n\t<meta name=\"twitter:data1\" content=\"e-Cristians\" \/>\n\t<meta name=\"twitter:label2\" content=\"Tiempo de lectura\" \/>\n\t<meta name=\"twitter:data2\" content=\"2 minutos\" \/>\n<script type=\"application\/ld+json\" class=\"yoast-schema-graph\">{\"@context\":\"https:\/\/schema.org\",\"@graph\":[{\"@type\":\"WebPage\",\"@id\":\"https:\/\/e-cristians.cat\/es\/si-a-la-vida-2022-la-marcha-por-la-vida-vuelve-a-salir-a-la-calle-tras-dos-anos-de-pandemia\/\",\"url\":\"https:\/\/e-cristians.cat\/es\/si-a-la-vida-2022-la-marcha-por-la-vida-vuelve-a-salir-a-la-calle-tras-dos-anos-de-pandemia\/\",\"name\":\"S\u00ed a la Vida 2022: la marcha por la vida vuelve a salir a la calle tras dos a\u00f1os de pandemia - e-Cristians\",\"isPartOf\":{\"@id\":\"https:\/\/e-cristians.cat\/#website\"},\"datePublished\":\"2022-03-17T11:28:34+00:00\",\"dateModified\":\"2022-03-17T11:35:16+00:00\",\"author\":{\"@id\":\"https:\/\/e-cristians.cat\/#\/schema\/person\/f0ec475338e49aaef9c9dc9d9f162861\"},\"breadcrumb\":{\"@id\":\"https:\/\/e-cristians.cat\/es\/si-a-la-vida-2022-la-marcha-por-la-vida-vuelve-a-salir-a-la-calle-tras-dos-anos-de-pandemia\/#breadcrumb\"},\"inLanguage\":\"es\",\"potentialAction\":[{\"@type\":\"ReadAction\",\"target\":[\"https:\/\/e-cristians.cat\/es\/si-a-la-vida-2022-la-marcha-por-la-vida-vuelve-a-salir-a-la-calle-tras-dos-anos-de-pandemia\/\"]}]},{\"@type\":\"BreadcrumbList\",\"@id\":\"https:\/\/e-cristians.cat\/es\/si-a-la-vida-2022-la-marcha-por-la-vida-vuelve-a-salir-a-la-calle-tras-dos-anos-de-pandemia\/#breadcrumb\",\"itemListElement\":[{\"@type\":\"ListItem\",\"position\":1,\"name\":\"Inici\",\"item\":\"https:\/\/e-cristians.cat\/es\/\"},{\"@type\":\"ListItem\",\"position\":2,\"name\":\"S\u00ed a la Vida 2022: la marcha por la vida vuelve a salir a la calle tras dos a\u00f1os de pandemia\"}]},{\"@type\":\"WebSite\",\"@id\":\"https:\/\/e-cristians.cat\/#website\",\"url\":\"https:\/\/e-cristians.cat\/\",\"name\":\"e-Cristians\",\"description\":\"\",\"potentialAction\":[{\"@type\":\"SearchAction\",\"target\":{\"@type\":\"EntryPoint\",\"urlTemplate\":\"https:\/\/e-cristians.cat\/?s={search_term_string}\"},\"query-input\":\"required name=search_term_string\"}],\"inLanguage\":\"es\"},{\"@type\":\"Person\",\"@id\":\"https:\/\/e-cristians.cat\/#\/schema\/person\/f0ec475338e49aaef9c9dc9d9f162861\",\"name\":\"e-Cristians\",\"image\":{\"@type\":\"ImageObject\",\"inLanguage\":\"es\",\"@id\":\"https:\/\/e-cristians.cat\/#\/schema\/person\/image\/\",\"url\":\"https:\/\/secure.gravatar.com\/avatar\/14bc9e5b0ca69070f1075ad3efcb33c4?s=96&d=mm&r=g\",\"contentUrl\":\"https:\/\/secure.gravatar.com\/avatar\/14bc9e5b0ca69070f1075ad3efcb33c4?s=96&d=mm&r=g\",\"caption\":\"e-Cristians\"}}]}<\/script>\n<!-- \/ Yoast SEO plugin. -->","yoast_head_json":{"title":"S\u00ed a la Vida 2022: la marcha por la vida vuelve a salir a la calle tras dos a\u00f1os de pandemia - e-Cristians","robots":{"index":"noindex","follow":"nofollow"},"og_locale":"es_ES","og_type":"article","og_title":"S\u00ed a la Vida 2022: la marcha por la vida vuelve a salir a la calle tras dos a\u00f1os de pandemia - e-Cristians","og_description":"Tras estos dos \u00faltimos a\u00f1os, en los que las restricciones por el COVID-19 nos han hecho celebrar el\u00a0D\u00eda Internacional de la Vida online a trav\u00e9s de YouTube, los organizadores han anunciado que este 2022 la Plataforma \u00abS\u00ed a la Vida\u00bb convoca a salir de nuevo a las calles de Madrid. El evento quiere conmemorar por...","og_url":"https:\/\/e-cristians.cat\/es\/si-a-la-vida-2022-la-marcha-por-la-vida-vuelve-a-salir-a-la-calle-tras-dos-anos-de-pandemia\/","og_site_name":"e-Cristians","article_published_time":"2022-03-17T11:28:34+00:00","article_modified_time":"2022-03-17T11:35:16+00:00","og_image":[{"width":600,"height":337,"url":"https:\/\/e-cristians.cat\/wp-content\/uploads\/2022\/03\/Cap3tura-600x337-1.png","type":"image\/png"}],"author":"e-Cristians","twitter_card":"summary_large_image","twitter_misc":{"Escrito por":"e-Cristians","Tiempo de lectura":"2 minutos"},"schema":{"@context":"https:\/\/schema.org","@graph":[{"@type":"WebPage","@id":"https:\/\/e-cristians.cat\/es\/si-a-la-vida-2022-la-marcha-por-la-vida-vuelve-a-salir-a-la-calle-tras-dos-anos-de-pandemia\/","url":"https:\/\/e-cristians.cat\/es\/si-a-la-vida-2022-la-marcha-por-la-vida-vuelve-a-salir-a-la-calle-tras-dos-anos-de-pandemia\/","name":"S\u00ed a la Vida 2022: la marcha por la vida vuelve a salir a la calle tras dos a\u00f1os de pandemia - e-Cristians","isPartOf":{"@id":"https:\/\/e-cristians.cat\/#website"},"datePublished":"2022-03-17T11:28:34+00:00","dateModified":"2022-03-17T11:35:16+00:00","author":{"@id":"https:\/\/e-cristians.cat\/#\/schema\/person\/f0ec475338e49aaef9c9dc9d9f162861"},"breadcrumb":{"@id":"https:\/\/e-cristians.cat\/es\/si-a-la-vida-2022-la-marcha-por-la-vida-vuelve-a-salir-a-la-calle-tras-dos-anos-de-pandemia\/#breadcrumb"},"inLanguage":"es","potentialAction":[{"@type":"ReadAction","target":["https:\/\/e-cristians.cat\/es\/si-a-la-vida-2022-la-marcha-por-la-vida-vuelve-a-salir-a-la-calle-tras-dos-anos-de-pandemia\/"]}]},{"@type":"BreadcrumbList","@id":"https:\/\/e-cristians.cat\/es\/si-a-la-vida-2022-la-marcha-por-la-vida-vuelve-a-salir-a-la-calle-tras-dos-anos-de-pandemia\/#breadcrumb","itemListElement":[{"@type":"ListItem","position":1,"name":"Inici","item":"https:\/\/e-cristians.cat\/es\/"},{"@type":"ListItem","position":2,"name":"S\u00ed a la Vida 2022: la marcha por la vida vuelve a salir a la calle tras dos a\u00f1os de pandemia"}]},{"@type":"WebSite","@id":"https:\/\/e-cristians.cat\/#website","url":"https:\/\/e-cristians.cat\/","name":"e-Cristians","description":"","potentialAction":[{"@type":"SearchAction","target":{"@type":"EntryPoint","urlTemplate":"https:\/\/e-cristians.cat\/?s={search_term_string}"},"query-input":"required name=search_term_string"}],"inLanguage":"es"},{"@type":"Person","@id":"https:\/\/e-cristians.cat\/#\/schema\/person\/f0ec475338e49aaef9c9dc9d9f162861","name":"e-Cristians","image":{"@type":"ImageObject","inLanguage":"es","@id":"https:\/\/e-cristians.cat\/#\/schema\/person\/image\/","url":"https:\/\/secure.gravatar.com\/avatar\/14bc9e5b0ca69070f1075ad3efcb33c4?s=96&d=mm&r=g","contentUrl":"https:\/\/secure.gravatar.com\/avatar\/14bc9e5b0ca69070f1075ad3efcb33c4?s=96&d=mm&r=g","caption":"e-Cristians"}}]}},"jetpack_sharing_enabled":true,"jetpack_featured_media_url":"https:\/\/e-cristians.cat\/wp-content\/uploads\/2022\/03\/Cap3tura-600x337-1.png","_links":{"self":[{"href":"https:\/\/e-cristians.cat\/es\/wp-json\/wp\/v2\/posts\/42407"}],"collection":[{"href":"https:\/\/e-cristians.cat\/es\/wp-json\/wp\/v2\/posts"}],"about":[{"href":"https:\/\/e-cristians.cat\/es\/wp-json\/wp\/v2\/types\/post"}],"author":[{"embeddable":true,"href":"https:\/\/e-cristians.cat\/es\/wp-json\/wp\/v2\/users\/2"}],"replies":[{"embeddable":true,"href":"https:\/\/e-cristians.cat\/es\/wp-json\/wp\/v2\/comments?post=42407"}],"version-history":[{"count":3,"href":"https:\/\/e-cristians.cat\/es\/wp-json\/wp\/v2\/posts\/42407\/revisions"}],"predecessor-version":[{"id":42418,"href":"https:\/\/e-cristians.cat\/es\/wp-json\/wp\/v2\/posts\/42407\/revisions\/42418"}],"wp:featuredmedia":[{"embeddable":true,"href":"https:\/\/e-cristians.cat\/es\/wp-json\/wp\/v2\/media\/42409"}],"wp:attachment":[{"href":"https:\/\/e-cristians.cat\/es\/wp-json\/wp\/v2\/media?parent=42407"}],"wp:term":[{"taxonomy":"category","embeddable":true,"href":"https:\/\/e-cristians.cat\/es\/wp-json\/wp\/v2\/categories?post=42407"},{"taxonomy":"post_tag","embeddable":true,"href":"https:\/\/e-cristians.cat\/es\/wp-json\/wp\/v2\/tags?post=42407"}],"curies":[{"name":"wp","href":"https:\/\/api.w.org\/{rel}","templated":true}]}}