{"id":42704,"date":"2022-03-22T13:09:08","date_gmt":"2022-03-22T12:09:08","guid":{"rendered":"https:\/\/e-cristians.cat\/?p=42704"},"modified":"2022-03-22T13:09:08","modified_gmt":"2022-03-22T12:09:08","slug":"presentacion-del-libro-girona-sota-el-resistir-i-el-no-passaran","status":"publish","type":"post","link":"https:\/\/e-cristians.cat\/es\/presentacion-del-libro-girona-sota-el-resistir-i-el-no-passaran\/","title":{"rendered":"Presentaci\u00f3n del libro: Girona sota el \u201cresistir\u201d i el \u201cno passaran\u201d"},"content":{"rendered":"<p><strong>D. Pere Joan Sureda Canals<\/strong>, autor del libro, despu\u00e9s del asesinato de su padre, Pedro Sureda Corominas, en agosto de 1936, narra en <em><strong>Girona sota el \u201cresistir\u201d i el \u201cno pasaran\u201d<\/strong><\/em> (su tercer libro) la p\u00e9rdida del poder pol\u00edtico de la Generalitat, que pasa a ser detentado por el Gobierno central de Negr\u00edn instalado en Barcelona y controlado por los comunistas, hasta su desbandada a Francia. El autor narra sin amargura ni revanchismos la tragedia en su familia y en las de los miles de catalanes asesinados bajo el poder revolucionario.<\/p>\n<p>Presentar\u00e1 el libro el <strong>Dr. Josep Maria Alsina Roca<\/strong>, rector em\u00e9rito de la Universidad Abat Oliba CEU<\/p>\n<ul>\n<li>D\u00eda: Mi\u00e9rcoles, <strong>23 de marzo<\/strong> de 2022<\/li>\n<li>Hora: <strong>19h.<\/strong><\/li>\n<li>Lugar: <strong>Balmesiana<\/strong> (c\/ Duran i Bas, 9-11, Barcelona)<\/li>\n<\/ul>\n<p><em>Se podr\u00e1n adquirir ejemplares del libro el d\u00eda de la presentaci\u00f3n en el vest\u00edbulo de la Balmesiana o solicit\u00e1ndolos en la librer\u00eda Balmes.<\/em><\/p>\n","protected":false},"excerpt":{"rendered":"<p>D. Pere Joan Sureda Canals, autor del libro, despu\u00e9s del asesinato de su padre, Pedro Sureda Corominas, en agosto de 1936, narra en Girona sota el \u201cresistir\u201d i el \u201cno pasaran\u201d (su tercer libro) la p\u00e9rdida del poder pol\u00edtico de la Generalitat, que pasa a ser detentado por el Gobierno central de Negr\u00edn instalado en&#8230;<\/p>\n","protected":false},"author":2,"featured_media":42702,"comment_status":"closed","ping_status":"closed","sticky":false,"template":"","format":"standard","meta":{"_jetpack_memberships_contains_paid_content":false,"footnotes":""},"categories":[33,39],"tags":[],"class_list":["post-42704","post","type-post","status-publish","format-standard","has-post-thumbnail","hentry","category-altres-entitats-informacions-agenda-i-documents-es","category-portada_news-es"],"yoast_head":"<!-- This site is optimized with the Yoast SEO plugin v20.0 - https:\/\/yoast.com\/wordpress\/plugins\/seo\/ -->\n<title>Presentaci\u00f3n del libro: Girona sota el \u201cresistir\u201d i el \u201cno passaran\u201d - e-Cristians<\/title>\n<meta name=\"robots\" content=\"noindex, nofollow\" \/>\n<meta property=\"og:locale\" content=\"es_ES\" \/>\n<meta property=\"og:type\" content=\"article\" \/>\n<meta property=\"og:title\" content=\"Presentaci\u00f3n del libro: Girona sota el \u201cresistir\u201d i el \u201cno passaran\u201d - e-Cristians\" \/>\n<meta property=\"og:description\" content=\"D. Pere Joan Sureda Canals, autor del libro, despu\u00e9s del asesinato de su padre, Pedro Sureda Corominas, en agosto de 1936, narra en Girona sota el \u201cresistir\u201d i el \u201cno pasaran\u201d (su tercer libro) la p\u00e9rdida del poder pol\u00edtico de la Generalitat, que pasa a ser detentado por el Gobierno central de Negr\u00edn instalado en...\" \/>\n<meta property=\"og:url\" content=\"https:\/\/e-cristians.cat\/es\/presentacion-del-libro-girona-sota-el-resistir-i-el-no-passaran\/\" \/>\n<meta property=\"og:site_name\" content=\"e-Cristians\" \/>\n<meta property=\"article:published_time\" content=\"2022-03-22T12:09:08+00:00\" \/>\n<meta property=\"og:image\" content=\"https:\/\/e-cristians.cat\/wp-content\/uploads\/2022\/03\/poridentidad.jpg\" \/>\n\t<meta property=\"og:image:width\" content=\"307\" \/>\n\t<meta property=\"og:image:height\" content=\"445\" \/>\n\t<meta property=\"og:image:type\" content=\"image\/jpeg\" \/>\n<meta name=\"author\" content=\"e-Cristians\" \/>\n<meta name=\"twitter:card\" content=\"summary_large_image\" \/>\n<meta name=\"twitter:label1\" content=\"Escrito por\" \/>\n\t<meta name=\"twitter:data1\" content=\"e-Cristians\" \/>\n\t<meta name=\"twitter:label2\" content=\"Tiempo de lectura\" \/>\n\t<meta name=\"twitter:data2\" content=\"1 minuto\" \/>\n<script type=\"application\/ld+json\" class=\"yoast-schema-graph\">{\"@context\":\"https:\/\/schema.org\",\"@graph\":[{\"@type\":\"WebPage\",\"@id\":\"https:\/\/e-cristians.cat\/es\/presentacion-del-libro-girona-sota-el-resistir-i-el-no-passaran\/\",\"url\":\"https:\/\/e-cristians.cat\/es\/presentacion-del-libro-girona-sota-el-resistir-i-el-no-passaran\/\",\"name\":\"Presentaci\u00f3n del libro: Girona sota el \u201cresistir\u201d i el \u201cno passaran\u201d - e-Cristians\",\"isPartOf\":{\"@id\":\"https:\/\/e-cristians.cat\/#website\"},\"datePublished\":\"2022-03-22T12:09:08+00:00\",\"dateModified\":\"2022-03-22T12:09:08+00:00\",\"author\":{\"@id\":\"https:\/\/e-cristians.cat\/#\/schema\/person\/f0ec475338e49aaef9c9dc9d9f162861\"},\"breadcrumb\":{\"@id\":\"https:\/\/e-cristians.cat\/es\/presentacion-del-libro-girona-sota-el-resistir-i-el-no-passaran\/#breadcrumb\"},\"inLanguage\":\"es\",\"potentialAction\":[{\"@type\":\"ReadAction\",\"target\":[\"https:\/\/e-cristians.cat\/es\/presentacion-del-libro-girona-sota-el-resistir-i-el-no-passaran\/\"]}]},{\"@type\":\"BreadcrumbList\",\"@id\":\"https:\/\/e-cristians.cat\/es\/presentacion-del-libro-girona-sota-el-resistir-i-el-no-passaran\/#breadcrumb\",\"itemListElement\":[{\"@type\":\"ListItem\",\"position\":1,\"name\":\"Inici\",\"item\":\"https:\/\/e-cristians.cat\/es\/\"},{\"@type\":\"ListItem\",\"position\":2,\"name\":\"Presentaci\u00f3n del libro: Girona sota el \u201cresistir\u201d i el \u201cno passaran\u201d\"}]},{\"@type\":\"WebSite\",\"@id\":\"https:\/\/e-cristians.cat\/#website\",\"url\":\"https:\/\/e-cristians.cat\/\",\"name\":\"e-Cristians\",\"description\":\"\",\"potentialAction\":[{\"@type\":\"SearchAction\",\"target\":{\"@type\":\"EntryPoint\",\"urlTemplate\":\"https:\/\/e-cristians.cat\/?s={search_term_string}\"},\"query-input\":\"required name=search_term_string\"}],\"inLanguage\":\"es\"},{\"@type\":\"Person\",\"@id\":\"https:\/\/e-cristians.cat\/#\/schema\/person\/f0ec475338e49aaef9c9dc9d9f162861\",\"name\":\"e-Cristians\",\"image\":{\"@type\":\"ImageObject\",\"inLanguage\":\"es\",\"@id\":\"https:\/\/e-cristians.cat\/#\/schema\/person\/image\/\",\"url\":\"https:\/\/secure.gravatar.com\/avatar\/14bc9e5b0ca69070f1075ad3efcb33c4?s=96&d=mm&r=g\",\"contentUrl\":\"https:\/\/secure.gravatar.com\/avatar\/14bc9e5b0ca69070f1075ad3efcb33c4?s=96&d=mm&r=g\",\"caption\":\"e-Cristians\"}}]}<\/script>\n<!-- \/ Yoast SEO plugin. -->","yoast_head_json":{"title":"Presentaci\u00f3n del libro: Girona sota el \u201cresistir\u201d i el \u201cno passaran\u201d - e-Cristians","robots":{"index":"noindex","follow":"nofollow"},"og_locale":"es_ES","og_type":"article","og_title":"Presentaci\u00f3n del libro: Girona sota el \u201cresistir\u201d i el \u201cno passaran\u201d - e-Cristians","og_description":"D. Pere Joan Sureda Canals, autor del libro, despu\u00e9s del asesinato de su padre, Pedro Sureda Corominas, en agosto de 1936, narra en Girona sota el \u201cresistir\u201d i el \u201cno pasaran\u201d (su tercer libro) la p\u00e9rdida del poder pol\u00edtico de la Generalitat, que pasa a ser detentado por el Gobierno central de Negr\u00edn instalado en...","og_url":"https:\/\/e-cristians.cat\/es\/presentacion-del-libro-girona-sota-el-resistir-i-el-no-passaran\/","og_site_name":"e-Cristians","article_published_time":"2022-03-22T12:09:08+00:00","og_image":[{"width":307,"height":445,"url":"https:\/\/e-cristians.cat\/wp-content\/uploads\/2022\/03\/poridentidad.jpg","type":"image\/jpeg"}],"author":"e-Cristians","twitter_card":"summary_large_image","twitter_misc":{"Escrito por":"e-Cristians","Tiempo de lectura":"1 minuto"},"schema":{"@context":"https:\/\/schema.org","@graph":[{"@type":"WebPage","@id":"https:\/\/e-cristians.cat\/es\/presentacion-del-libro-girona-sota-el-resistir-i-el-no-passaran\/","url":"https:\/\/e-cristians.cat\/es\/presentacion-del-libro-girona-sota-el-resistir-i-el-no-passaran\/","name":"Presentaci\u00f3n del libro: Girona sota el \u201cresistir\u201d i el \u201cno passaran\u201d - e-Cristians","isPartOf":{"@id":"https:\/\/e-cristians.cat\/#website"},"datePublished":"2022-03-22T12:09:08+00:00","dateModified":"2022-03-22T12:09:08+00:00","author":{"@id":"https:\/\/e-cristians.cat\/#\/schema\/person\/f0ec475338e49aaef9c9dc9d9f162861"},"breadcrumb":{"@id":"https:\/\/e-cristians.cat\/es\/presentacion-del-libro-girona-sota-el-resistir-i-el-no-passaran\/#breadcrumb"},"inLanguage":"es","potentialAction":[{"@type":"ReadAction","target":["https:\/\/e-cristians.cat\/es\/presentacion-del-libro-girona-sota-el-resistir-i-el-no-passaran\/"]}]},{"@type":"BreadcrumbList","@id":"https:\/\/e-cristians.cat\/es\/presentacion-del-libro-girona-sota-el-resistir-i-el-no-passaran\/#breadcrumb","itemListElement":[{"@type":"ListItem","position":1,"name":"Inici","item":"https:\/\/e-cristians.cat\/es\/"},{"@type":"ListItem","position":2,"name":"Presentaci\u00f3n del libro: Girona sota el \u201cresistir\u201d i el \u201cno passaran\u201d"}]},{"@type":"WebSite","@id":"https:\/\/e-cristians.cat\/#website","url":"https:\/\/e-cristians.cat\/","name":"e-Cristians","description":"","potentialAction":[{"@type":"SearchAction","target":{"@type":"EntryPoint","urlTemplate":"https:\/\/e-cristians.cat\/?s={search_term_string}"},"query-input":"required name=search_term_string"}],"inLanguage":"es"},{"@type":"Person","@id":"https:\/\/e-cristians.cat\/#\/schema\/person\/f0ec475338e49aaef9c9dc9d9f162861","name":"e-Cristians","image":{"@type":"ImageObject","inLanguage":"es","@id":"https:\/\/e-cristians.cat\/#\/schema\/person\/image\/","url":"https:\/\/secure.gravatar.com\/avatar\/14bc9e5b0ca69070f1075ad3efcb33c4?s=96&d=mm&r=g","contentUrl":"https:\/\/secure.gravatar.com\/avatar\/14bc9e5b0ca69070f1075ad3efcb33c4?s=96&d=mm&r=g","caption":"e-Cristians"}}]}},"jetpack_sharing_enabled":true,"jetpack_featured_media_url":"https:\/\/e-cristians.cat\/wp-content\/uploads\/2022\/03\/poridentidad.jpg","_links":{"self":[{"href":"https:\/\/e-cristians.cat\/es\/wp-json\/wp\/v2\/posts\/42704"}],"collection":[{"href":"https:\/\/e-cristians.cat\/es\/wp-json\/wp\/v2\/posts"}],"about":[{"href":"https:\/\/e-cristians.cat\/es\/wp-json\/wp\/v2\/types\/post"}],"author":[{"embeddable":true,"href":"https:\/\/e-cristians.cat\/es\/wp-json\/wp\/v2\/users\/2"}],"replies":[{"embeddable":true,"href":"https:\/\/e-cristians.cat\/es\/wp-json\/wp\/v2\/comments?post=42704"}],"version-history":[{"count":1,"href":"https:\/\/e-cristians.cat\/es\/wp-json\/wp\/v2\/posts\/42704\/revisions"}],"predecessor-version":[{"id":42705,"href":"https:\/\/e-cristians.cat\/es\/wp-json\/wp\/v2\/posts\/42704\/revisions\/42705"}],"wp:featuredmedia":[{"embeddable":true,"href":"https:\/\/e-cristians.cat\/es\/wp-json\/wp\/v2\/media\/42702"}],"wp:attachment":[{"href":"https:\/\/e-cristians.cat\/es\/wp-json\/wp\/v2\/media?parent=42704"}],"wp:term":[{"taxonomy":"category","embeddable":true,"href":"https:\/\/e-cristians.cat\/es\/wp-json\/wp\/v2\/categories?post=42704"},{"taxonomy":"post_tag","embeddable":true,"href":"https:\/\/e-cristians.cat\/es\/wp-json\/wp\/v2\/tags?post=42704"}],"curies":[{"name":"wp","href":"https:\/\/api.w.org\/{rel}","templated":true}]}}