{"id":42712,"date":"2022-03-22T12:29:46","date_gmt":"2022-03-22T11:29:46","guid":{"rendered":"https:\/\/e-cristians.cat\/?p=42712"},"modified":"2022-03-22T13:32:55","modified_gmt":"2022-03-22T12:32:55","slug":"webinar-one-of-us-derechos-fundamentales-en-europa-el-no-nacido-como-sujeto-de-derechos","status":"publish","type":"post","link":"https:\/\/e-cristians.cat\/es\/webinar-one-of-us-derechos-fundamentales-en-europa-el-no-nacido-como-sujeto-de-derechos\/","title":{"rendered":"Webinar One of Us: \u00abDerechos fundamentales en Europa: el no nacido como sujeto de derechos\u00bb"},"content":{"rendered":"<p><strong>Programa:<\/strong><\/p>\n<p>17:00 &#8211; Discurso <strong>bienvenida y preentaci\u00f3n del tema<\/strong> por la eurodiputada Sra. <strong>Miriam Lexmann<\/strong>. Grupo PPE, Eslovaquia<\/p>\n<p>17:10 &#8211; <em><strong>La perspectiva cient\u00edfica: el estatuto del embri\u00f3n<\/strong><\/em>. Sra. <strong>Marina Casini<\/strong>, presidenta Movimiento Italiano Por la Vida (MPV)<\/p>\n<p>17:20 &#8211; <em><strong>La perspectiva jur\u00eddica: \u00bfel aborto como derecho fundamental?<\/strong><\/em> Sr. <strong>Oscar Corominas<\/strong>, jurista, Espa\u00f1a.<\/p>\n<p>17:30 &#8211; <em><strong>La perspectiva pol\u00edtica: principio de subsidiariedad<\/strong><\/em>, <strong>Michal Pelka<\/strong>, Centro de Derecho Internacional Ordo Iuris, Polonia<\/p>\n<p>17:40 &#8211; Preguntas y respuestas<\/p>\n<p>17:55 &#8211; Palabras de <strong>clausura<\/strong> de la eurodiputada Sra. <strong>Margarita De la Pisa Carri\u00f3n<\/strong>, Grupo ECR, Espa\u00f1a<\/p>\n<ul>\n<li>D\u00eda: Mi\u00e9rcoles, <strong>23 de marzo<\/strong> de 2022<\/li>\n<li>Hora: <strong>17h. a 18h.<\/strong><\/li>\n<li>Webinar: <a href=\"https:\/\/roadcaster.interactio.eu\/join\/v6t3-5yd2-apzl\" target=\"_blank\" rel=\"noopener\">https:\/\/roadcaster.interactio.eu\/join\/v6t3-5yd2-apzl<\/a><\/li>\n<\/ul>\n","protected":false},"excerpt":{"rendered":"<p>Programa: 17:00 &#8211; Discurso bienvenida y preentaci\u00f3n del tema por la eurodiputada Sra. Miriam Lexmann. Grupo PPE, Eslovaquia 17:10 &#8211; La perspectiva cient\u00edfica: el estatuto del embri\u00f3n. Sra. Marina Casini, presidenta Movimiento Italiano Por la Vida (MPV) 17:20 &#8211; La perspectiva jur\u00eddica: \u00bfel aborto como derecho fundamental? Sr. Oscar Corominas, jurista, Espa\u00f1a. 17:30 &#8211; La&#8230;<\/p>\n","protected":false},"author":2,"featured_media":42709,"comment_status":"closed","ping_status":"closed","sticky":false,"template":"","format":"standard","meta":{"_jetpack_memberships_contains_paid_content":false,"footnotes":""},"categories":[33,39],"tags":[],"class_list":["post-42712","post","type-post","status-publish","format-standard","has-post-thumbnail","hentry","category-altres-entitats-informacions-agenda-i-documents-es","category-portada_news-es"],"yoast_head":"<!-- This site is optimized with the Yoast SEO plugin v20.0 - https:\/\/yoast.com\/wordpress\/plugins\/seo\/ -->\n<title>Webinar One of Us: &quot;Derechos fundamentales en Europa: el no nacido como sujeto de derechos&quot; - e-Cristians<\/title>\n<meta name=\"robots\" content=\"noindex, nofollow\" \/>\n<meta property=\"og:locale\" content=\"es_ES\" \/>\n<meta property=\"og:type\" content=\"article\" \/>\n<meta property=\"og:title\" content=\"Webinar One of Us: &quot;Derechos fundamentales en Europa: el no nacido como sujeto de derechos&quot; - e-Cristians\" \/>\n<meta property=\"og:description\" content=\"Programa: 17:00 &#8211; Discurso bienvenida y preentaci\u00f3n del tema por la eurodiputada Sra. Miriam Lexmann. Grupo PPE, Eslovaquia 17:10 &#8211; La perspectiva cient\u00edfica: el estatuto del embri\u00f3n. Sra. Marina Casini, presidenta Movimiento Italiano Por la Vida (MPV) 17:20 &#8211; La perspectiva jur\u00eddica: \u00bfel aborto como derecho fundamental? Sr. Oscar Corominas, jurista, Espa\u00f1a. 17:30 &#8211; La...\" \/>\n<meta property=\"og:url\" content=\"https:\/\/e-cristians.cat\/es\/webinar-one-of-us-derechos-fundamentales-en-europa-el-no-nacido-como-sujeto-de-derechos\/\" \/>\n<meta property=\"og:site_name\" content=\"e-Cristians\" \/>\n<meta property=\"article:published_time\" content=\"2022-03-22T11:29:46+00:00\" \/>\n<meta property=\"article:modified_time\" content=\"2022-03-22T12:32:55+00:00\" \/>\n<meta property=\"og:image\" content=\"https:\/\/e-cristians.cat\/wp-content\/uploads\/2022\/03\/Sense-titol.jpg\" \/>\n\t<meta property=\"og:image:width\" content=\"639\" \/>\n\t<meta property=\"og:image:height\" content=\"305\" \/>\n\t<meta property=\"og:image:type\" content=\"image\/jpeg\" \/>\n<meta name=\"author\" content=\"e-Cristians\" \/>\n<meta name=\"twitter:card\" content=\"summary_large_image\" \/>\n<meta name=\"twitter:label1\" content=\"Escrito por\" \/>\n\t<meta name=\"twitter:data1\" content=\"e-Cristians\" \/>\n\t<meta name=\"twitter:label2\" content=\"Tiempo de lectura\" \/>\n\t<meta name=\"twitter:data2\" content=\"1 minuto\" \/>\n<script type=\"application\/ld+json\" class=\"yoast-schema-graph\">{\"@context\":\"https:\/\/schema.org\",\"@graph\":[{\"@type\":\"WebPage\",\"@id\":\"https:\/\/e-cristians.cat\/es\/webinar-one-of-us-derechos-fundamentales-en-europa-el-no-nacido-como-sujeto-de-derechos\/\",\"url\":\"https:\/\/e-cristians.cat\/es\/webinar-one-of-us-derechos-fundamentales-en-europa-el-no-nacido-como-sujeto-de-derechos\/\",\"name\":\"Webinar One of Us: \\\"Derechos fundamentales en Europa: el no nacido como sujeto de derechos\\\" - e-Cristians\",\"isPartOf\":{\"@id\":\"https:\/\/e-cristians.cat\/#website\"},\"datePublished\":\"2022-03-22T11:29:46+00:00\",\"dateModified\":\"2022-03-22T12:32:55+00:00\",\"author\":{\"@id\":\"https:\/\/e-cristians.cat\/#\/schema\/person\/f0ec475338e49aaef9c9dc9d9f162861\"},\"breadcrumb\":{\"@id\":\"https:\/\/e-cristians.cat\/es\/webinar-one-of-us-derechos-fundamentales-en-europa-el-no-nacido-como-sujeto-de-derechos\/#breadcrumb\"},\"inLanguage\":\"es\",\"potentialAction\":[{\"@type\":\"ReadAction\",\"target\":[\"https:\/\/e-cristians.cat\/es\/webinar-one-of-us-derechos-fundamentales-en-europa-el-no-nacido-como-sujeto-de-derechos\/\"]}]},{\"@type\":\"BreadcrumbList\",\"@id\":\"https:\/\/e-cristians.cat\/es\/webinar-one-of-us-derechos-fundamentales-en-europa-el-no-nacido-como-sujeto-de-derechos\/#breadcrumb\",\"itemListElement\":[{\"@type\":\"ListItem\",\"position\":1,\"name\":\"Inici\",\"item\":\"https:\/\/e-cristians.cat\/es\/\"},{\"@type\":\"ListItem\",\"position\":2,\"name\":\"Webinar One of Us: &#8220;Derechos fundamentales en Europa: el no nacido como sujeto de derechos&#8221;\"}]},{\"@type\":\"WebSite\",\"@id\":\"https:\/\/e-cristians.cat\/#website\",\"url\":\"https:\/\/e-cristians.cat\/\",\"name\":\"e-Cristians\",\"description\":\"\",\"potentialAction\":[{\"@type\":\"SearchAction\",\"target\":{\"@type\":\"EntryPoint\",\"urlTemplate\":\"https:\/\/e-cristians.cat\/?s={search_term_string}\"},\"query-input\":\"required name=search_term_string\"}],\"inLanguage\":\"es\"},{\"@type\":\"Person\",\"@id\":\"https:\/\/e-cristians.cat\/#\/schema\/person\/f0ec475338e49aaef9c9dc9d9f162861\",\"name\":\"e-Cristians\",\"image\":{\"@type\":\"ImageObject\",\"inLanguage\":\"es\",\"@id\":\"https:\/\/e-cristians.cat\/#\/schema\/person\/image\/\",\"url\":\"https:\/\/secure.gravatar.com\/avatar\/14bc9e5b0ca69070f1075ad3efcb33c4?s=96&d=mm&r=g\",\"contentUrl\":\"https:\/\/secure.gravatar.com\/avatar\/14bc9e5b0ca69070f1075ad3efcb33c4?s=96&d=mm&r=g\",\"caption\":\"e-Cristians\"}}]}<\/script>\n<!-- \/ Yoast SEO plugin. -->","yoast_head_json":{"title":"Webinar One of Us: \"Derechos fundamentales en Europa: el no nacido como sujeto de derechos\" - e-Cristians","robots":{"index":"noindex","follow":"nofollow"},"og_locale":"es_ES","og_type":"article","og_title":"Webinar One of Us: \"Derechos fundamentales en Europa: el no nacido como sujeto de derechos\" - e-Cristians","og_description":"Programa: 17:00 &#8211; Discurso bienvenida y preentaci\u00f3n del tema por la eurodiputada Sra. Miriam Lexmann. Grupo PPE, Eslovaquia 17:10 &#8211; La perspectiva cient\u00edfica: el estatuto del embri\u00f3n. Sra. Marina Casini, presidenta Movimiento Italiano Por la Vida (MPV) 17:20 &#8211; La perspectiva jur\u00eddica: \u00bfel aborto como derecho fundamental? Sr. Oscar Corominas, jurista, Espa\u00f1a. 17:30 &#8211; La...","og_url":"https:\/\/e-cristians.cat\/es\/webinar-one-of-us-derechos-fundamentales-en-europa-el-no-nacido-como-sujeto-de-derechos\/","og_site_name":"e-Cristians","article_published_time":"2022-03-22T11:29:46+00:00","article_modified_time":"2022-03-22T12:32:55+00:00","og_image":[{"width":639,"height":305,"url":"https:\/\/e-cristians.cat\/wp-content\/uploads\/2022\/03\/Sense-titol.jpg","type":"image\/jpeg"}],"author":"e-Cristians","twitter_card":"summary_large_image","twitter_misc":{"Escrito por":"e-Cristians","Tiempo de lectura":"1 minuto"},"schema":{"@context":"https:\/\/schema.org","@graph":[{"@type":"WebPage","@id":"https:\/\/e-cristians.cat\/es\/webinar-one-of-us-derechos-fundamentales-en-europa-el-no-nacido-como-sujeto-de-derechos\/","url":"https:\/\/e-cristians.cat\/es\/webinar-one-of-us-derechos-fundamentales-en-europa-el-no-nacido-como-sujeto-de-derechos\/","name":"Webinar One of Us: \"Derechos fundamentales en Europa: el no nacido como sujeto de derechos\" - e-Cristians","isPartOf":{"@id":"https:\/\/e-cristians.cat\/#website"},"datePublished":"2022-03-22T11:29:46+00:00","dateModified":"2022-03-22T12:32:55+00:00","author":{"@id":"https:\/\/e-cristians.cat\/#\/schema\/person\/f0ec475338e49aaef9c9dc9d9f162861"},"breadcrumb":{"@id":"https:\/\/e-cristians.cat\/es\/webinar-one-of-us-derechos-fundamentales-en-europa-el-no-nacido-como-sujeto-de-derechos\/#breadcrumb"},"inLanguage":"es","potentialAction":[{"@type":"ReadAction","target":["https:\/\/e-cristians.cat\/es\/webinar-one-of-us-derechos-fundamentales-en-europa-el-no-nacido-como-sujeto-de-derechos\/"]}]},{"@type":"BreadcrumbList","@id":"https:\/\/e-cristians.cat\/es\/webinar-one-of-us-derechos-fundamentales-en-europa-el-no-nacido-como-sujeto-de-derechos\/#breadcrumb","itemListElement":[{"@type":"ListItem","position":1,"name":"Inici","item":"https:\/\/e-cristians.cat\/es\/"},{"@type":"ListItem","position":2,"name":"Webinar One of Us: &#8220;Derechos fundamentales en Europa: el no nacido como sujeto de derechos&#8221;"}]},{"@type":"WebSite","@id":"https:\/\/e-cristians.cat\/#website","url":"https:\/\/e-cristians.cat\/","name":"e-Cristians","description":"","potentialAction":[{"@type":"SearchAction","target":{"@type":"EntryPoint","urlTemplate":"https:\/\/e-cristians.cat\/?s={search_term_string}"},"query-input":"required name=search_term_string"}],"inLanguage":"es"},{"@type":"Person","@id":"https:\/\/e-cristians.cat\/#\/schema\/person\/f0ec475338e49aaef9c9dc9d9f162861","name":"e-Cristians","image":{"@type":"ImageObject","inLanguage":"es","@id":"https:\/\/e-cristians.cat\/#\/schema\/person\/image\/","url":"https:\/\/secure.gravatar.com\/avatar\/14bc9e5b0ca69070f1075ad3efcb33c4?s=96&d=mm&r=g","contentUrl":"https:\/\/secure.gravatar.com\/avatar\/14bc9e5b0ca69070f1075ad3efcb33c4?s=96&d=mm&r=g","caption":"e-Cristians"}}]}},"jetpack_sharing_enabled":true,"jetpack_featured_media_url":"https:\/\/e-cristians.cat\/wp-content\/uploads\/2022\/03\/Sense-titol.jpg","_links":{"self":[{"href":"https:\/\/e-cristians.cat\/es\/wp-json\/wp\/v2\/posts\/42712"}],"collection":[{"href":"https:\/\/e-cristians.cat\/es\/wp-json\/wp\/v2\/posts"}],"about":[{"href":"https:\/\/e-cristians.cat\/es\/wp-json\/wp\/v2\/types\/post"}],"author":[{"embeddable":true,"href":"https:\/\/e-cristians.cat\/es\/wp-json\/wp\/v2\/users\/2"}],"replies":[{"embeddable":true,"href":"https:\/\/e-cristians.cat\/es\/wp-json\/wp\/v2\/comments?post=42712"}],"version-history":[{"count":1,"href":"https:\/\/e-cristians.cat\/es\/wp-json\/wp\/v2\/posts\/42712\/revisions"}],"predecessor-version":[{"id":42713,"href":"https:\/\/e-cristians.cat\/es\/wp-json\/wp\/v2\/posts\/42712\/revisions\/42713"}],"wp:featuredmedia":[{"embeddable":true,"href":"https:\/\/e-cristians.cat\/es\/wp-json\/wp\/v2\/media\/42709"}],"wp:attachment":[{"href":"https:\/\/e-cristians.cat\/es\/wp-json\/wp\/v2\/media?parent=42712"}],"wp:term":[{"taxonomy":"category","embeddable":true,"href":"https:\/\/e-cristians.cat\/es\/wp-json\/wp\/v2\/categories?post=42712"},{"taxonomy":"post_tag","embeddable":true,"href":"https:\/\/e-cristians.cat\/es\/wp-json\/wp\/v2\/tags?post=42712"}],"curies":[{"name":"wp","href":"https:\/\/api.w.org\/{rel}","templated":true}]}}