{"id":42726,"date":"2022-03-22T16:38:45","date_gmt":"2022-03-22T15:38:45","guid":{"rendered":"https:\/\/e-cristians.cat\/?p=42726"},"modified":"2022-03-22T16:41:16","modified_gmt":"2022-03-22T15:41:16","slug":"autobuses-desde-barcelona-a-la-marcha-si-a-la-vida-de-madrid","status":"publish","type":"post","link":"https:\/\/e-cristians.cat\/es\/autobuses-desde-barcelona-a-la-marcha-si-a-la-vida-de-madrid\/","title":{"rendered":"Autobuses desde Barcelona a la marcha \u201cS\u00ed a la Vida\u201d de Madrid"},"content":{"rendered":"<p>Te proponemos un plan: ir a la <a href=\"https:\/\/e-cristians.cat\/es\/si-a-la-vida-2022-la-marcha-por-la-vida-vuelve-a-salir-a-la-calle-tras-dos-anos-de-pandemia\/\" target=\"_blank\" rel=\"noopener\"><strong>marcha en favor de la vida en Madrid<\/strong><\/a> el pr\u00f3ximo domingo, <strong>27 de marzo<\/strong>.<\/p>\n<p><strong>Desde Barcelona<\/strong>, \u200b\u200bsaldr\u00e1n <strong>cuatro autobuses<\/strong>. El <strong>punto de encuentro<\/strong> ser\u00e1 en la <strong>Avenida Diagonal<\/strong>, a la altura de Palau Reial.<\/p>\n<p>La idea es pasar un buen d\u00eda con la familia y los amigos y sobre todo aportar nuestra voz para decir \u00ab\u00a1S\u00ed a la Vida!\u00bb.<\/p>\n<p><span style=\"text-decoration: underline;\"><strong>Horario:<\/strong><\/span><\/p>\n<ul>\n<li>A las <strong>23:30h<\/strong> del <strong>s\u00e1bado 26 de marzo<\/strong>, encuentro en la <strong>avenida Diagonal, a la altura de Palau Reial<\/strong>, subida a los autobuses y marcha hacia Madrid. Se duerme en el autob\u00fas, si se puede.<\/li>\n<li>A las <strong>08:00<\/strong> del domingo, <strong>llegada a Madrid<\/strong>.<\/li>\n<li>A las <strong>10:00h<\/strong>, para quien quiera, hay una <strong>carrera de asfalto<\/strong> en la misma calle de la manifestaci\u00f3n (es una carrera de 1km y medio y es necesario apuntarse por Internet).<\/li>\n<li>A las <strong>12:00<\/strong> comienza la <strong>manifestaci\u00f3n \u00abS\u00ed a la Vida\u00bb<\/strong> en la calle Serrano, que termina en la Plaza Cibeles.<\/li>\n<li>A las <strong>14:00<\/strong>, almuerzo. Se buscar\u00e1 la forma de comer todos juntos, pero cada uno es libre de comer donde quiera o de llevar un bocadillo o una fiambrera de casa.<\/li>\n<li>A las 17:00 encuentro de nuevo en los autobuses y <strong>regreso a Barcelona<\/strong>.<\/li>\n<li>A las <strong>00:00 llegada a Barcelona<\/strong> (en Palau Reial).<\/li>\n<\/ul>\n<p><span style=\"text-decoration: underline;\"><strong>Inscripci\u00f3n:<\/strong><\/span><\/p>\n<ul>\n<li>Para venir, es necesario inscribirse en este formulario:<a href=\"https:\/\/forms.gle\/ohaqnm6PK5guemMP8\" target=\"_blank\" rel=\"noopener\"> https:\/\/forms.gle\/ohaqnm6PK5guemMP8<\/a><\/li>\n<\/ul>\n<p><span style=\"text-decoration: underline;\"><strong>Carrera:<\/strong><\/span><\/p>\n<ul>\n<li>Para amenizar la fiesta, se ha organizado una peque\u00f1a carrera de asfalto para quienes lo deseen. Es una carrera de 1 km y medio y la inscripci\u00f3n debe hacerse online, en esta web: <a href=\"https:\/\/www.rockthesport.com\/es\/evento\/deportistas-por-la-vida-2022\" target=\"_blank\" rel=\"noopener\">https:\/\/www.rockthesport.com\/es\/evento\/deportistas-por-la-vida-2022<\/a><\/li>\n<li>Hay un c\u00f3digo de descuento, que es \u00e9ste: D55458B62<\/li>\n<\/ul>\n<p><span style=\"text-decoration: underline;\"><strong>Precio:<\/strong><\/span><\/p>\n<ul>\n<li>El plan tiene un precio de <strong>15\u20ac, que no incluye el almuerzo<\/strong>, y que corresponde a los gastos de la organizaci\u00f3n. Se debe pagar por <strong>transferencia bancaria<\/strong> a la cuenta <strong>ES1921003064312500018770<\/strong><\/li>\n<li>Nombre del destinatario: ASOCIACI\u00d3N PRO RESPETO A LA VIDA HUMANA<\/li>\n<\/ul>\n<p><span style=\"text-decoration: underline;\"><strong>Dudas:<\/strong><\/span><\/p>\n<ul>\n<li>Contactar con Clara Carb\u00f3 (680 46 14 57) o Mart\u00ed Rodr\u00edguez (654 45 44 88)<\/li>\n<\/ul>\n","protected":false},"excerpt":{"rendered":"<p>Te proponemos un plan: ir a la marcha en favor de la vida en Madrid el pr\u00f3ximo domingo, 27 de marzo. Desde Barcelona, \u200b\u200bsaldr\u00e1n cuatro autobuses. El punto de encuentro ser\u00e1 en la Avenida Diagonal, a la altura de Palau Reial. La idea es pasar un buen d\u00eda con la familia y los amigos y&#8230;<\/p>\n","protected":false},"author":2,"featured_media":42717,"comment_status":"closed","ping_status":"closed","sticky":false,"template":"","format":"standard","meta":{"_jetpack_memberships_contains_paid_content":false,"footnotes":""},"categories":[33,39],"tags":[],"class_list":["post-42726","post","type-post","status-publish","format-standard","has-post-thumbnail","hentry","category-altres-entitats-informacions-agenda-i-documents-es","category-portada_news-es"],"yoast_head":"<!-- This site is optimized with the Yoast SEO plugin v20.0 - https:\/\/yoast.com\/wordpress\/plugins\/seo\/ -->\n<title>Autobuses desde Barcelona a la marcha \u201cS\u00ed a la Vida\u201d de Madrid - e-Cristians<\/title>\n<meta name=\"robots\" content=\"noindex, nofollow\" \/>\n<meta property=\"og:locale\" content=\"es_ES\" \/>\n<meta property=\"og:type\" content=\"article\" \/>\n<meta property=\"og:title\" content=\"Autobuses desde Barcelona a la marcha \u201cS\u00ed a la Vida\u201d de Madrid - e-Cristians\" \/>\n<meta property=\"og:description\" content=\"Te proponemos un plan: ir a la marcha en favor de la vida en Madrid el pr\u00f3ximo domingo, 27 de marzo. Desde Barcelona, \u200b\u200bsaldr\u00e1n cuatro autobuses. El punto de encuentro ser\u00e1 en la Avenida Diagonal, a la altura de Palau Reial. La idea es pasar un buen d\u00eda con la familia y los amigos y...\" \/>\n<meta property=\"og:url\" content=\"https:\/\/e-cristians.cat\/es\/autobuses-desde-barcelona-a-la-marcha-si-a-la-vida-de-madrid\/\" \/>\n<meta property=\"og:site_name\" content=\"e-Cristians\" \/>\n<meta property=\"article:published_time\" content=\"2022-03-22T15:38:45+00:00\" \/>\n<meta property=\"article:modified_time\" content=\"2022-03-22T15:41:16+00:00\" \/>\n<meta property=\"og:image\" content=\"https:\/\/e-cristians.cat\/wp-content\/uploads\/2022\/03\/IMG-20220320-WA0000.jpg\" \/>\n\t<meta property=\"og:image:width\" content=\"900\" \/>\n\t<meta property=\"og:image:height\" content=\"1600\" \/>\n\t<meta property=\"og:image:type\" content=\"image\/jpeg\" \/>\n<meta name=\"author\" content=\"e-Cristians\" \/>\n<meta name=\"twitter:card\" content=\"summary_large_image\" \/>\n<meta name=\"twitter:label1\" content=\"Escrito por\" \/>\n\t<meta name=\"twitter:data1\" content=\"e-Cristians\" \/>\n\t<meta name=\"twitter:label2\" content=\"Tiempo de lectura\" \/>\n\t<meta name=\"twitter:data2\" content=\"2 minutos\" \/>\n<script type=\"application\/ld+json\" class=\"yoast-schema-graph\">{\"@context\":\"https:\/\/schema.org\",\"@graph\":[{\"@type\":\"WebPage\",\"@id\":\"https:\/\/e-cristians.cat\/es\/autobuses-desde-barcelona-a-la-marcha-si-a-la-vida-de-madrid\/\",\"url\":\"https:\/\/e-cristians.cat\/es\/autobuses-desde-barcelona-a-la-marcha-si-a-la-vida-de-madrid\/\",\"name\":\"Autobuses desde Barcelona a la marcha \u201cS\u00ed a la Vida\u201d de Madrid - e-Cristians\",\"isPartOf\":{\"@id\":\"https:\/\/e-cristians.cat\/#website\"},\"datePublished\":\"2022-03-22T15:38:45+00:00\",\"dateModified\":\"2022-03-22T15:41:16+00:00\",\"author\":{\"@id\":\"https:\/\/e-cristians.cat\/#\/schema\/person\/f0ec475338e49aaef9c9dc9d9f162861\"},\"breadcrumb\":{\"@id\":\"https:\/\/e-cristians.cat\/es\/autobuses-desde-barcelona-a-la-marcha-si-a-la-vida-de-madrid\/#breadcrumb\"},\"inLanguage\":\"es\",\"potentialAction\":[{\"@type\":\"ReadAction\",\"target\":[\"https:\/\/e-cristians.cat\/es\/autobuses-desde-barcelona-a-la-marcha-si-a-la-vida-de-madrid\/\"]}]},{\"@type\":\"BreadcrumbList\",\"@id\":\"https:\/\/e-cristians.cat\/es\/autobuses-desde-barcelona-a-la-marcha-si-a-la-vida-de-madrid\/#breadcrumb\",\"itemListElement\":[{\"@type\":\"ListItem\",\"position\":1,\"name\":\"Inici\",\"item\":\"https:\/\/e-cristians.cat\/es\/\"},{\"@type\":\"ListItem\",\"position\":2,\"name\":\"Autobuses desde Barcelona a la marcha \u201cS\u00ed a la Vida\u201d de Madrid\"}]},{\"@type\":\"WebSite\",\"@id\":\"https:\/\/e-cristians.cat\/#website\",\"url\":\"https:\/\/e-cristians.cat\/\",\"name\":\"e-Cristians\",\"description\":\"\",\"potentialAction\":[{\"@type\":\"SearchAction\",\"target\":{\"@type\":\"EntryPoint\",\"urlTemplate\":\"https:\/\/e-cristians.cat\/?s={search_term_string}\"},\"query-input\":\"required name=search_term_string\"}],\"inLanguage\":\"es\"},{\"@type\":\"Person\",\"@id\":\"https:\/\/e-cristians.cat\/#\/schema\/person\/f0ec475338e49aaef9c9dc9d9f162861\",\"name\":\"e-Cristians\",\"image\":{\"@type\":\"ImageObject\",\"inLanguage\":\"es\",\"@id\":\"https:\/\/e-cristians.cat\/#\/schema\/person\/image\/\",\"url\":\"https:\/\/secure.gravatar.com\/avatar\/14bc9e5b0ca69070f1075ad3efcb33c4?s=96&d=mm&r=g\",\"contentUrl\":\"https:\/\/secure.gravatar.com\/avatar\/14bc9e5b0ca69070f1075ad3efcb33c4?s=96&d=mm&r=g\",\"caption\":\"e-Cristians\"}}]}<\/script>\n<!-- \/ Yoast SEO plugin. -->","yoast_head_json":{"title":"Autobuses desde Barcelona a la marcha \u201cS\u00ed a la Vida\u201d de Madrid - e-Cristians","robots":{"index":"noindex","follow":"nofollow"},"og_locale":"es_ES","og_type":"article","og_title":"Autobuses desde Barcelona a la marcha \u201cS\u00ed a la Vida\u201d de Madrid - e-Cristians","og_description":"Te proponemos un plan: ir a la marcha en favor de la vida en Madrid el pr\u00f3ximo domingo, 27 de marzo. Desde Barcelona, \u200b\u200bsaldr\u00e1n cuatro autobuses. El punto de encuentro ser\u00e1 en la Avenida Diagonal, a la altura de Palau Reial. La idea es pasar un buen d\u00eda con la familia y los amigos y...","og_url":"https:\/\/e-cristians.cat\/es\/autobuses-desde-barcelona-a-la-marcha-si-a-la-vida-de-madrid\/","og_site_name":"e-Cristians","article_published_time":"2022-03-22T15:38:45+00:00","article_modified_time":"2022-03-22T15:41:16+00:00","og_image":[{"width":900,"height":1600,"url":"https:\/\/e-cristians.cat\/wp-content\/uploads\/2022\/03\/IMG-20220320-WA0000.jpg","type":"image\/jpeg"}],"author":"e-Cristians","twitter_card":"summary_large_image","twitter_misc":{"Escrito por":"e-Cristians","Tiempo de lectura":"2 minutos"},"schema":{"@context":"https:\/\/schema.org","@graph":[{"@type":"WebPage","@id":"https:\/\/e-cristians.cat\/es\/autobuses-desde-barcelona-a-la-marcha-si-a-la-vida-de-madrid\/","url":"https:\/\/e-cristians.cat\/es\/autobuses-desde-barcelona-a-la-marcha-si-a-la-vida-de-madrid\/","name":"Autobuses desde Barcelona a la marcha \u201cS\u00ed a la Vida\u201d de Madrid - e-Cristians","isPartOf":{"@id":"https:\/\/e-cristians.cat\/#website"},"datePublished":"2022-03-22T15:38:45+00:00","dateModified":"2022-03-22T15:41:16+00:00","author":{"@id":"https:\/\/e-cristians.cat\/#\/schema\/person\/f0ec475338e49aaef9c9dc9d9f162861"},"breadcrumb":{"@id":"https:\/\/e-cristians.cat\/es\/autobuses-desde-barcelona-a-la-marcha-si-a-la-vida-de-madrid\/#breadcrumb"},"inLanguage":"es","potentialAction":[{"@type":"ReadAction","target":["https:\/\/e-cristians.cat\/es\/autobuses-desde-barcelona-a-la-marcha-si-a-la-vida-de-madrid\/"]}]},{"@type":"BreadcrumbList","@id":"https:\/\/e-cristians.cat\/es\/autobuses-desde-barcelona-a-la-marcha-si-a-la-vida-de-madrid\/#breadcrumb","itemListElement":[{"@type":"ListItem","position":1,"name":"Inici","item":"https:\/\/e-cristians.cat\/es\/"},{"@type":"ListItem","position":2,"name":"Autobuses desde Barcelona a la marcha \u201cS\u00ed a la Vida\u201d de Madrid"}]},{"@type":"WebSite","@id":"https:\/\/e-cristians.cat\/#website","url":"https:\/\/e-cristians.cat\/","name":"e-Cristians","description":"","potentialAction":[{"@type":"SearchAction","target":{"@type":"EntryPoint","urlTemplate":"https:\/\/e-cristians.cat\/?s={search_term_string}"},"query-input":"required name=search_term_string"}],"inLanguage":"es"},{"@type":"Person","@id":"https:\/\/e-cristians.cat\/#\/schema\/person\/f0ec475338e49aaef9c9dc9d9f162861","name":"e-Cristians","image":{"@type":"ImageObject","inLanguage":"es","@id":"https:\/\/e-cristians.cat\/#\/schema\/person\/image\/","url":"https:\/\/secure.gravatar.com\/avatar\/14bc9e5b0ca69070f1075ad3efcb33c4?s=96&d=mm&r=g","contentUrl":"https:\/\/secure.gravatar.com\/avatar\/14bc9e5b0ca69070f1075ad3efcb33c4?s=96&d=mm&r=g","caption":"e-Cristians"}}]}},"jetpack_sharing_enabled":true,"jetpack_featured_media_url":"https:\/\/e-cristians.cat\/wp-content\/uploads\/2022\/03\/IMG-20220320-WA0000.jpg","_links":{"self":[{"href":"https:\/\/e-cristians.cat\/es\/wp-json\/wp\/v2\/posts\/42726"}],"collection":[{"href":"https:\/\/e-cristians.cat\/es\/wp-json\/wp\/v2\/posts"}],"about":[{"href":"https:\/\/e-cristians.cat\/es\/wp-json\/wp\/v2\/types\/post"}],"author":[{"embeddable":true,"href":"https:\/\/e-cristians.cat\/es\/wp-json\/wp\/v2\/users\/2"}],"replies":[{"embeddable":true,"href":"https:\/\/e-cristians.cat\/es\/wp-json\/wp\/v2\/comments?post=42726"}],"version-history":[{"count":1,"href":"https:\/\/e-cristians.cat\/es\/wp-json\/wp\/v2\/posts\/42726\/revisions"}],"predecessor-version":[{"id":42728,"href":"https:\/\/e-cristians.cat\/es\/wp-json\/wp\/v2\/posts\/42726\/revisions\/42728"}],"wp:featuredmedia":[{"embeddable":true,"href":"https:\/\/e-cristians.cat\/es\/wp-json\/wp\/v2\/media\/42717"}],"wp:attachment":[{"href":"https:\/\/e-cristians.cat\/es\/wp-json\/wp\/v2\/media?parent=42726"}],"wp:term":[{"taxonomy":"category","embeddable":true,"href":"https:\/\/e-cristians.cat\/es\/wp-json\/wp\/v2\/categories?post=42726"},{"taxonomy":"post_tag","embeddable":true,"href":"https:\/\/e-cristians.cat\/es\/wp-json\/wp\/v2\/tags?post=42726"}],"curies":[{"name":"wp","href":"https:\/\/api.w.org\/{rel}","templated":true}]}}