{"id":43090,"date":"2022-03-24T10:13:29","date_gmt":"2022-03-24T09:13:29","guid":{"rendered":"https:\/\/e-cristians.cat\/?p=43090"},"modified":"2022-03-25T11:17:00","modified_gmt":"2022-03-25T10:17:00","slug":"xii-congreso-de-familias-y-docentes-catolicos-san-jose-la-sombra-del-padre","status":"publish","type":"post","link":"https:\/\/e-cristians.cat\/es\/xii-congreso-de-familias-y-docentes-catolicos-san-jose-la-sombra-del-padre\/","title":{"rendered":"XII Congreso de Familias y Docentes Cat\u00f3licos \u201cSan Jos\u00e9, la sombra del Padre\u201d"},"content":{"rendered":"<p>\u201cSan Jos\u00e9, la sombra del Padre\u201d es el lema elegido para XII edici\u00f3n del Congreso Nacional de Familias y Docentes Cat\u00f3licos que, organizado por la Fundaci\u00f3n Educatio Servanda, se celebrar\u00e1 el 26 de marzo en el Aula Magna de la Universidad San Pablo CEU, sita en la calle Juli\u00e1n Romea, 23 (Madrid).<\/p>\n<p>La figura del padre es, a diario, v\u00edctima preferente de ataques que no solo ponen en cuesti\u00f3n su existencia en el seno de la familia, sino que es a menudo denostado, cuando no criminalizado. Asistimos a una evidente p\u00e9rdida cultural de la paternidad. Buena muestra de ello es que la familia que m\u00e1s crece en Espa\u00f1a en la actualidad es la familia sin padre.<\/p>\n<p>Para Educatio Servanda el padre de familia, lejos de ser prescindible, desarrolla una misi\u00f3n \u00fanica e insustituible. Pues, tal y como destaca Mar\u00eda Calvo, una de las grandes expertas en el tema, y que intervendr\u00e1 como ponente en el congreso \u201cno hemos medido honestamente las consecuencias [\u2026] en la ausencia de padre reside la base de la mayor\u00eda de los problemas sociales actuales -drogadicci\u00f3n, abortos, embarazos de adolescentes, fracaso escolar, abandono del hogar\u2026\u201d. A juicio de la acad\u00e9mica, hoy m\u00e1s que nunca se hace necesario \u201csalvar la naturaleza y la cultura del hombre\u201d.<\/p>\n<p>En la misma l\u00ednea se pronuncia Juan Carlos Corvera, presidente de la entidad organizadora: \u201clos efectos que genera ausencia del padre en la familia, ya sea f\u00edsica o simb\u00f3licamente -cuando el padre renuncia consciente o inconscientemente a sus cualidades naturales y culturales- se dejan notar cada d\u00eda. No hay que ser muy perspicaz para darse cuenta de que, por ejemplo, la inseguridad en los ni\u00f1os pero tambi\u00e9n en las ni\u00f1as ha crecido de forma exponencial en los \u00faltimos a\u00f1os, nuestros colegios nos ofrecen un observatorio de excepci\u00f3n a este respecto\u201d.<\/p>\n<p>Es un hecho que la destrucci\u00f3n de la figura del padre no es sino un hito m\u00e1s del proceso de deconstrucci\u00f3n de la familia al que asistimos desde hace tiempo, aunque con especial \u00e9nfasis en la \u00faltima d\u00e9cada.<\/p>\n<p>En este contexto adverso, el Congreso de Familias y Docentes Cat\u00f3licos desea poner en valor la figura de este padre injustamente maltratado al que la ideolog\u00eda de g\u00e9nero, heredera de un marxismo anacr\u00f3nico, que encuentra en la Revoluci\u00f3n sexual del 68 un punto de inflexi\u00f3n, pretende enterrar de forma irreversible.<\/p>\n<p>Para conseguirlo, con San Jos\u00e9 como gran modelo universal de la paternidad, y bajo la direcci\u00f3n de Alfredo Dagnino, secretario general de Educatio Servanda, contaremos con los mejores ponentes: Luis Arg\u00fcello, secretario general y portavoz de la Conferencia Episcopal Espa\u00f1ola; Jes\u00fas Sanz Montes, arzobispo de Oviedo; la profesora universitaria Mar\u00eda Calvo; el catedr\u00e1tico y diputado en el Congreso de los Diputados, Francisco Jos\u00e9 Contreras; Jaime Mayor Oreja, fundador y presidente de la Fundaci\u00f3n Valores y Sociedad; Mar\u00eda San Gil, vicepresidenta de la Fundaci\u00f3n Villacisneros; Mar\u00eda Solano, decana de la Facultad de Humanidades y directora de <em>Hacer Familia<\/em>; Julio Ariza, fundador y presidente del Grupo Intereconom\u00eda; Alejandro Rodr\u00edguez de la Pe\u00f1a, profesor universitario\u2026<\/p>\n<p>Quienes deseen inscribirse en este XII Congreso de Familias y Docentes Cat\u00f3licos y realicen su inscripci\u00f3n antes de este lunes, 21 de marzo, podr\u00e1n beneficiarse de una notable reducci\u00f3n en el precio, por pronto pago a trav\u00e9s de la web <a href=\"http:\/\/educadorescatolicos.org\/\">educadorescatolicos.org<\/a><\/p>\n<p><strong>Para m\u00e1s informaci\u00f3n:<\/strong><\/p>\n<p>\u00d3scar Rivas- Director de Comunicaci\u00f3n de Educatio Servanda<\/p>\n<p>Mail<a href=\"mailto:comunicaci\u00f3n@educatioservanda.org\">: comunicaci\u00f3n@educatioservanda.org<\/a><\/p>\n<p>Tel\u00e9fono: 619 362 006<\/p>\n","protected":false},"excerpt":{"rendered":"<p>\u201cSan Jos\u00e9, la sombra del Padre\u201d es el lema elegido para XII edici\u00f3n del Congreso Nacional de Familias y Docentes Cat\u00f3licos que, organizado por la Fundaci\u00f3n Educatio Servanda, se celebrar\u00e1 el 26 de marzo en el Aula Magna de la Universidad San Pablo CEU, sita en la calle Juli\u00e1n Romea, 23 (Madrid). La figura del&#8230;<\/p>\n","protected":false},"author":2,"featured_media":43091,"comment_status":"closed","ping_status":"closed","sticky":false,"template":"","format":"standard","meta":{"_jetpack_memberships_contains_paid_content":false,"footnotes":""},"categories":[33,39],"tags":[],"class_list":["post-43090","post","type-post","status-publish","format-standard","has-post-thumbnail","hentry","category-altres-entitats-informacions-agenda-i-documents-es","category-portada_news-es"],"yoast_head":"<!-- This site is optimized with the Yoast SEO plugin v20.0 - https:\/\/yoast.com\/wordpress\/plugins\/seo\/ -->\n<title>XII Congreso de Familias y Docentes Cat\u00f3licos \u201cSan Jos\u00e9, la sombra del Padre\u201d - e-Cristians<\/title>\n<meta name=\"robots\" content=\"noindex, nofollow\" \/>\n<meta property=\"og:locale\" content=\"es_ES\" \/>\n<meta property=\"og:type\" content=\"article\" \/>\n<meta property=\"og:title\" content=\"XII Congreso de Familias y Docentes Cat\u00f3licos \u201cSan Jos\u00e9, la sombra del Padre\u201d - e-Cristians\" \/>\n<meta property=\"og:description\" content=\"\u201cSan Jos\u00e9, la sombra del Padre\u201d es el lema elegido para XII edici\u00f3n del Congreso Nacional de Familias y Docentes Cat\u00f3licos que, organizado por la Fundaci\u00f3n Educatio Servanda, se celebrar\u00e1 el 26 de marzo en el Aula Magna de la Universidad San Pablo CEU, sita en la calle Juli\u00e1n Romea, 23 (Madrid). La figura del...\" \/>\n<meta property=\"og:url\" content=\"https:\/\/e-cristians.cat\/es\/xii-congreso-de-familias-y-docentes-catolicos-san-jose-la-sombra-del-padre\/\" \/>\n<meta property=\"og:site_name\" content=\"e-Cristians\" \/>\n<meta property=\"article:published_time\" content=\"2022-03-24T09:13:29+00:00\" \/>\n<meta property=\"article:modified_time\" content=\"2022-03-25T10:17:00+00:00\" \/>\n<meta property=\"og:image\" content=\"https:\/\/e-cristians.cat\/wp-content\/uploads\/2022\/03\/Servanda.jpg\" \/>\n\t<meta property=\"og:image:width\" content=\"882\" \/>\n\t<meta property=\"og:image:height\" content=\"564\" \/>\n\t<meta property=\"og:image:type\" content=\"image\/jpeg\" \/>\n<meta name=\"author\" content=\"e-Cristians\" \/>\n<meta name=\"twitter:card\" content=\"summary_large_image\" \/>\n<meta name=\"twitter:label1\" content=\"Escrito por\" \/>\n\t<meta name=\"twitter:data1\" content=\"e-Cristians\" \/>\n\t<meta name=\"twitter:label2\" content=\"Tiempo de lectura\" \/>\n\t<meta name=\"twitter:data2\" content=\"4 minutos\" \/>\n<script type=\"application\/ld+json\" class=\"yoast-schema-graph\">{\"@context\":\"https:\/\/schema.org\",\"@graph\":[{\"@type\":\"WebPage\",\"@id\":\"https:\/\/e-cristians.cat\/es\/xii-congreso-de-familias-y-docentes-catolicos-san-jose-la-sombra-del-padre\/\",\"url\":\"https:\/\/e-cristians.cat\/es\/xii-congreso-de-familias-y-docentes-catolicos-san-jose-la-sombra-del-padre\/\",\"name\":\"XII Congreso de Familias y Docentes Cat\u00f3licos \u201cSan Jos\u00e9, la sombra del Padre\u201d - e-Cristians\",\"isPartOf\":{\"@id\":\"https:\/\/e-cristians.cat\/#website\"},\"datePublished\":\"2022-03-24T09:13:29+00:00\",\"dateModified\":\"2022-03-25T10:17:00+00:00\",\"author\":{\"@id\":\"https:\/\/e-cristians.cat\/#\/schema\/person\/f0ec475338e49aaef9c9dc9d9f162861\"},\"breadcrumb\":{\"@id\":\"https:\/\/e-cristians.cat\/es\/xii-congreso-de-familias-y-docentes-catolicos-san-jose-la-sombra-del-padre\/#breadcrumb\"},\"inLanguage\":\"es\",\"potentialAction\":[{\"@type\":\"ReadAction\",\"target\":[\"https:\/\/e-cristians.cat\/es\/xii-congreso-de-familias-y-docentes-catolicos-san-jose-la-sombra-del-padre\/\"]}]},{\"@type\":\"BreadcrumbList\",\"@id\":\"https:\/\/e-cristians.cat\/es\/xii-congreso-de-familias-y-docentes-catolicos-san-jose-la-sombra-del-padre\/#breadcrumb\",\"itemListElement\":[{\"@type\":\"ListItem\",\"position\":1,\"name\":\"Inici\",\"item\":\"https:\/\/e-cristians.cat\/es\/\"},{\"@type\":\"ListItem\",\"position\":2,\"name\":\"XII Congreso de Familias y Docentes Cat\u00f3licos \u201cSan Jos\u00e9, la sombra del Padre\u201d\"}]},{\"@type\":\"WebSite\",\"@id\":\"https:\/\/e-cristians.cat\/#website\",\"url\":\"https:\/\/e-cristians.cat\/\",\"name\":\"e-Cristians\",\"description\":\"\",\"potentialAction\":[{\"@type\":\"SearchAction\",\"target\":{\"@type\":\"EntryPoint\",\"urlTemplate\":\"https:\/\/e-cristians.cat\/?s={search_term_string}\"},\"query-input\":\"required name=search_term_string\"}],\"inLanguage\":\"es\"},{\"@type\":\"Person\",\"@id\":\"https:\/\/e-cristians.cat\/#\/schema\/person\/f0ec475338e49aaef9c9dc9d9f162861\",\"name\":\"e-Cristians\",\"image\":{\"@type\":\"ImageObject\",\"inLanguage\":\"es\",\"@id\":\"https:\/\/e-cristians.cat\/#\/schema\/person\/image\/\",\"url\":\"https:\/\/secure.gravatar.com\/avatar\/14bc9e5b0ca69070f1075ad3efcb33c4?s=96&d=mm&r=g\",\"contentUrl\":\"https:\/\/secure.gravatar.com\/avatar\/14bc9e5b0ca69070f1075ad3efcb33c4?s=96&d=mm&r=g\",\"caption\":\"e-Cristians\"}}]}<\/script>\n<!-- \/ Yoast SEO plugin. -->","yoast_head_json":{"title":"XII Congreso de Familias y Docentes Cat\u00f3licos \u201cSan Jos\u00e9, la sombra del Padre\u201d - e-Cristians","robots":{"index":"noindex","follow":"nofollow"},"og_locale":"es_ES","og_type":"article","og_title":"XII Congreso de Familias y Docentes Cat\u00f3licos \u201cSan Jos\u00e9, la sombra del Padre\u201d - e-Cristians","og_description":"\u201cSan Jos\u00e9, la sombra del Padre\u201d es el lema elegido para XII edici\u00f3n del Congreso Nacional de Familias y Docentes Cat\u00f3licos que, organizado por la Fundaci\u00f3n Educatio Servanda, se celebrar\u00e1 el 26 de marzo en el Aula Magna de la Universidad San Pablo CEU, sita en la calle Juli\u00e1n Romea, 23 (Madrid). La figura del...","og_url":"https:\/\/e-cristians.cat\/es\/xii-congreso-de-familias-y-docentes-catolicos-san-jose-la-sombra-del-padre\/","og_site_name":"e-Cristians","article_published_time":"2022-03-24T09:13:29+00:00","article_modified_time":"2022-03-25T10:17:00+00:00","og_image":[{"width":882,"height":564,"url":"https:\/\/e-cristians.cat\/wp-content\/uploads\/2022\/03\/Servanda.jpg","type":"image\/jpeg"}],"author":"e-Cristians","twitter_card":"summary_large_image","twitter_misc":{"Escrito por":"e-Cristians","Tiempo de lectura":"4 minutos"},"schema":{"@context":"https:\/\/schema.org","@graph":[{"@type":"WebPage","@id":"https:\/\/e-cristians.cat\/es\/xii-congreso-de-familias-y-docentes-catolicos-san-jose-la-sombra-del-padre\/","url":"https:\/\/e-cristians.cat\/es\/xii-congreso-de-familias-y-docentes-catolicos-san-jose-la-sombra-del-padre\/","name":"XII Congreso de Familias y Docentes Cat\u00f3licos \u201cSan Jos\u00e9, la sombra del Padre\u201d - e-Cristians","isPartOf":{"@id":"https:\/\/e-cristians.cat\/#website"},"datePublished":"2022-03-24T09:13:29+00:00","dateModified":"2022-03-25T10:17:00+00:00","author":{"@id":"https:\/\/e-cristians.cat\/#\/schema\/person\/f0ec475338e49aaef9c9dc9d9f162861"},"breadcrumb":{"@id":"https:\/\/e-cristians.cat\/es\/xii-congreso-de-familias-y-docentes-catolicos-san-jose-la-sombra-del-padre\/#breadcrumb"},"inLanguage":"es","potentialAction":[{"@type":"ReadAction","target":["https:\/\/e-cristians.cat\/es\/xii-congreso-de-familias-y-docentes-catolicos-san-jose-la-sombra-del-padre\/"]}]},{"@type":"BreadcrumbList","@id":"https:\/\/e-cristians.cat\/es\/xii-congreso-de-familias-y-docentes-catolicos-san-jose-la-sombra-del-padre\/#breadcrumb","itemListElement":[{"@type":"ListItem","position":1,"name":"Inici","item":"https:\/\/e-cristians.cat\/es\/"},{"@type":"ListItem","position":2,"name":"XII Congreso de Familias y Docentes Cat\u00f3licos \u201cSan Jos\u00e9, la sombra del Padre\u201d"}]},{"@type":"WebSite","@id":"https:\/\/e-cristians.cat\/#website","url":"https:\/\/e-cristians.cat\/","name":"e-Cristians","description":"","potentialAction":[{"@type":"SearchAction","target":{"@type":"EntryPoint","urlTemplate":"https:\/\/e-cristians.cat\/?s={search_term_string}"},"query-input":"required name=search_term_string"}],"inLanguage":"es"},{"@type":"Person","@id":"https:\/\/e-cristians.cat\/#\/schema\/person\/f0ec475338e49aaef9c9dc9d9f162861","name":"e-Cristians","image":{"@type":"ImageObject","inLanguage":"es","@id":"https:\/\/e-cristians.cat\/#\/schema\/person\/image\/","url":"https:\/\/secure.gravatar.com\/avatar\/14bc9e5b0ca69070f1075ad3efcb33c4?s=96&d=mm&r=g","contentUrl":"https:\/\/secure.gravatar.com\/avatar\/14bc9e5b0ca69070f1075ad3efcb33c4?s=96&d=mm&r=g","caption":"e-Cristians"}}]}},"jetpack_sharing_enabled":true,"jetpack_featured_media_url":"https:\/\/e-cristians.cat\/wp-content\/uploads\/2022\/03\/Servanda.jpg","_links":{"self":[{"href":"https:\/\/e-cristians.cat\/es\/wp-json\/wp\/v2\/posts\/43090"}],"collection":[{"href":"https:\/\/e-cristians.cat\/es\/wp-json\/wp\/v2\/posts"}],"about":[{"href":"https:\/\/e-cristians.cat\/es\/wp-json\/wp\/v2\/types\/post"}],"author":[{"embeddable":true,"href":"https:\/\/e-cristians.cat\/es\/wp-json\/wp\/v2\/users\/2"}],"replies":[{"embeddable":true,"href":"https:\/\/e-cristians.cat\/es\/wp-json\/wp\/v2\/comments?post=43090"}],"version-history":[{"count":2,"href":"https:\/\/e-cristians.cat\/es\/wp-json\/wp\/v2\/posts\/43090\/revisions"}],"predecessor-version":[{"id":43096,"href":"https:\/\/e-cristians.cat\/es\/wp-json\/wp\/v2\/posts\/43090\/revisions\/43096"}],"wp:featuredmedia":[{"embeddable":true,"href":"https:\/\/e-cristians.cat\/es\/wp-json\/wp\/v2\/media\/43091"}],"wp:attachment":[{"href":"https:\/\/e-cristians.cat\/es\/wp-json\/wp\/v2\/media?parent=43090"}],"wp:term":[{"taxonomy":"category","embeddable":true,"href":"https:\/\/e-cristians.cat\/es\/wp-json\/wp\/v2\/categories?post=43090"},{"taxonomy":"post_tag","embeddable":true,"href":"https:\/\/e-cristians.cat\/es\/wp-json\/wp\/v2\/tags?post=43090"}],"curies":[{"name":"wp","href":"https:\/\/api.w.org\/{rel}","templated":true}]}}