{"id":43491,"date":"2022-03-30T13:59:53","date_gmt":"2022-03-30T11:59:53","guid":{"rendered":"https:\/\/e-cristians.cat\/?p=43491"},"modified":"2022-04-21T17:35:32","modified_gmt":"2022-04-21T15:35:32","slug":"escribe-al-defensor-del-pueblo-para-que-indaguen-todos-los-casos-de-pederastia-y-todos-los-sujetos-que-los-cometen","status":"publish","type":"post","link":"https:\/\/e-cristians.cat\/es\/escribe-al-defensor-del-pueblo-para-que-indaguen-todos-los-casos-de-pederastia-y-todos-los-sujetos-que-los-cometen\/","title":{"rendered":"Escribe al Defensor del Pueblo para que indaguen todos los casos de pederastia y todos los sujetos que los cometen"},"content":{"rendered":"<p>Una mayor\u00eda de diputados del Congreso ha acordado encargar al Defensor del Pueblo y en relaci\u00f3n <strong>con la pederastia<\/strong>, establecer \u201c<em>la determinaci\u00f3n de los hechos y responsabilidades, la reparaci\u00f3n de las v\u00edctimas y la planificaci\u00f3n de las pol\u00edticas p\u00fablicas para la prevenci\u00f3n de estos casos\u201d<\/em>. Pero <strong>solo para las personas que est\u00e1n vinculadas a la Iglesia Cat\u00f3lica<\/strong>. Es una vulneraci\u00f3n de derechos flagrante, igual que lo ser\u00eda, por ejemplo, tratar de los robos con violencia, pero solo los cometidos por gitanos o inmigrantes: ser\u00eda racismo o xenofobia. \u00bfCu\u00e1l es el calificativo que merece aquella decisi\u00f3n cuando se aplica a los cat\u00f3licos?<\/p>\n<p>Se les convierte en chivo expiatorio para evitar abordar el grave problema de la pederastia en nuestra sociedad. Los datos lo evidencian: entre 2009 y 2019 solo entre el 0,2% y el 1% de estos casos los han cometido personas vinculadas a la Iglesia. Doloroso s\u00ed, pero una \u00ednfima minor\u00eda. \u00bf<strong>Por qu\u00e9 se ocultan las causas del 99% restante<\/strong>? \u00a0M\u00e1s cuando se sabe que los casos son mucho m\u00e1s numerosos entre maestros y profesorado (3,7%), relaciones a trav\u00e9s de internet (5,2%), la pareja o expareja (8%), personas ajenas a\u00a0 la familia\u00a0 (9,9%), compa\u00f1eros y amigos (14,4%), y unas cifras todav\u00eda mayores de los abusos cometidos en la familia y en su entorno.<\/p>\n<p><strong>Rechaza que se convierta a la Iglesia y a los cat\u00f3licos en chivo expiatorio<\/strong>.<\/p>\n<p>Exige que se <strong>indaguen todos los casos de pederastia<\/strong> <strong>y todos<\/strong> <strong>los sujetos que los cometen<\/strong>. Es la \u00fanica manera de establecer verdaderamente la \u00ab<em>determinaci\u00f3n de los hechos y responsabilidades, la reparaci\u00f3n de las v\u00edctimas y la planificaci\u00f3n de las pol\u00edticas p\u00fablicas para la prevenci\u00f3n\u00bb.<\/em><\/p>\n<p><strong>Escribe al Defensor del Pueblo, Excmo. Sr. \u00c1ngel Gabilondo<\/strong><\/p>\n\n<div class=\"wpcf7 no-js\" id=\"wpcf7-f43494-o1\" lang=\"ca\" dir=\"ltr\">\n<div class=\"screen-reader-response\"><p role=\"status\" aria-live=\"polite\" aria-atomic=\"true\"><\/p> <ul><\/ul><\/div>\n<form action=\"\/es\/wp-json\/wp\/v2\/posts\/43491#wpcf7-f43494-o1\" method=\"post\" class=\"wpcf7-form init wpcf7-acceptance-as-validation\" aria-label=\"Formulari de contacte\" novalidate=\"novalidate\" data-status=\"init\">\n<div style=\"display: none;\">\n<input type=\"hidden\" name=\"_wpcf7\" value=\"43494\" \/>\n<input type=\"hidden\" name=\"_wpcf7_version\" value=\"5.7.3\" \/>\n<input type=\"hidden\" name=\"_wpcf7_locale\" value=\"ca\" \/>\n<input type=\"hidden\" name=\"_wpcf7_unit_tag\" value=\"wpcf7-f43494-o1\" \/>\n<input type=\"hidden\" name=\"_wpcf7_container_post\" value=\"0\" \/>\n<input type=\"hidden\" name=\"_wpcf7_posted_data_hash\" value=\"\" \/>\n<input type=\"hidden\" name=\"_wpcf7_recaptcha_response\" value=\"\" \/>\n<\/div>\n<p><span class=\"wpcf7-form-control-wrap\" data-name=\"nombre\"><input size=\"40\" class=\"wpcf7-form-control wpcf7-text wpcf7-validates-as-required\" aria-required=\"true\" aria-invalid=\"false\" placeholder=\"Nom*\" value=\"\" type=\"text\" name=\"nombre\" \/><\/span><br \/>\n<span class=\"wpcf7-form-control-wrap\" data-name=\"apellidos\"><input size=\"40\" class=\"wpcf7-form-control wpcf7-text wpcf7-validates-as-required\" aria-required=\"true\" aria-invalid=\"false\" placeholder=\"Cognoms*\" value=\"\" type=\"text\" name=\"apellidos\" \/><\/span><br \/>\n<span class=\"wpcf7-form-control-wrap\" data-name=\"email\"><input size=\"40\" class=\"wpcf7-form-control wpcf7-text wpcf7-email wpcf7-validates-as-required wpcf7-validates-as-email\" aria-required=\"true\" aria-invalid=\"false\" placeholder=\"Email*\" value=\"\" type=\"email\" name=\"email\" \/><\/span><br \/>\n<span class=\"wpcf7-form-control-wrap\" data-name=\"cp\"><input size=\"40\" class=\"wpcf7-form-control wpcf7-text wpcf7-validates-as-required\" aria-required=\"true\" aria-invalid=\"false\" placeholder=\"Codi postal*\" value=\"\" type=\"text\" name=\"cp\" \/><\/span>\n<\/p>\n<p><span class=\"wpcf7-form-control-wrap\" data-name=\"mensaje\"><textarea cols=\"40\" rows=\"10\" class=\"wpcf7-form-control wpcf7-textarea\" aria-invalid=\"false\" name=\"mensaje\">Excelent\u00edsimo Se\u00f1or:\n\nUna mayor\u00eda del Congreso de los diputados ha encargado a su instituci\u00f3n la indagaci\u00f3n sobre la pederastia para establecer la  determinaci\u00f3n de los &quot;hechos y responsabilidades, la reparaci\u00f3n de las v\u00edctimas y la planificaci\u00f3n de las pol\u00edticas p\u00fablicas&quot; para la prevenci\u00f3n, como ha acordado una mayor\u00eda del Congreso de los Diputados, pero solo limitada a las personas vinculadas a la Iglesia Cat\u00f3lica. Este hecho constituye una grave vulneraci\u00f3n de los derechos constitucionales de aquel grupo social, que Ud. tiene la obligaci\u00f3n de defender, y oculta el delito social de la pederastia, al convertir en chivo expiatorio a las personas vinculadas con las instituciones cat\u00f3licas. Ud. no aceptar\u00eda un encargo en el sentido de tratar de los robos con violencia, pero solo los cometidos por gitanos o inmigrantes: ser\u00eda racismo o xenofobia. Tampoco puede aceptarlo en este caso.\n\nAs\u00ed mismo, al limitar la cuesti\u00f3n a aquel grupo, har\u00e1 imposible la efectiva determinaci\u00f3n de los hechos y responsabilidades, la reparaci\u00f3n de las v\u00edctimas y la planificaci\u00f3n de las pol\u00edticas p\u00fablicas para la prevenci\u00f3n, porque solo abordar\u00e1, como Ud. conoce bien, una \u00ednfima minor\u00eda de casos, que pueden significar en todo caso el 1% del total. Al mismo tiempo, introducir\u00e1 una brecha de g\u00e9nero muy importante, porque al actuar en aquellos t\u00e9rminos, marginar\u00e1 la importancia de estos abusos en ni\u00f1as y adolescentes, que son la mayor\u00eda de los casos, y sobrevalorar\u00e1 los que son fruto de impulsos homosexuales. En definitiva, causar\u00e1 un grave deterioro a la credibilidad, independencia y prestigio de la instituci\u00f3n del Defensor del Pueblo.\n  \nPor estas razones le formulo las peticiones siguientes:\n\nA\/ No lleve a t\u00e9rmino la actuaci\u00f3n solicitada por el Congreso, y abra expediente sobre la misma por presunta vulneraci\u00f3n de los derechos fundamentales de un grupo social predeterminado.\n\nB\/ A partir de todos los datos disponibles y de los que tenga a bien solicitar, abra una indagatoria sobre todos los casos relacionados con el delito de pederastia, a fin de establecer los \u201chechos, responsabilidades, reparaci\u00f3n de v\u00edctimas, y planificaci\u00f3n de pol\u00edticas p\u00fablicas\u201d.\n \nAtentamente,<\/textarea><\/span>\n<\/p>\n<input class=\"wpcf7-form-control wpcf7-hidden\" value=\"ES\" type=\"hidden\" name=\"idioma\" \/>\n<input class=\"wpcf7-form-control wpcf7-hidden\" value=\"Alertas\" type=\"hidden\" name=\"tipo\" \/>\n<p><span class=\"wpcf7-form-control-wrap\" data-name=\"rgpd-acepto\"><span class=\"wpcf7-form-control wpcf7-acceptance\"><span class=\"wpcf7-list-item\"><label><input type=\"checkbox\" name=\"rgpd-acepto\" value=\"1\" aria-invalid=\"false\" \/><span class=\"wpcf7-list-item-label\">Accepto la <a href=\"https:\/\/e-cristians.cat\/politica-de-privacitat\/\" target=\"_blank\" rel=\"nofollow\">pol\u00edtica de privacitat<\/a><\/span><\/label><\/span><\/span><\/span>\n<\/p>\n<p><input class=\"wpcf7-form-control has-spinner wpcf7-submit\" type=\"submit\" value=\"Envia\" \/>\n<\/p><p style=\"display: none !important;\" class=\"akismet-fields-container\" data-prefix=\"_wpcf7_ak_\"><label>&#916;<textarea name=\"_wpcf7_ak_hp_textarea\" cols=\"45\" rows=\"8\" maxlength=\"100\"><\/textarea><\/label><input type=\"hidden\" id=\"ak_js_1\" name=\"_wpcf7_ak_js\" value=\"161\"\/><script>document.getElementById( \"ak_js_1\" ).setAttribute( \"value\", ( new Date() ).getTime() );<\/script><\/p><input type='hidden' class='wpcf7-pum' value='{\"closepopup\":false,\"closedelay\":0,\"openpopup\":false,\"openpopup_id\":0}' \/><div class=\"wpcf7-response-output\" aria-hidden=\"true\"><\/div>\n<\/form>\n<\/div>\n\n","protected":false},"excerpt":{"rendered":"<p>Una mayor\u00eda de diputados del Congreso ha acordado encargar al Defensor del Pueblo y en relaci\u00f3n con la pederastia, establecer \u201cla determinaci\u00f3n de los hechos y responsabilidades, la reparaci\u00f3n de las v\u00edctimas y la planificaci\u00f3n de las pol\u00edticas p\u00fablicas para la prevenci\u00f3n de estos casos\u201d. Pero solo para las personas que est\u00e1n vinculadas a la&#8230;<\/p>\n","protected":false},"author":2,"featured_media":43500,"comment_status":"closed","ping_status":"closed","sticky":false,"template":"","format":"standard","meta":{"_jetpack_memberships_contains_paid_content":false,"footnotes":""},"categories":[24],"tags":[258],"class_list":["post-43491","post","type-post","status-publish","format-standard","has-post-thumbnail","hentry","category-alertes-es","tag-pederastia-es"],"yoast_head":"<!-- This site is optimized with the Yoast SEO plugin v20.0 - https:\/\/yoast.com\/wordpress\/plugins\/seo\/ -->\n<title>Escribe al Defensor del Pueblo para que indaguen todos los casos de pederastia y todos los sujetos que los cometen - e-Cristians<\/title>\n<meta name=\"description\" content=\"Una mayor\u00eda de diputados del Congreso ha acordado encargar al Defensor del Pueblo y en relaci\u00f3n con la pederastia\" \/>\n<meta name=\"robots\" content=\"index, follow, max-snippet:-1, max-image-preview:large, max-video-preview:-1\" \/>\n<link rel=\"canonical\" href=\"https:\/\/e-cristians.cat\/es\/escribe-al-defensor-del-pueblo-para-que-indaguen-todos-los-casos-de-pederastia-y-todos-los-sujetos-que-los-cometen\/\" \/>\n<meta property=\"og:locale\" content=\"es_ES\" \/>\n<meta property=\"og:type\" content=\"article\" \/>\n<meta property=\"og:title\" content=\"Escribe al Defensor del Pueblo para que indaguen todos los casos de pederastia y todos los sujetos que los cometen - e-Cristians\" \/>\n<meta property=\"og:description\" content=\"Una mayor\u00eda de diputados del Congreso ha acordado encargar al Defensor del Pueblo y en relaci\u00f3n con la pederastia\" \/>\n<meta property=\"og:url\" content=\"https:\/\/e-cristians.cat\/es\/escribe-al-defensor-del-pueblo-para-que-indaguen-todos-los-casos-de-pederastia-y-todos-los-sujetos-que-los-cometen\/\" \/>\n<meta property=\"og:site_name\" content=\"e-Cristians\" \/>\n<meta property=\"article:published_time\" content=\"2022-03-30T11:59:53+00:00\" \/>\n<meta property=\"article:modified_time\" content=\"2022-04-21T15:35:32+00:00\" \/>\n<meta property=\"og:image\" content=\"https:\/\/e-cristians.cat\/wp-content\/uploads\/2022\/03\/Defensor-Pueblo-1.jpg\" \/>\n\t<meta property=\"og:image:width\" content=\"571\" \/>\n\t<meta property=\"og:image:height\" content=\"340\" \/>\n\t<meta property=\"og:image:type\" content=\"image\/jpeg\" \/>\n<meta name=\"author\" content=\"e-Cristians\" \/>\n<meta name=\"twitter:card\" content=\"summary_large_image\" \/>\n<meta name=\"twitter:label1\" content=\"Escrito por\" \/>\n\t<meta name=\"twitter:data1\" content=\"e-Cristians\" \/>\n\t<meta name=\"twitter:label2\" content=\"Tiempo de lectura\" \/>\n\t<meta name=\"twitter:data2\" content=\"2 minutos\" \/>\n<script type=\"application\/ld+json\" class=\"yoast-schema-graph\">{\"@context\":\"https:\/\/schema.org\",\"@graph\":[{\"@type\":\"WebPage\",\"@id\":\"https:\/\/e-cristians.cat\/es\/escribe-al-defensor-del-pueblo-para-que-indaguen-todos-los-casos-de-pederastia-y-todos-los-sujetos-que-los-cometen\/\",\"url\":\"https:\/\/e-cristians.cat\/es\/escribe-al-defensor-del-pueblo-para-que-indaguen-todos-los-casos-de-pederastia-y-todos-los-sujetos-que-los-cometen\/\",\"name\":\"Escribe al Defensor del Pueblo para que indaguen todos los casos de pederastia y todos los sujetos que los cometen - e-Cristians\",\"isPartOf\":{\"@id\":\"https:\/\/e-cristians.cat\/#website\"},\"datePublished\":\"2022-03-30T11:59:53+00:00\",\"dateModified\":\"2022-04-21T15:35:32+00:00\",\"author\":{\"@id\":\"https:\/\/e-cristians.cat\/#\/schema\/person\/f0ec475338e49aaef9c9dc9d9f162861\"},\"description\":\"Una mayor\u00eda de diputados del Congreso ha acordado encargar al Defensor del Pueblo y en relaci\u00f3n con la pederastia\",\"breadcrumb\":{\"@id\":\"https:\/\/e-cristians.cat\/es\/escribe-al-defensor-del-pueblo-para-que-indaguen-todos-los-casos-de-pederastia-y-todos-los-sujetos-que-los-cometen\/#breadcrumb\"},\"inLanguage\":\"es\",\"potentialAction\":[{\"@type\":\"ReadAction\",\"target\":[\"https:\/\/e-cristians.cat\/es\/escribe-al-defensor-del-pueblo-para-que-indaguen-todos-los-casos-de-pederastia-y-todos-los-sujetos-que-los-cometen\/\"]}]},{\"@type\":\"BreadcrumbList\",\"@id\":\"https:\/\/e-cristians.cat\/es\/escribe-al-defensor-del-pueblo-para-que-indaguen-todos-los-casos-de-pederastia-y-todos-los-sujetos-que-los-cometen\/#breadcrumb\",\"itemListElement\":[{\"@type\":\"ListItem\",\"position\":1,\"name\":\"Inici\",\"item\":\"https:\/\/e-cristians.cat\/es\/\"},{\"@type\":\"ListItem\",\"position\":2,\"name\":\"Escribe al Defensor del Pueblo para que indaguen todos los casos de pederastia y todos los sujetos que los cometen\"}]},{\"@type\":\"WebSite\",\"@id\":\"https:\/\/e-cristians.cat\/#website\",\"url\":\"https:\/\/e-cristians.cat\/\",\"name\":\"e-Cristians\",\"description\":\"\",\"potentialAction\":[{\"@type\":\"SearchAction\",\"target\":{\"@type\":\"EntryPoint\",\"urlTemplate\":\"https:\/\/e-cristians.cat\/?s={search_term_string}\"},\"query-input\":\"required name=search_term_string\"}],\"inLanguage\":\"es\"},{\"@type\":\"Person\",\"@id\":\"https:\/\/e-cristians.cat\/#\/schema\/person\/f0ec475338e49aaef9c9dc9d9f162861\",\"name\":\"e-Cristians\",\"image\":{\"@type\":\"ImageObject\",\"inLanguage\":\"es\",\"@id\":\"https:\/\/e-cristians.cat\/#\/schema\/person\/image\/\",\"url\":\"https:\/\/secure.gravatar.com\/avatar\/14bc9e5b0ca69070f1075ad3efcb33c4?s=96&d=mm&r=g\",\"contentUrl\":\"https:\/\/secure.gravatar.com\/avatar\/14bc9e5b0ca69070f1075ad3efcb33c4?s=96&d=mm&r=g\",\"caption\":\"e-Cristians\"}}]}<\/script>\n<!-- \/ Yoast SEO plugin. -->","yoast_head_json":{"title":"Escribe al Defensor del Pueblo para que indaguen todos los casos de pederastia y todos los sujetos que los cometen - e-Cristians","description":"Una mayor\u00eda de diputados del Congreso ha acordado encargar al Defensor del Pueblo y en relaci\u00f3n con la pederastia","robots":{"index":"index","follow":"follow","max-snippet":"max-snippet:-1","max-image-preview":"max-image-preview:large","max-video-preview":"max-video-preview:-1"},"canonical":"https:\/\/e-cristians.cat\/es\/escribe-al-defensor-del-pueblo-para-que-indaguen-todos-los-casos-de-pederastia-y-todos-los-sujetos-que-los-cometen\/","og_locale":"es_ES","og_type":"article","og_title":"Escribe al Defensor del Pueblo para que indaguen todos los casos de pederastia y todos los sujetos que los cometen - e-Cristians","og_description":"Una mayor\u00eda de diputados del Congreso ha acordado encargar al Defensor del Pueblo y en relaci\u00f3n con la pederastia","og_url":"https:\/\/e-cristians.cat\/es\/escribe-al-defensor-del-pueblo-para-que-indaguen-todos-los-casos-de-pederastia-y-todos-los-sujetos-que-los-cometen\/","og_site_name":"e-Cristians","article_published_time":"2022-03-30T11:59:53+00:00","article_modified_time":"2022-04-21T15:35:32+00:00","og_image":[{"width":571,"height":340,"url":"https:\/\/e-cristians.cat\/wp-content\/uploads\/2022\/03\/Defensor-Pueblo-1.jpg","type":"image\/jpeg"}],"author":"e-Cristians","twitter_card":"summary_large_image","twitter_misc":{"Escrito por":"e-Cristians","Tiempo de lectura":"2 minutos"},"schema":{"@context":"https:\/\/schema.org","@graph":[{"@type":"WebPage","@id":"https:\/\/e-cristians.cat\/es\/escribe-al-defensor-del-pueblo-para-que-indaguen-todos-los-casos-de-pederastia-y-todos-los-sujetos-que-los-cometen\/","url":"https:\/\/e-cristians.cat\/es\/escribe-al-defensor-del-pueblo-para-que-indaguen-todos-los-casos-de-pederastia-y-todos-los-sujetos-que-los-cometen\/","name":"Escribe al Defensor del Pueblo para que indaguen todos los casos de pederastia y todos los sujetos que los cometen - e-Cristians","isPartOf":{"@id":"https:\/\/e-cristians.cat\/#website"},"datePublished":"2022-03-30T11:59:53+00:00","dateModified":"2022-04-21T15:35:32+00:00","author":{"@id":"https:\/\/e-cristians.cat\/#\/schema\/person\/f0ec475338e49aaef9c9dc9d9f162861"},"description":"Una mayor\u00eda de diputados del Congreso ha acordado encargar al Defensor del Pueblo y en relaci\u00f3n con la pederastia","breadcrumb":{"@id":"https:\/\/e-cristians.cat\/es\/escribe-al-defensor-del-pueblo-para-que-indaguen-todos-los-casos-de-pederastia-y-todos-los-sujetos-que-los-cometen\/#breadcrumb"},"inLanguage":"es","potentialAction":[{"@type":"ReadAction","target":["https:\/\/e-cristians.cat\/es\/escribe-al-defensor-del-pueblo-para-que-indaguen-todos-los-casos-de-pederastia-y-todos-los-sujetos-que-los-cometen\/"]}]},{"@type":"BreadcrumbList","@id":"https:\/\/e-cristians.cat\/es\/escribe-al-defensor-del-pueblo-para-que-indaguen-todos-los-casos-de-pederastia-y-todos-los-sujetos-que-los-cometen\/#breadcrumb","itemListElement":[{"@type":"ListItem","position":1,"name":"Inici","item":"https:\/\/e-cristians.cat\/es\/"},{"@type":"ListItem","position":2,"name":"Escribe al Defensor del Pueblo para que indaguen todos los casos de pederastia y todos los sujetos que los cometen"}]},{"@type":"WebSite","@id":"https:\/\/e-cristians.cat\/#website","url":"https:\/\/e-cristians.cat\/","name":"e-Cristians","description":"","potentialAction":[{"@type":"SearchAction","target":{"@type":"EntryPoint","urlTemplate":"https:\/\/e-cristians.cat\/?s={search_term_string}"},"query-input":"required name=search_term_string"}],"inLanguage":"es"},{"@type":"Person","@id":"https:\/\/e-cristians.cat\/#\/schema\/person\/f0ec475338e49aaef9c9dc9d9f162861","name":"e-Cristians","image":{"@type":"ImageObject","inLanguage":"es","@id":"https:\/\/e-cristians.cat\/#\/schema\/person\/image\/","url":"https:\/\/secure.gravatar.com\/avatar\/14bc9e5b0ca69070f1075ad3efcb33c4?s=96&d=mm&r=g","contentUrl":"https:\/\/secure.gravatar.com\/avatar\/14bc9e5b0ca69070f1075ad3efcb33c4?s=96&d=mm&r=g","caption":"e-Cristians"}}]}},"jetpack_sharing_enabled":true,"jetpack_featured_media_url":"https:\/\/e-cristians.cat\/wp-content\/uploads\/2022\/03\/Defensor-Pueblo-1.jpg","_links":{"self":[{"href":"https:\/\/e-cristians.cat\/es\/wp-json\/wp\/v2\/posts\/43491"}],"collection":[{"href":"https:\/\/e-cristians.cat\/es\/wp-json\/wp\/v2\/posts"}],"about":[{"href":"https:\/\/e-cristians.cat\/es\/wp-json\/wp\/v2\/types\/post"}],"author":[{"embeddable":true,"href":"https:\/\/e-cristians.cat\/es\/wp-json\/wp\/v2\/users\/2"}],"replies":[{"embeddable":true,"href":"https:\/\/e-cristians.cat\/es\/wp-json\/wp\/v2\/comments?post=43491"}],"version-history":[{"count":4,"href":"https:\/\/e-cristians.cat\/es\/wp-json\/wp\/v2\/posts\/43491\/revisions"}],"predecessor-version":[{"id":43514,"href":"https:\/\/e-cristians.cat\/es\/wp-json\/wp\/v2\/posts\/43491\/revisions\/43514"}],"wp:featuredmedia":[{"embeddable":true,"href":"https:\/\/e-cristians.cat\/es\/wp-json\/wp\/v2\/media\/43500"}],"wp:attachment":[{"href":"https:\/\/e-cristians.cat\/es\/wp-json\/wp\/v2\/media?parent=43491"}],"wp:term":[{"taxonomy":"category","embeddable":true,"href":"https:\/\/e-cristians.cat\/es\/wp-json\/wp\/v2\/categories?post=43491"},{"taxonomy":"post_tag","embeddable":true,"href":"https:\/\/e-cristians.cat\/es\/wp-json\/wp\/v2\/tags?post=43491"}],"curies":[{"name":"wp","href":"https:\/\/api.w.org\/{rel}","templated":true}]}}