{"id":4458,"date":"2021-03-09T17:19:45","date_gmt":"2021-03-09T16:19:45","guid":{"rendered":"https:\/\/e-cristians.cat\/?p=4458"},"modified":"2021-03-09T17:41:24","modified_gmt":"2021-03-09T16:41:24","slug":"colabora-con-40-dias-por-la-vida-en-barcelona-vigilia-pacifica-de-oracion-ayuno-y-comunidad-para-acabar-con-el-aborto","status":"publish","type":"post","link":"https:\/\/e-cristians.cat\/es\/colabora-con-40-dias-por-la-vida-en-barcelona-vigilia-pacifica-de-oracion-ayuno-y-comunidad-para-acabar-con-el-aborto\/","title":{"rendered":"Colabora con \u00ab40 d\u00edas por la vida en Barcelona\u00bb: Vig\u00edlia pac\u00edfica de oraci\u00f3n, ayuno y comunidad para acabar con el aborto"},"content":{"rendered":"<h4><strong>\u00bfQu\u00e9 es\u00a0<a href=\"https:\/\/40diasporlavidabcn.es\/\">40 d\u00edas por la vida<\/a>?<\/strong><\/h4>\n<p>Una inciativa que empez\u00f3 en Texas, Estados Unidos, para orar pac\u00edficamente por el fin del aborto en frente de cl\u00ednicas abortistas, durante 24 o 12 horas seguidas durante 40 d\u00edas.<\/p>\n<h4><strong>\u00bfEn qu\u00e9 consiste\u00a0<a href=\"https:\/\/40diasporlavidabcn.es\/\">40 d\u00edas por la vida<\/a>?<\/strong><\/h4>\n<p>Es una campa\u00f1a dedicada a\u00a0<strong>terminar con el aborto a trav\u00e9s de 40 d\u00edas de oraci\u00f3n, ayuno, vigilia pac\u00edfica y alcance comunitario<\/strong>.<\/p>\n<h4><strong>\u00bfCu\u00e1ndo y d\u00f3nde?<\/strong><\/h4>\n<ul>\n<li>En cuaresma, del\u00a0<strong>17 de febrero al 28 de marzo de 2021<\/strong>.<\/li>\n<li><strong>De 8 de la ma\u00f1ana a las 8 de la noche.<\/strong><\/li>\n<li><strong>Calle Angl\u00ed, n\u00ba39, Barcelona<\/strong><\/li>\n<\/ul>\n<h4><strong>\u00bfC\u00f3mo funcionan los turnos?<\/strong><\/h4>\n<p>Los voluntarios est\u00e1n en frente de la cl\u00ednica presentes, orando durante 12 horas seguidas, durante 40 d\u00edas. Los turnos son de una hora. Donde hay como m\u00ednimo dos voluntarios cada hora. Cada voluntario puede apuntarse a una hora que le vaya bien, o tantas como quiera. <strong>Esta semana se necesita cubrir los siguientes turnos:<\/strong><\/p>\n<ul>\n<li><strong>Jueves 11\/03, de 12h. a 13h.<\/strong><\/li>\n<li><strong>S\u00e1bado 13\/03, de 17h. a 18h. y de 18h. a 19h.<\/strong><\/li>\n<li><strong>Domingo 14\/03, de 8h. a 9h., de 11h. a 12h. y de 15 a 16h.<\/strong><\/li>\n<\/ul>\n<h4><strong>\u00bfC\u00f3mo me puedo apuntar a un turno?<\/strong><\/h4>\n<p>A trav\u00e9s de\u00a0<a href=\"https:\/\/docs.google.com\/forms\/d\/e\/1FAIpQLSeYRgdznrWX-Rl-FLqsx_HVu38MAXAo2ZvJKCW4ZSexUBceRw\/viewform\"><strong>este formulario.<\/strong><\/a><\/p>\n","protected":false},"excerpt":{"rendered":"<p>\u00bfQu\u00e9 es\u00a040 d\u00edas por la vida? Una inciativa que empez\u00f3 en Texas, Estados Unidos, para orar pac\u00edficamente por el fin del aborto en frente de cl\u00ednicas abortistas, durante 24 o 12 horas seguidas durante 40 d\u00edas. \u00bfEn qu\u00e9 consiste\u00a040 d\u00edas por la vida? Es una campa\u00f1a dedicada a\u00a0terminar con el aborto a trav\u00e9s de 40&#8230;<\/p>\n","protected":false},"author":2,"featured_media":4461,"comment_status":"closed","ping_status":"closed","sticky":false,"template":"","format":"standard","meta":{"_jetpack_memberships_contains_paid_content":false,"footnotes":""},"categories":[33,39],"tags":[62],"class_list":["post-4458","post","type-post","status-publish","format-standard","has-post-thumbnail","hentry","category-altres-entitats-informacions-agenda-i-documents-es","category-portada_news-es","tag-aborto"],"yoast_head":"<!-- This site is optimized with the Yoast SEO plugin v20.0 - https:\/\/yoast.com\/wordpress\/plugins\/seo\/ -->\n<title>Colabora con &quot;40 d\u00edas por la vida en Barcelona&quot;: Vig\u00edlia pac\u00edfica de oraci\u00f3n, ayuno y comunidad para acabar con el aborto - e-Cristians<\/title>\n<meta name=\"robots\" content=\"noindex, nofollow\" \/>\n<meta property=\"og:locale\" content=\"es_ES\" \/>\n<meta property=\"og:type\" content=\"article\" \/>\n<meta property=\"og:title\" content=\"Colabora con &quot;40 d\u00edas por la vida en Barcelona&quot;: Vig\u00edlia pac\u00edfica de oraci\u00f3n, ayuno y comunidad para acabar con el aborto - e-Cristians\" \/>\n<meta property=\"og:description\" content=\"\u00bfQu\u00e9 es\u00a040 d\u00edas por la vida? Una inciativa que empez\u00f3 en Texas, Estados Unidos, para orar pac\u00edficamente por el fin del aborto en frente de cl\u00ednicas abortistas, durante 24 o 12 horas seguidas durante 40 d\u00edas. \u00bfEn qu\u00e9 consiste\u00a040 d\u00edas por la vida? Es una campa\u00f1a dedicada a\u00a0terminar con el aborto a trav\u00e9s de 40...\" \/>\n<meta property=\"og:url\" content=\"https:\/\/e-cristians.cat\/es\/colabora-con-40-dias-por-la-vida-en-barcelona-vigilia-pacifica-de-oracion-ayuno-y-comunidad-para-acabar-con-el-aborto\/\" \/>\n<meta property=\"og:site_name\" content=\"e-Cristians\" \/>\n<meta property=\"article:published_time\" content=\"2021-03-09T16:19:45+00:00\" \/>\n<meta property=\"article:modified_time\" content=\"2021-03-09T16:41:24+00:00\" \/>\n<meta property=\"og:image\" content=\"https:\/\/e-cristians.cat\/wp-content\/uploads\/2021\/03\/40-dias-por-la-vida.jpg\" \/>\n\t<meta property=\"og:image:width\" content=\"1024\" \/>\n\t<meta property=\"og:image:height\" content=\"768\" \/>\n\t<meta property=\"og:image:type\" content=\"image\/jpeg\" \/>\n<meta name=\"author\" content=\"e-Cristians\" \/>\n<meta name=\"twitter:card\" content=\"summary_large_image\" \/>\n<meta name=\"twitter:label1\" content=\"Escrito por\" \/>\n\t<meta name=\"twitter:data1\" content=\"e-Cristians\" \/>\n\t<meta name=\"twitter:label2\" content=\"Tiempo de lectura\" \/>\n\t<meta name=\"twitter:data2\" content=\"1 minuto\" \/>\n<script type=\"application\/ld+json\" class=\"yoast-schema-graph\">{\"@context\":\"https:\/\/schema.org\",\"@graph\":[{\"@type\":\"WebPage\",\"@id\":\"https:\/\/e-cristians.cat\/es\/colabora-con-40-dias-por-la-vida-en-barcelona-vigilia-pacifica-de-oracion-ayuno-y-comunidad-para-acabar-con-el-aborto\/\",\"url\":\"https:\/\/e-cristians.cat\/es\/colabora-con-40-dias-por-la-vida-en-barcelona-vigilia-pacifica-de-oracion-ayuno-y-comunidad-para-acabar-con-el-aborto\/\",\"name\":\"Colabora con \\\"40 d\u00edas por la vida en Barcelona\\\": Vig\u00edlia pac\u00edfica de oraci\u00f3n, ayuno y comunidad para acabar con el aborto - e-Cristians\",\"isPartOf\":{\"@id\":\"https:\/\/e-cristians.cat\/#website\"},\"datePublished\":\"2021-03-09T16:19:45+00:00\",\"dateModified\":\"2021-03-09T16:41:24+00:00\",\"author\":{\"@id\":\"https:\/\/e-cristians.cat\/#\/schema\/person\/f0ec475338e49aaef9c9dc9d9f162861\"},\"breadcrumb\":{\"@id\":\"https:\/\/e-cristians.cat\/es\/colabora-con-40-dias-por-la-vida-en-barcelona-vigilia-pacifica-de-oracion-ayuno-y-comunidad-para-acabar-con-el-aborto\/#breadcrumb\"},\"inLanguage\":\"es\",\"potentialAction\":[{\"@type\":\"ReadAction\",\"target\":[\"https:\/\/e-cristians.cat\/es\/colabora-con-40-dias-por-la-vida-en-barcelona-vigilia-pacifica-de-oracion-ayuno-y-comunidad-para-acabar-con-el-aborto\/\"]}]},{\"@type\":\"BreadcrumbList\",\"@id\":\"https:\/\/e-cristians.cat\/es\/colabora-con-40-dias-por-la-vida-en-barcelona-vigilia-pacifica-de-oracion-ayuno-y-comunidad-para-acabar-con-el-aborto\/#breadcrumb\",\"itemListElement\":[{\"@type\":\"ListItem\",\"position\":1,\"name\":\"Inici\",\"item\":\"https:\/\/e-cristians.cat\/es\/\"},{\"@type\":\"ListItem\",\"position\":2,\"name\":\"Colabora con \u00ab40 d\u00edas por la vida en Barcelona\u00bb: Vig\u00edlia pac\u00edfica de oraci\u00f3n, ayuno y comunidad para acabar con el aborto\"}]},{\"@type\":\"WebSite\",\"@id\":\"https:\/\/e-cristians.cat\/#website\",\"url\":\"https:\/\/e-cristians.cat\/\",\"name\":\"e-Cristians\",\"description\":\"\",\"potentialAction\":[{\"@type\":\"SearchAction\",\"target\":{\"@type\":\"EntryPoint\",\"urlTemplate\":\"https:\/\/e-cristians.cat\/?s={search_term_string}\"},\"query-input\":\"required name=search_term_string\"}],\"inLanguage\":\"es\"},{\"@type\":\"Person\",\"@id\":\"https:\/\/e-cristians.cat\/#\/schema\/person\/f0ec475338e49aaef9c9dc9d9f162861\",\"name\":\"e-Cristians\",\"image\":{\"@type\":\"ImageObject\",\"inLanguage\":\"es\",\"@id\":\"https:\/\/e-cristians.cat\/#\/schema\/person\/image\/\",\"url\":\"https:\/\/secure.gravatar.com\/avatar\/14bc9e5b0ca69070f1075ad3efcb33c4?s=96&d=mm&r=g\",\"contentUrl\":\"https:\/\/secure.gravatar.com\/avatar\/14bc9e5b0ca69070f1075ad3efcb33c4?s=96&d=mm&r=g\",\"caption\":\"e-Cristians\"}}]}<\/script>\n<!-- \/ Yoast SEO plugin. -->","yoast_head_json":{"title":"Colabora con \"40 d\u00edas por la vida en Barcelona\": Vig\u00edlia pac\u00edfica de oraci\u00f3n, ayuno y comunidad para acabar con el aborto - e-Cristians","robots":{"index":"noindex","follow":"nofollow"},"og_locale":"es_ES","og_type":"article","og_title":"Colabora con \"40 d\u00edas por la vida en Barcelona\": Vig\u00edlia pac\u00edfica de oraci\u00f3n, ayuno y comunidad para acabar con el aborto - e-Cristians","og_description":"\u00bfQu\u00e9 es\u00a040 d\u00edas por la vida? Una inciativa que empez\u00f3 en Texas, Estados Unidos, para orar pac\u00edficamente por el fin del aborto en frente de cl\u00ednicas abortistas, durante 24 o 12 horas seguidas durante 40 d\u00edas. \u00bfEn qu\u00e9 consiste\u00a040 d\u00edas por la vida? Es una campa\u00f1a dedicada a\u00a0terminar con el aborto a trav\u00e9s de 40...","og_url":"https:\/\/e-cristians.cat\/es\/colabora-con-40-dias-por-la-vida-en-barcelona-vigilia-pacifica-de-oracion-ayuno-y-comunidad-para-acabar-con-el-aborto\/","og_site_name":"e-Cristians","article_published_time":"2021-03-09T16:19:45+00:00","article_modified_time":"2021-03-09T16:41:24+00:00","og_image":[{"width":1024,"height":768,"url":"https:\/\/e-cristians.cat\/wp-content\/uploads\/2021\/03\/40-dias-por-la-vida.jpg","type":"image\/jpeg"}],"author":"e-Cristians","twitter_card":"summary_large_image","twitter_misc":{"Escrito por":"e-Cristians","Tiempo de lectura":"1 minuto"},"schema":{"@context":"https:\/\/schema.org","@graph":[{"@type":"WebPage","@id":"https:\/\/e-cristians.cat\/es\/colabora-con-40-dias-por-la-vida-en-barcelona-vigilia-pacifica-de-oracion-ayuno-y-comunidad-para-acabar-con-el-aborto\/","url":"https:\/\/e-cristians.cat\/es\/colabora-con-40-dias-por-la-vida-en-barcelona-vigilia-pacifica-de-oracion-ayuno-y-comunidad-para-acabar-con-el-aborto\/","name":"Colabora con \"40 d\u00edas por la vida en Barcelona\": Vig\u00edlia pac\u00edfica de oraci\u00f3n, ayuno y comunidad para acabar con el aborto - e-Cristians","isPartOf":{"@id":"https:\/\/e-cristians.cat\/#website"},"datePublished":"2021-03-09T16:19:45+00:00","dateModified":"2021-03-09T16:41:24+00:00","author":{"@id":"https:\/\/e-cristians.cat\/#\/schema\/person\/f0ec475338e49aaef9c9dc9d9f162861"},"breadcrumb":{"@id":"https:\/\/e-cristians.cat\/es\/colabora-con-40-dias-por-la-vida-en-barcelona-vigilia-pacifica-de-oracion-ayuno-y-comunidad-para-acabar-con-el-aborto\/#breadcrumb"},"inLanguage":"es","potentialAction":[{"@type":"ReadAction","target":["https:\/\/e-cristians.cat\/es\/colabora-con-40-dias-por-la-vida-en-barcelona-vigilia-pacifica-de-oracion-ayuno-y-comunidad-para-acabar-con-el-aborto\/"]}]},{"@type":"BreadcrumbList","@id":"https:\/\/e-cristians.cat\/es\/colabora-con-40-dias-por-la-vida-en-barcelona-vigilia-pacifica-de-oracion-ayuno-y-comunidad-para-acabar-con-el-aborto\/#breadcrumb","itemListElement":[{"@type":"ListItem","position":1,"name":"Inici","item":"https:\/\/e-cristians.cat\/es\/"},{"@type":"ListItem","position":2,"name":"Colabora con \u00ab40 d\u00edas por la vida en Barcelona\u00bb: Vig\u00edlia pac\u00edfica de oraci\u00f3n, ayuno y comunidad para acabar con el aborto"}]},{"@type":"WebSite","@id":"https:\/\/e-cristians.cat\/#website","url":"https:\/\/e-cristians.cat\/","name":"e-Cristians","description":"","potentialAction":[{"@type":"SearchAction","target":{"@type":"EntryPoint","urlTemplate":"https:\/\/e-cristians.cat\/?s={search_term_string}"},"query-input":"required name=search_term_string"}],"inLanguage":"es"},{"@type":"Person","@id":"https:\/\/e-cristians.cat\/#\/schema\/person\/f0ec475338e49aaef9c9dc9d9f162861","name":"e-Cristians","image":{"@type":"ImageObject","inLanguage":"es","@id":"https:\/\/e-cristians.cat\/#\/schema\/person\/image\/","url":"https:\/\/secure.gravatar.com\/avatar\/14bc9e5b0ca69070f1075ad3efcb33c4?s=96&d=mm&r=g","contentUrl":"https:\/\/secure.gravatar.com\/avatar\/14bc9e5b0ca69070f1075ad3efcb33c4?s=96&d=mm&r=g","caption":"e-Cristians"}}]}},"jetpack_sharing_enabled":true,"jetpack_featured_media_url":"https:\/\/e-cristians.cat\/wp-content\/uploads\/2021\/03\/40-dias-por-la-vida.jpg","_links":{"self":[{"href":"https:\/\/e-cristians.cat\/es\/wp-json\/wp\/v2\/posts\/4458"}],"collection":[{"href":"https:\/\/e-cristians.cat\/es\/wp-json\/wp\/v2\/posts"}],"about":[{"href":"https:\/\/e-cristians.cat\/es\/wp-json\/wp\/v2\/types\/post"}],"author":[{"embeddable":true,"href":"https:\/\/e-cristians.cat\/es\/wp-json\/wp\/v2\/users\/2"}],"replies":[{"embeddable":true,"href":"https:\/\/e-cristians.cat\/es\/wp-json\/wp\/v2\/comments?post=4458"}],"version-history":[{"count":13,"href":"https:\/\/e-cristians.cat\/es\/wp-json\/wp\/v2\/posts\/4458\/revisions"}],"predecessor-version":[{"id":4477,"href":"https:\/\/e-cristians.cat\/es\/wp-json\/wp\/v2\/posts\/4458\/revisions\/4477"}],"wp:featuredmedia":[{"embeddable":true,"href":"https:\/\/e-cristians.cat\/es\/wp-json\/wp\/v2\/media\/4461"}],"wp:attachment":[{"href":"https:\/\/e-cristians.cat\/es\/wp-json\/wp\/v2\/media?parent=4458"}],"wp:term":[{"taxonomy":"category","embeddable":true,"href":"https:\/\/e-cristians.cat\/es\/wp-json\/wp\/v2\/categories?post=4458"},{"taxonomy":"post_tag","embeddable":true,"href":"https:\/\/e-cristians.cat\/es\/wp-json\/wp\/v2\/tags?post=4458"}],"curies":[{"name":"wp","href":"https:\/\/api.w.org\/{rel}","templated":true}]}}